{"id":1905,"date":"2011-07-12T11:22:38","date_gmt":"2011-07-12T11:22:38","guid":{"rendered":"http:\/\/onsoftware.softonic.com.br\/?p=1905"},"modified":"2024-03-06T10:26:32","modified_gmt":"2024-03-06T14:26:32","slug":"como-criar-calendario-personalizado","status":"publish","type":"post","link":"https:\/\/cms-articles.softonic.io\/br\/como-criar-calendario-personalizado\/","title":{"rendered":"Como criar um calend\u00e1rio personalizado"},"content":{"rendered":"<p>Eu, que sempre me engano e acho que mesmo na segunda j\u00e1 \u00e9 sexta-feira, n\u00e3o consigo trabalhar sem ter um calend\u00e1rio por perto. Seja o do celular ou o do computador, escondidinho l\u00e1 no canto do rel\u00f3gio. Mas, os que eu gosto mesmo s\u00e3o aqueles de mesa, companheiros fi\u00e9is, que voc\u00ea ganha de brinde de alguma empresa.<\/p>\n<p>Depois que eu descobri o <a href=\"http:\/\/calme.softonic.com.br\/\" target=\"_self\" rel=\"noopener noreferrer\">Calme<\/a> esses calend\u00e1rios impessoais acabaram para mim. O programa \u00e9 uma m\u00e3o na roda para criar calend\u00e1rios personalizados com as fotos que eu escolher. O processo \u00e9 muito simples.<\/p>\n<p>Para come\u00e7ar, selecione o seu pa\u00eds e idioma no menu &#8220;Extras&#8221;. Dessa forma, os nomes dos meses e dos dias da semana aparecer\u00e3o em portugu\u00eas.<\/p>\n<p><!--more--><\/p>\n<p style=\"text-align: center\"><img loading=\"lazy\" decoding=\"async\" class=\"size-full wp-image-1912 aligncenter\" title=\"Criar calend\u00e1rios personalizados\" src=\"https:\/\/articles-img.sftcdn.net\/sft\/articles\/auto-mapping-folder\/sites\/7\/2011\/06\/calme-1.jpg\" alt=\"\" width=\"600\" height=\"413\" srcset=\"https:\/\/articles-img.sftcdn.net\/auto-mapping-folder\/sites\/7\/2011\/06\/calme-1.jpg 600w, https:\/\/articles-img.sftcdn.net\/auto-mapping-folder\/sites\/7\/2011\/06\/calme-1-300x206.jpg 300w\" sizes=\"auto, (max-width: 600px) 100vw, 600px\" \/><\/p>\n<p>A seguir, selecione o tipo de calend\u00e1rio que voc\u00ea prefere usando um dos templates do programa: anual, mensal, semestral, etc.<\/p>\n<p><img loading=\"lazy\" decoding=\"async\" class=\"aligncenter size-full wp-image-1913\" title=\"Calend\u00e1rio anual, mensal, semestral\" src=\"https:\/\/articles-img.sftcdn.net\/sft\/articles\/auto-mapping-folder\/sites\/7\/2011\/06\/calme-2.jpg\" alt=\"\" width=\"600\" height=\"392\" srcset=\"https:\/\/articles-img.sftcdn.net\/auto-mapping-folder\/sites\/7\/2011\/06\/calme-2.jpg 600w, https:\/\/articles-img.sftcdn.net\/auto-mapping-folder\/sites\/7\/2011\/06\/calme-2-300x196.jpg 300w\" sizes=\"auto, (max-width: 600px) 100vw, 600px\" \/><\/p>\n<p>Arraste as imagens que voc\u00ea quer usar para dentro do calend\u00e1rio e defina o tamanho, o tipo de letra, as cores e as bordas da imagem.<\/p>\n<p><img loading=\"lazy\" decoding=\"async\" class=\"aligncenter size-full wp-image-1914\" title=\"Calend\u00e1rio personalizado\" src=\"https:\/\/articles-img.sftcdn.net\/sft\/articles\/auto-mapping-folder\/sites\/7\/2011\/06\/calme-3.jpg\" alt=\"\" width=\"600\" height=\"416\" srcset=\"https:\/\/articles-img.sftcdn.net\/auto-mapping-folder\/sites\/7\/2011\/06\/calme-3.jpg 600w, https:\/\/articles-img.sftcdn.net\/auto-mapping-folder\/sites\/7\/2011\/06\/calme-3-300x208.jpg 300w\" sizes=\"auto, (max-width: 600px) 100vw, 600px\" \/><\/p>\n<p>Para completar o processo no Calme, adicione os feriados da sua regi\u00e3o e outros eventos como anivers\u00e1rios ou datas importantes. O meu calend\u00e1rio para o m\u00eas de junho ficou assim:<\/p>\n<p style=\"text-align: center\"><img loading=\"lazy\" decoding=\"async\" class=\"aligncenter size-full wp-image-1921\" title=\"Calend\u00e1rio 2012\" src=\"https:\/\/articles-img.sftcdn.net\/sft\/articles\/auto-mapping-folder\/sites\/7\/2011\/06\/calme-5.jpg\" alt=\"\" width=\"400\" height=\"513\" srcset=\"https:\/\/articles-img.sftcdn.net\/auto-mapping-folder\/sites\/7\/2011\/06\/calme-5.jpg 400w, https:\/\/articles-img.sftcdn.net\/auto-mapping-folder\/sites\/7\/2011\/06\/calme-5-233x300.jpg 233w\" sizes=\"auto, (max-width: 400px) 100vw, 400px\" \/><\/p>\n","protected":false},"excerpt":{"rendered":"<p>Eu, que sempre me engano e acho que mesmo na segunda j\u00e1 \u00e9 sexta-feira, n\u00e3o consigo trabalhar sem ter um calend\u00e1rio por perto. Seja o do celular ou o do computador, escondidinho l\u00e1 no canto do rel\u00f3gio. Mas, os que eu gosto mesmo s\u00e3o aqueles de mesa, companheiros fi\u00e9is, que voc\u00ea ganha de brinde de &hellip; <a href=\"https:\/\/cms-articles.softonic.io\/br\/como-criar-calendario-personalizado\/\" class=\"more-link\">Continue reading<span class=\"screen-reader-text\"> &#8220;Como criar um calend\u00e1rio personalizado&#8221;<\/span><\/a><\/p>\n","protected":false},"author":6003,"featured_media":0,"comment_status":"open","ping_status":"open","sticky":false,"template":"","format":"standard","meta":{"footnotes":"","wpcf-pageviews":0},"categories":[4081,1],"tags":[],"usertag":[],"vertical":[],"content-category":[],"class_list":["post-1905","post","type-post","status-publish","format-standard","hentry","category-how-to","category-uncategorized"],"aioseo_notices":[],"_links":{"self":[{"href":"https:\/\/cms-articles.softonic.io\/br\/wp-json\/wp\/v2\/posts\/1905","targetHints":{"allow":["GET"]}}],"collection":[{"href":"https:\/\/cms-articles.softonic.io\/br\/wp-json\/wp\/v2\/posts"}],"about":[{"href":"https:\/\/cms-articles.softonic.io\/br\/wp-json\/wp\/v2\/types\/post"}],"author":[{"embeddable":true,"href":"https:\/\/cms-articles.softonic.io\/br\/wp-json\/wp\/v2\/users\/6003"}],"replies":[{"embeddable":true,"href":"https:\/\/cms-articles.softonic.io\/br\/wp-json\/wp\/v2\/comments?post=1905"}],"version-history":[{"count":0,"href":"https:\/\/cms-articles.softonic.io\/br\/wp-json\/wp\/v2\/posts\/1905\/revisions"}],"wp:attachment":[{"href":"https:\/\/cms-articles.softonic.io\/br\/wp-json\/wp\/v2\/media?parent=1905"}],"wp:term":[{"taxonomy":"category","embeddable":true,"href":"https:\/\/cms-articles.softonic.io\/br\/wp-json\/wp\/v2\/categories?post=1905"},{"taxonomy":"post_tag","embeddable":true,"href":"https:\/\/cms-articles.softonic.io\/br\/wp-json\/wp\/v2\/tags?post=1905"},{"taxonomy":"usertag","embeddable":true,"href":"https:\/\/cms-articles.softonic.io\/br\/wp-json\/wp\/v2\/usertag?post=1905"},{"taxonomy":"vertical","embeddable":true,"href":"https:\/\/cms-articles.softonic.io\/br\/wp-json\/wp\/v2\/vertical?post=1905"},{"taxonomy":"content-category","embeddable":true,"href":"https:\/\/cms-articles.softonic.io\/br\/wp-json\/wp\/v2\/content-category?post=1905"}],"curies":[{"name":"wp","href":"https:\/\/api.w.org\/{rel}","templated":true}]}}