{"id":3900,"date":"2011-11-28T10:56:26","date_gmt":"2011-11-28T10:56:26","guid":{"rendered":"http:\/\/onsoftware.softonic.com.br\/?p=3900"},"modified":"2024-03-06T10:24:48","modified_gmt":"2024-03-06T14:24:48","slug":"integrar-facebook-msn","status":"publish","type":"post","link":"https:\/\/cms-articles.softonic.io\/br\/integrar-facebook-msn\/","title":{"rendered":"Como integrar Facebook e Messenger"},"content":{"rendered":"<p><img loading=\"lazy\" decoding=\"async\" class=\"alignright size-full wp-image-3954\" title=\"Integrar Facebook e Messenger\" src=\"https:\/\/articles-img.sftcdn.net\/sft\/articles\/auto-mapping-folder\/sites\/7\/2011\/11\/Integrar-Facebook-e-Messenger.png\" alt=\"\" width=\"197\" height=\"154\" \/>Uma das fun\u00e7\u00f5es do <a href=\"http:\/\/msn-2011.softonic.com.br\/\" target=\"_self\" rel=\"noopener noreferrer\">Windows Live Messenger 2011<\/a> que agradou a muita gente \u00e9 a possibilidade de integrar o chat da Microsoft a redes sociais, principalmente o <a href=\"https:\/\/www.facebook.com\/pages\/Softonic-Brasil\/108382959217263\" target=\"_blank\" rel=\"noopener noreferrer\">Facebook<\/a>. No entanto, por motivos obscuros, os desenvolvedores praticamente esconderam essa fun\u00e7\u00e3o.<\/p>\n<p>Como nossa fun\u00e7\u00e3o \u00e9 encontrar este tipo de coisa, criamos este post para que voc\u00ea saiba onde ativar as <strong>redes sociais no MSN<\/strong>. Se j\u00e1 faz tempo que voc\u00ea gostaria de integrar Facebook e Messenger, chegou o grande dia:<\/p>\n<p><!--more--><\/p>\n<p><strong>1.<\/strong> Na janela principal do Messenger, bem l\u00e1 embaixo, clique em &#8220;Adicionar&#8221; e depois em &#8220;Gerenciar seus servi\u00e7os&#8221;:<\/p>\n<p><img loading=\"lazy\" decoding=\"async\" class=\"aligncenter size-full wp-image-3904\" title=\"Integrar Facebook e MSN 1\" src=\"https:\/\/articles-img.sftcdn.net\/sft\/articles\/auto-mapping-folder\/sites\/7\/2011\/11\/Integrar-Facebook-e-MSN-11.jpg\" alt=\"\" width=\"452\" height=\"161\" srcset=\"https:\/\/articles-img.sftcdn.net\/auto-mapping-folder\/sites\/7\/2011\/11\/Integrar-Facebook-e-MSN-11.jpg 452w, https:\/\/articles-img.sftcdn.net\/auto-mapping-folder\/sites\/7\/2011\/11\/Integrar-Facebook-e-MSN-11-300x106.jpg 300w\" sizes=\"auto, (max-width: 452px) 100vw, 452px\" \/><\/p>\n<p><strong>2.<\/strong> Automaticamente, o <a href=\"http:\/\/www.softonic.com.br\/windows\/navegadores\" target=\"_self\" rel=\"noopener noreferrer\">navegador<\/a> abrir\u00e1 a p\u00e1gina de servi\u00e7os do Windows Live na op\u00e7\u00e3o &#8220;Conectar servi\u00e7os&#8221;. Clique em <strong>&#8220;Conectar um servi\u00e7o&#8221;<\/strong>:<\/p>\n<p><img loading=\"lazy\" decoding=\"async\" class=\"aligncenter size-full wp-image-3905\" title=\"Integrar Facebook e MSN 2\" src=\"https:\/\/articles-img.sftcdn.net\/sft\/articles\/auto-mapping-folder\/sites\/7\/2011\/11\/Integrar-Facebook-e-MSN-2.jpg\" alt=\"\" width=\"600\" height=\"208\" srcset=\"https:\/\/articles-img.sftcdn.net\/auto-mapping-folder\/sites\/7\/2011\/11\/Integrar-Facebook-e-MSN-2.jpg 600w, https:\/\/articles-img.sftcdn.net\/auto-mapping-folder\/sites\/7\/2011\/11\/Integrar-Facebook-e-MSN-2-300x104.jpg 300w\" sizes=\"auto, (max-width: 600px) 100vw, 600px\" \/><\/p>\n<p><strong>3.<\/strong> A pr\u00f3xima p\u00e1gina exibir\u00e1 todas as redes sociais e servi\u00e7os que podem ser integrados ao MSN. Basta clicar no logo do Facebook ou qualquer outro que voc\u00ea queira estabelecer a integra\u00e7\u00e3o:<\/p>\n<p><img loading=\"lazy\" decoding=\"async\" class=\"aligncenter size-full wp-image-3906\" title=\"Integrar Facebook e MSN 3\" src=\"https:\/\/articles-img.sftcdn.net\/sft\/articles\/auto-mapping-folder\/sites\/7\/2011\/11\/Integrar-Facebook-e-MSN-3.jpg\" alt=\"\" width=\"606\" height=\"301\" srcset=\"https:\/\/articles-img.sftcdn.net\/auto-mapping-folder\/sites\/7\/2011\/11\/Integrar-Facebook-e-MSN-3.jpg 606w, https:\/\/articles-img.sftcdn.net\/auto-mapping-folder\/sites\/7\/2011\/11\/Integrar-Facebook-e-MSN-3-300x149.jpg 300w\" sizes=\"auto, (max-width: 606px) 100vw, 606px\" \/><\/p>\n<p><strong>4.<\/strong> Falta pouco! O MSN oferece algumas op\u00e7\u00f5es de configura\u00e7\u00e3o para o Facebook. Escolha as que quer integrar e clique em <strong>&#8220;Conecte-se com o Facebook&#8221;<\/strong>:<\/p>\n<p><img loading=\"lazy\" decoding=\"async\" class=\"aligncenter size-full wp-image-3907\" title=\"Integrar Facebook e MSN 4\" src=\"https:\/\/articles-img.sftcdn.net\/sft\/articles\/auto-mapping-folder\/sites\/7\/2011\/11\/Integrar-Facebook-e-MSN-4.jpg\" alt=\"\" width=\"577\" height=\"491\" srcset=\"https:\/\/articles-img.sftcdn.net\/auto-mapping-folder\/sites\/7\/2011\/11\/Integrar-Facebook-e-MSN-4.jpg 577w, https:\/\/articles-img.sftcdn.net\/auto-mapping-folder\/sites\/7\/2011\/11\/Integrar-Facebook-e-MSN-4-300x255.jpg 300w\" sizes=\"auto, (max-width: 577px) 100vw, 577px\" \/><\/p>\n<p><strong>5.<\/strong> \u00daltimo passo: insira seu e-mail e senha do Facebook, clique em entrar e pronto:<\/p>\n<p><img loading=\"lazy\" decoding=\"async\" class=\"aligncenter size-full wp-image-3909\" title=\"Integrar Facebook e MSN 5\" src=\"https:\/\/articles-img.sftcdn.net\/sft\/articles\/auto-mapping-folder\/sites\/7\/2011\/11\/Integrar-Facebook-e-MSN-5.jpg\" alt=\"\" width=\"450\" height=\"457\" srcset=\"https:\/\/articles-img.sftcdn.net\/auto-mapping-folder\/sites\/7\/2011\/11\/Integrar-Facebook-e-MSN-5.jpg 450w, https:\/\/articles-img.sftcdn.net\/auto-mapping-folder\/sites\/7\/2011\/11\/Integrar-Facebook-e-MSN-5-295x300.jpg 295w\" sizes=\"auto, (max-width: 450px) 100vw, 450px\" \/><\/p>\n<p><strong>Agora, al\u00e9m do papo com os amigos no Messenger, voc\u00ea tamb\u00e9m encontra a galera do Facebook.<\/strong><\/p>\n","protected":false},"excerpt":{"rendered":"<p>Uma das fun\u00e7\u00f5es do Windows Live Messenger 2011 que agradou a muita gente \u00e9 a possibilidade de integrar o chat da Microsoft a redes sociais, principalmente o Facebook. No entanto, por motivos obscuros, os desenvolvedores praticamente esconderam essa fun\u00e7\u00e3o. Como nossa fun\u00e7\u00e3o \u00e9 encontrar este tipo de coisa, criamos este post para que voc\u00ea saiba &hellip; <a href=\"https:\/\/cms-articles.softonic.io\/br\/integrar-facebook-msn\/\" class=\"more-link\">Continue reading<span class=\"screen-reader-text\"> &#8220;Como integrar Facebook e Messenger&#8221;<\/span><\/a><\/p>\n","protected":false},"author":6006,"featured_media":0,"comment_status":"open","ping_status":"open","sticky":false,"template":"","format":"standard","meta":{"footnotes":"","wpcf-pageviews":0},"categories":[4081,1],"tags":[4093,405,404],"usertag":[],"vertical":[],"content-category":[],"class_list":["post-3900","post","type-post","status-publish","format-standard","hentry","category-how-to","category-uncategorized","tag-app-subdomain-redirectionfacebook","tag-facebook-no-messenger","tag-integrar-msn-e-facebook"],"aioseo_notices":[],"_links":{"self":[{"href":"https:\/\/cms-articles.softonic.io\/br\/wp-json\/wp\/v2\/posts\/3900","targetHints":{"allow":["GET"]}}],"collection":[{"href":"https:\/\/cms-articles.softonic.io\/br\/wp-json\/wp\/v2\/posts"}],"about":[{"href":"https:\/\/cms-articles.softonic.io\/br\/wp-json\/wp\/v2\/types\/post"}],"author":[{"embeddable":true,"href":"https:\/\/cms-articles.softonic.io\/br\/wp-json\/wp\/v2\/users\/6006"}],"replies":[{"embeddable":true,"href":"https:\/\/cms-articles.softonic.io\/br\/wp-json\/wp\/v2\/comments?post=3900"}],"version-history":[{"count":0,"href":"https:\/\/cms-articles.softonic.io\/br\/wp-json\/wp\/v2\/posts\/3900\/revisions"}],"wp:attachment":[{"href":"https:\/\/cms-articles.softonic.io\/br\/wp-json\/wp\/v2\/media?parent=3900"}],"wp:term":[{"taxonomy":"category","embeddable":true,"href":"https:\/\/cms-articles.softonic.io\/br\/wp-json\/wp\/v2\/categories?post=3900"},{"taxonomy":"post_tag","embeddable":true,"href":"https:\/\/cms-articles.softonic.io\/br\/wp-json\/wp\/v2\/tags?post=3900"},{"taxonomy":"usertag","embeddable":true,"href":"https:\/\/cms-articles.softonic.io\/br\/wp-json\/wp\/v2\/usertag?post=3900"},{"taxonomy":"vertical","embeddable":true,"href":"https:\/\/cms-articles.softonic.io\/br\/wp-json\/wp\/v2\/vertical?post=3900"},{"taxonomy":"content-category","embeddable":true,"href":"https:\/\/cms-articles.softonic.io\/br\/wp-json\/wp\/v2\/content-category?post=3900"}],"curies":[{"name":"wp","href":"https:\/\/api.w.org\/{rel}","templated":true}]}}