{"id":40544,"date":"2014-10-09T16:10:18","date_gmt":"2014-10-09T14:10:18","guid":{"rendered":"http:\/\/onsoftware.softonic.com.br\/?p=40544"},"modified":"2024-03-06T11:23:45","modified_gmt":"2024-03-06T15:23:45","slug":"instagram-publicidade-2015-facebook","status":"publish","type":"post","link":"https:\/\/cms-articles.softonic.io\/br\/instagram-publicidade-2015-facebook\/","title":{"rendered":"Vers\u00e3o brasileira do Instagram ter\u00e1 publicidade a partir de 2015"},"content":{"rendered":"<p>O Facebook bateu o martelo e est\u00e1 decidido: a vers\u00e3o brasileira do Instagram passar\u00e1 a <strong>exibir imagens publicit\u00e1rias a partir de 2015<\/strong>, mas sem um m\u00eas definido. A informa\u00e7\u00e3o \u00e9 do jornal Valor Econ\u00f4mico.<\/p>\n<p>Os detalhes sobre o modelo de neg\u00f3cios para a venda de an\u00fancios n\u00e3o foram divulgados. No entanto, de acordo com Leonardo Trist\u00e3o, diretor-geral do Facebook no Brasil, as ag\u00eancias de publicidade ter\u00e3o um papel importante no processo. Segundo ele, o objetivo &#8220;\u00e9 <strong>estimular campanhas criativas<\/strong>, que s\u00f3 as ag\u00eancias conseguem desenvolver&#8221;.<\/p>\n<p>Ainda segundo o Valor,<strong> o mercado brasileiro est\u00e1 entre os cinco mais importantes para o Instagram<\/strong>, que hoje conta com mais de 200 milh\u00f5es de usu\u00e1rios espalhados pelo mundo, al\u00e9m de pertencer ao Facebook h\u00e1 dois anos.<\/p>\n<p style=\"text-align: right\"><em>[Fonte: <a href=\"http:\/\/www.valor.com.br\/impresso\" target=\"_blank\" rel=\"noopener noreferrer\">Valor Econ\u00f4mico<\/a> via <a href=\"http:\/\/portal.comunique-se.com.br\/index.php\/comunicacao\/75361-instagram-vai-exibir-publicidade-no-pais-a-partir-de-2015-info\" target=\"_blank\" rel=\"noopener noreferrer\">Comunique-se<\/a>]<\/em><\/p>\n<h4>Leia tamb\u00e9m<\/p>\n<ul>\n<li><a href=\"http:\/\/artigos.softonic.com.br\/instagram-dicas-seguir-usuarios-interessantes\" title=\"Instagram: 5 dicas para encontrar usu\u00e1rios interessantes de seguir\">Instagram: 5 dicas para encontrar usu\u00e1rios interessantes de seguir<\/a><\/li>\n<li><a href=\"http:\/\/artigos.softonic.com.br\/instagram-guia-completo-como-republicar-fotos-outras-pessoas\" title=\"Instagram - O guia completo: como republicar fotos de outras pessoas\">Instagram: como republicar fotos de outras pessoas<\/a><\/li>\n<li><a href=\"http:\/\/artigos.softonic.com.br\/comparativo-videos-vine-instagram\" title=\"Vine vs. Instagram\">[Comparativo] Vine vs. Instagram<\/a><\/li>\n<\/ul>\n<\/h4>\n<p>\nAcompanhe o Softonic nas redes sociais: curta a <a href=\"https:\/\/www.facebook.com\/SoftonicBrasil\">fanpage do Softonic<\/a> no Facebook e siga <a href=\"https:\/\/twitter.com\/softonic_br\">@softonic_br<\/a> no Twitter.<\/p>\n","protected":false},"excerpt":{"rendered":"<p>O Facebook bateu o martelo e est\u00e1 decidido: a vers\u00e3o brasileira do Instagram passar\u00e1 a exibir imagens publicit\u00e1rias a partir de 2015, mas sem um m\u00eas definido. A informa\u00e7\u00e3o \u00e9 do jornal Valor Econ\u00f4mico. Os detalhes sobre o modelo de neg\u00f3cios para a venda de an\u00fancios n\u00e3o foram divulgados. No entanto, de acordo com Leonardo &hellip; <a href=\"https:\/\/cms-articles.softonic.io\/br\/instagram-publicidade-2015-facebook\/\" class=\"more-link\">Continue reading<span class=\"screen-reader-text\"> &#8220;Vers\u00e3o brasileira do Instagram ter\u00e1 publicidade a partir de 2015&#8221;<\/span><\/a><\/p>\n","protected":false},"author":6025,"featured_media":40556,"comment_status":"open","ping_status":"open","sticky":false,"template":"","format":"standard","meta":{"footnotes":"","wpcf-pageviews":1},"categories":[1],"tags":[4100],"usertag":[],"vertical":[],"content-category":[],"class_list":["post-40544","post","type-post","status-publish","format-standard","has-post-thumbnail","hentry","category-uncategorized","tag-app-subdomain-redirectioninstagram"],"aioseo_notices":[],"_links":{"self":[{"href":"https:\/\/cms-articles.softonic.io\/br\/wp-json\/wp\/v2\/posts\/40544","targetHints":{"allow":["GET"]}}],"collection":[{"href":"https:\/\/cms-articles.softonic.io\/br\/wp-json\/wp\/v2\/posts"}],"about":[{"href":"https:\/\/cms-articles.softonic.io\/br\/wp-json\/wp\/v2\/types\/post"}],"author":[{"embeddable":true,"href":"https:\/\/cms-articles.softonic.io\/br\/wp-json\/wp\/v2\/users\/6025"}],"replies":[{"embeddable":true,"href":"https:\/\/cms-articles.softonic.io\/br\/wp-json\/wp\/v2\/comments?post=40544"}],"version-history":[{"count":0,"href":"https:\/\/cms-articles.softonic.io\/br\/wp-json\/wp\/v2\/posts\/40544\/revisions"}],"wp:featuredmedia":[{"embeddable":true,"href":"https:\/\/cms-articles.softonic.io\/br\/wp-json\/wp\/v2\/media\/40556"}],"wp:attachment":[{"href":"https:\/\/cms-articles.softonic.io\/br\/wp-json\/wp\/v2\/media?parent=40544"}],"wp:term":[{"taxonomy":"category","embeddable":true,"href":"https:\/\/cms-articles.softonic.io\/br\/wp-json\/wp\/v2\/categories?post=40544"},{"taxonomy":"post_tag","embeddable":true,"href":"https:\/\/cms-articles.softonic.io\/br\/wp-json\/wp\/v2\/tags?post=40544"},{"taxonomy":"usertag","embeddable":true,"href":"https:\/\/cms-articles.softonic.io\/br\/wp-json\/wp\/v2\/usertag?post=40544"},{"taxonomy":"vertical","embeddable":true,"href":"https:\/\/cms-articles.softonic.io\/br\/wp-json\/wp\/v2\/vertical?post=40544"},{"taxonomy":"content-category","embeddable":true,"href":"https:\/\/cms-articles.softonic.io\/br\/wp-json\/wp\/v2\/content-category?post=40544"}],"curies":[{"name":"wp","href":"https:\/\/api.w.org\/{rel}","templated":true}]}}