{"id":4280,"date":"2011-12-20T08:55:13","date_gmt":"2011-12-20T08:55:13","guid":{"rendered":"http:\/\/onsoftware.softonic.com.br\/?p=4280"},"modified":"2024-03-06T10:24:33","modified_gmt":"2024-03-06T14:24:33","slug":"ativar-linha-do-tempo-facebook","status":"publish","type":"post","link":"https:\/\/cms-articles.softonic.io\/br\/ativar-linha-do-tempo-facebook\/","title":{"rendered":"Como ativar a nova Timeline no Facebook"},"content":{"rendered":"<p><img loading=\"lazy\" decoding=\"async\" class=\"alignright size-full wp-image-9188\" title=\"Ativar Linha do Tempo do Facebook\" src=\"https:\/\/articles-img.sftcdn.net\/sft\/articles\/auto-mapping-folder\/sites\/7\/2011\/12\/Ativar-Linha-do-Tempo-do-Facebook.png\" alt=\"\" width=\"167\" height=\"167\" \/>H\u00e1 algum tempo, o Facebook <a href=\"https:\/\/blog.facebook.com\/blog.php?post=10150408488962131\" target=\"_blank\" rel=\"noopener noreferrer\">anunciou em seu blog<\/a> que a nova fun\u00e7\u00e3o &#8220;Linha do Tempo&#8221; j\u00e1 est\u00e1 dispon\u00edvel mundialmente. A Linha do Tempo nada mais \u00e9 do que uma forma diferente de exibir o seu perfil.<\/p>\n<p>Tamb\u00e9m conhecida por Timeline, esta nova fun\u00e7\u00e3o permite que voc\u00ea tenha um hist\u00f3rico completo de toda a sua atividade no Facebook.<\/p>\n<p>Na p\u00e1gina do <a href=\"https:\/\/www.facebook.com\/SoftonicBrasil\" target=\"_blank\" rel=\"noopener noreferrer\">Softonic Brasil no Facebook<\/a> voc\u00ea tem informa\u00e7\u00f5es sobre, por exemplo, os <strong>fatos e acontecimentos<\/strong> mais importantes ocorridos desde a nossa funda\u00e7\u00e3o, em 1997 :-O<\/p>\n<p><!--more--><\/p>\n<div style=\"width: 320px;float: right;padding: 0pt 0pt 10px;margin: 0pt 0pt 0pt 15px;background-color: #e3f0e3;border: 1px solid #bed1e4;text-align: left\">\n<div style=\"background-color: #bed1e4;padding: 2px 15px 2px 15px\"><strong>Leia tamb\u00e9m<\/strong><\/div>\n<ul>\n<li><a href=\"http:\/\/onsoftware.softonic.com.br\/como-mudar-cor-facebook\">Como mudar a cor do seu Facebook<\/a><\/li>\n<li><a href=\"http:\/\/onsoftware.softonic.com.br\/tirar-propaganda-facebook\">Como tirar a propaganda do Facebook<\/a><\/li>\n<li><a href=\"http:\/\/onsoftware.softonic.com.br\/guia-definitivo-facebook\">Tudo sobre o Facebook<\/a><\/li>\n<\/ul>\n<\/div>\n<p>A Linha do Tempo transforma a p\u00e1gina do seu perfil na <strong>&#8220;hist\u00f3ria da sua vida&#8221;<\/strong>. N\u00e3o aguenta mais esperar e quer usar a Linha do Tempo j\u00e1?<\/p>\n<p>Ent\u00e3o, veja como ativ\u00e1-la, mas n\u00e3o esque\u00e7a: esta fun\u00e7\u00e3o est\u00e1 sendo <strong>liberada gradativamente<\/strong> e <strong>n\u00e3o s\u00e3o todos os perfis que t\u00eam a Linha do Tempo <\/strong>dispon\u00edvel.<\/p>\n<p>Se este for o seu caso, tenha <strong>um pouco de paci\u00eancia<\/strong> que logo, logo a sua Linha do Tempo ser\u00e1 disponibilizada.<\/p>\n<p><strong>1.<\/strong> Abra o seu <a href=\"http:\/\/www.softonic.com.br\/windows\/navegadores\" target=\"_blank\" rel=\"noopener noreferrer\">navegador<\/a> e digite: <a href=\"https:\/\/www.facebook.com\/about\/timeline\" target=\"_blank\" rel=\"noopener noreferrer\">www.facebook.com\/about\/timeline<\/a>. Se voc\u00ea n\u00e3o tiver feito o login, o Facebook pedir\u00e1 que voc\u00ea o fa\u00e7a agora:<\/p>\n<p style=\"text-align: center\"><img loading=\"lazy\" decoding=\"async\" class=\"aligncenter size-full wp-image-4282\" title=\"Ativar Linha do Tempo no Facebook 1\" src=\"https:\/\/articles-img.sftcdn.net\/sft\/articles\/auto-mapping-folder\/sites\/7\/2011\/12\/Ativar-Linha-doTempo-no-Facebook-1.jpg\" alt=\"\" width=\"590\" height=\"226\" srcset=\"https:\/\/articles-img.sftcdn.net\/auto-mapping-folder\/sites\/7\/2011\/12\/Ativar-Linha-doTempo-no-Facebook-1.jpg 590w, https:\/\/articles-img.sftcdn.net\/auto-mapping-folder\/sites\/7\/2011\/12\/Ativar-Linha-doTempo-no-Facebook-1-300x114.jpg 300w\" sizes=\"auto, (max-width: 590px) 100vw, 590px\" \/><\/p>\n<p><strong>2.<\/strong> O Facebook criou uma p\u00e1gina especial, com explica\u00e7\u00f5es detalhadas de todas as fun\u00e7\u00f5es da Linha do Tempo. Esta p\u00e1gina tem uma barra inferior com as op\u00e7\u00f5es &#8220;Capa&#8221;, &#8220;Hist\u00f3rias&#8221; e &#8220;Aplicativos. Tamb\u00e9m h\u00e1 um <strong>bot\u00e3o verde<\/strong> que exibe <strong>&#8220;Obter a Linha do Tempo&#8221;<\/strong>. \u00c9 nele que voc\u00ea deve clicar:<\/p>\n<p style=\"text-align: center\"><img loading=\"lazy\" decoding=\"async\" class=\"aligncenter size-full wp-image-4320\" title=\"Ativar Linha do Tempo no Facebook 2\" src=\"https:\/\/articles-img.sftcdn.net\/sft\/articles\/auto-mapping-folder\/sites\/7\/2011\/12\/Ativar-Linha-doTempo-no-Facebook-2.jpg\" alt=\"\" width=\"600\" height=\"342\" srcset=\"https:\/\/articles-img.sftcdn.net\/auto-mapping-folder\/sites\/7\/2011\/12\/Ativar-Linha-doTempo-no-Facebook-2.jpg 600w, https:\/\/articles-img.sftcdn.net\/auto-mapping-folder\/sites\/7\/2011\/12\/Ativar-Linha-doTempo-no-Facebook-2-300x171.jpg 300w\" sizes=\"auto, (max-width: 600px) 100vw, 600px\" \/><\/p>\n<p><strong>3.<\/strong> A pr\u00f3xima tela mostra o seu perfil j\u00e1 com a Linha do Tempo aplicada e com um <strong>aviso na parte superior<\/strong>.<\/p>\n<p style=\"text-align: center\"><img loading=\"lazy\" decoding=\"async\" class=\"aligncenter size-full wp-image-4321\" title=\"Ativar Linha do Tempo no Facebook 3\" src=\"https:\/\/articles-img.sftcdn.net\/sft\/articles\/auto-mapping-folder\/sites\/7\/2011\/12\/Ativar-Linha-doTempo-no-Facebook-3.jpg\" alt=\"\" width=\"600\" height=\"260\" srcset=\"https:\/\/articles-img.sftcdn.net\/auto-mapping-folder\/sites\/7\/2011\/12\/Ativar-Linha-doTempo-no-Facebook-3.jpg 600w, https:\/\/articles-img.sftcdn.net\/auto-mapping-folder\/sites\/7\/2011\/12\/Ativar-Linha-doTempo-no-Facebook-3-300x130.jpg 300w\" sizes=\"auto, (max-width: 600px) 100vw, 600px\" \/><\/p>\n<p>Aqui, \u00e9\u00a0 importante prestar aten\u00e7\u00e3o em dois detalhes:<\/p>\n<p>&#8211; <strong>Voc\u00ea precisa configurar<\/strong> o que quer ou n\u00e3o exibir na Linha do Tempo;<\/p>\n<p>&#8211; Se voc\u00ea clicar em &#8220;Publicar Agora&#8221;, sua Linha do Tempo entra no ar imediatamente. Se n\u00e3o, em sete dias a Linha do Tempo seja publicada.<\/p>\n<h4>Aten\u00e7\u00e3o: a a\u00e7\u00e3o de publicar a Linha do Tempo \u00e9 irrevers\u00edvel. Ou seja: clicou em publicar, j\u00e1 era!<\/h4>\n<p><strong>4.<\/strong> Se voc\u00ea tem certeza, senta o dedo no mouse e mude a sua p\u00e1gina de perfil. Um novo aviso \u00e9 exibido confirmando que a Linha do Tempo j\u00e1 est\u00e1 ativa:<\/p>\n<p style=\"text-align: center\"><img loading=\"lazy\" decoding=\"async\" class=\"aligncenter size-full wp-image-4322\" title=\"Ativar Linha do Tempo no Facebook 4\" src=\"https:\/\/articles-img.sftcdn.net\/sft\/articles\/auto-mapping-folder\/sites\/7\/2011\/12\/Ativar-Linha-doTempo-no-Facebook-4.jpg\" alt=\"\" width=\"600\" height=\"226\" srcset=\"https:\/\/articles-img.sftcdn.net\/auto-mapping-folder\/sites\/7\/2011\/12\/Ativar-Linha-doTempo-no-Facebook-4.jpg 600w, https:\/\/articles-img.sftcdn.net\/auto-mapping-folder\/sites\/7\/2011\/12\/Ativar-Linha-doTempo-no-Facebook-4-300x113.jpg 300w\" sizes=\"auto, (max-width: 600px) 100vw, 600px\" \/><\/p>\n<p><strong>Agora, s\u00f3 falta configurar a Linha do Tempo direitinho e ter um perfil bonit\u00e3o no <a href=\"https:\/\/www.facebook.com\/pages\/Softonic-Brasil\/108382959217263\" target=\"_blank\" rel=\"noopener noreferrer\">Facebook<\/a>.<\/strong><\/p>\n","protected":false},"excerpt":{"rendered":"<p>H\u00e1 algum tempo, o Facebook anunciou em seu blog que a nova fun\u00e7\u00e3o &#8220;Linha do Tempo&#8221; j\u00e1 est\u00e1 dispon\u00edvel mundialmente. A Linha do Tempo nada mais \u00e9 do que uma forma diferente de exibir o seu perfil. Tamb\u00e9m conhecida por Timeline, esta nova fun\u00e7\u00e3o permite que voc\u00ea tenha um hist\u00f3rico completo de toda a sua &hellip; <a href=\"https:\/\/cms-articles.softonic.io\/br\/ativar-linha-do-tempo-facebook\/\" class=\"more-link\">Continue reading<span class=\"screen-reader-text\"> &#8220;Como ativar a nova Timeline no Facebook&#8221;<\/span><\/a><\/p>\n","protected":false},"author":6006,"featured_media":0,"comment_status":"open","ping_status":"open","sticky":false,"template":"","format":"standard","meta":{"footnotes":"","wpcf-pageviews":0},"categories":[4081,1],"tags":[4093,422,423,424],"usertag":[],"vertical":[],"content-category":[],"class_list":["post-4280","post","type-post","status-publish","format-standard","hentry","category-how-to","category-uncategorized","tag-app-subdomain-redirectionfacebook","tag-ativar-linha-do-tempo","tag-linha-do-tempo-facebook","tag-timeline-facebook"],"aioseo_notices":[],"_links":{"self":[{"href":"https:\/\/cms-articles.softonic.io\/br\/wp-json\/wp\/v2\/posts\/4280","targetHints":{"allow":["GET"]}}],"collection":[{"href":"https:\/\/cms-articles.softonic.io\/br\/wp-json\/wp\/v2\/posts"}],"about":[{"href":"https:\/\/cms-articles.softonic.io\/br\/wp-json\/wp\/v2\/types\/post"}],"author":[{"embeddable":true,"href":"https:\/\/cms-articles.softonic.io\/br\/wp-json\/wp\/v2\/users\/6006"}],"replies":[{"embeddable":true,"href":"https:\/\/cms-articles.softonic.io\/br\/wp-json\/wp\/v2\/comments?post=4280"}],"version-history":[{"count":0,"href":"https:\/\/cms-articles.softonic.io\/br\/wp-json\/wp\/v2\/posts\/4280\/revisions"}],"wp:attachment":[{"href":"https:\/\/cms-articles.softonic.io\/br\/wp-json\/wp\/v2\/media?parent=4280"}],"wp:term":[{"taxonomy":"category","embeddable":true,"href":"https:\/\/cms-articles.softonic.io\/br\/wp-json\/wp\/v2\/categories?post=4280"},{"taxonomy":"post_tag","embeddable":true,"href":"https:\/\/cms-articles.softonic.io\/br\/wp-json\/wp\/v2\/tags?post=4280"},{"taxonomy":"usertag","embeddable":true,"href":"https:\/\/cms-articles.softonic.io\/br\/wp-json\/wp\/v2\/usertag?post=4280"},{"taxonomy":"vertical","embeddable":true,"href":"https:\/\/cms-articles.softonic.io\/br\/wp-json\/wp\/v2\/vertical?post=4280"},{"taxonomy":"content-category","embeddable":true,"href":"https:\/\/cms-articles.softonic.io\/br\/wp-json\/wp\/v2\/content-category?post=4280"}],"curies":[{"name":"wp","href":"https:\/\/api.w.org\/{rel}","templated":true}]}}