{"id":51179,"date":"2023-11-13T10:21:17","date_gmt":"2023-11-13T09:21:17","guid":{"rendered":"https:\/\/sftarticles.wpenginepowered.com\/es\/?p=314833"},"modified":"2024-03-09T04:00:00","modified_gmt":"2024-03-09T08:00:00","slug":"rumores-ipad-2024","status":"publish","type":"post","link":"https:\/\/cms-articles.softonic.io\/br\/rumores-ipad-2024\/","title":{"rendered":"A Apple est\u00e1 preparando uma grande atualiza\u00e7\u00e3o para todos os iPads: rumores d\u00e3o uma data e algumas especifica\u00e7\u00f5es muito interessantes"},"content":{"rendered":"\n<p class=\"wp-block-paragraph\">A Apple parece estar se preparando para uma impressionante renova\u00e7\u00e3o de toda a linha de iPads em 2024. De acordo com o renomado analista da Apple, Ming-Chi Kuo, e corroborado por outras fontes como a Bloomberg, a empresa tem planos realmente ambiciosos para atualizar todos os modelos existentes de iPads, incluindo uma vers\u00e3o renovada do iPad Air de 10,9 polegadas e <strong>a apresenta\u00e7\u00e3o de um novo iPad Air de 12,9 polegadas<\/strong>.<\/p>\n\n\n\n<!--more-->\n\n\n<div class=\"sc-card-program\">\r\n  <div class=\"sc-card-program__body\">\r\n    <div class=\"sc-card-program__row clearfix\">\r\n      <div class=\"sc-card-program__col-logo\">\r\n        <img decoding=\"async\" class=\"sc-card-program__img\" src=\"https:\/\/images.sftcdn.net\/images\/t_app-icon-m\/p\/14e1eeac-9b2c-11e6-8c57-00163ec9f5fa\/2119089476\/apple-store-logo\" alt=\"Apple Store\" width=\"100px\" height=\"100px\">\r\n      <\/div>\r\n      <div class=\"sc-card-program__col-title\">\r\n        <span class=\"sc-card-program__title\">Apple Store<\/span>\r\n        <a class=\"sc-card-program__button sc-card-program-internal\" href=\"https:\/\/apple-store.en.softonic.com\/iphone\" target=\"_blank\" rel=\"noopener noreferrer\">Download<\/a>\r\n      <\/div>\r\n      <div class=\"sc-card-program__col-rating\">\r\n        <svg class=\"rating-score__content\" xmlns=\"http:\/\/www.w3.org\/2000\/svg\" version=\"1.1\" x=\"0\" y=\"0\" viewbox=\"0 0 50 50\" enable-background=\"new 0 0 50 50\" xml:space=\"preserve\"><path class=\"rating-score__background rating-score--good\" fill=\"none\" stroke-width=\"6\" stroke-miterlimit=\"10\" d=\"M40 40c8.3-8.3 8.3-21.7 0-30s-21.7-8.3-30 0 -8.3 21.7 0 30\"><\/path><path class=\"rating-score__value rating-score__value--0\" fill=\"none\" stroke-width=\"6\" stroke-dashoffset=\"0\" stroke-miterlimit=\"10\" d=\"M40 40c8.3-8.3 8.3-21.7 0-30s-21.7-8.3-30 0 -8.3 21.7 0 30\"><\/path><text class=\"rating-score__number\" content=\"\" text-anchor=\"middle\" transform=\"matrix(1 0 0 1 25 31.0837)\" data-auto=\"app-user-score\"><\/text><\/svg>\r\n      <\/div>\r\n    <\/div>\r\n    <div class=\"sc-card-program__row\">\r\n      <span class=\"sc-card-program__description\"><\/span>\r\n    <\/div>\r\n    <div class=\"sc-card-program__row\">\r\n      <img decoding=\"async\" class=\"sc-card-program__bigpic\" src=\"\" onerror=\"this.style.display='none'\">\r\n    <\/div>\r\n    <a class=\"sc-card-program__link track-link sc-card-program-internal\" href=\"https:\/\/apple-store.en.softonic.com\/iphone\" target=\"_blank\" rel=\"noopener noreferrer\"><\/a>\r\n  <\/div>\r\n<\/div>\n\n\n\n<h2 class=\"wp-block-heading\">Uma renova\u00e7\u00e3o completa ao longo do pr\u00f3ximo ano<\/h2>\n\n\n\n<p class=\"wp-block-paragraph\">O foco desta nova onda de iPads parece estar na melhoria significativa de suas caracter\u00edsticas t\u00e9cnicas. <a href=\"https:\/\/medium.com\/@mingchikuo\/2024%E5%B9%B4%E6%96%B0%E6%AC%BEipad%E6%A9%9F%E5%9E%8B%E8%88%87%E9%87%8F%E7%94%A2%E6%99%82%E7%A8%8B%E9%A0%90%E6%B8%AC-predictions-for-new-ipad-models-and-production-timeline-in-2024-650a5fc9bbee\" target=\"_blank\" rel=\"noopener\" title=\"Kuo prev\u00ea\">Kuo prev\u00ea<\/a> que o novo iPad Air de 12,9 polegadas contar\u00e1 com uma tela LCD aprimorada, utilizando um painel de \u00f3xido, uma tecnologia que <strong>promete melhorar o desempenho da tela<\/strong> em compara\u00e7\u00e3o com o atual iPad Air de 10,9 polegadas, que utiliza um painel a-Si.<\/p>\n\n\n\n<figure class=\"wp-block-embed is-type-video is-provider-youtube wp-block-embed-youtube wp-block-embed-YouTube wp-embed-aspect-16-9 wp-has-aspect-ratio\"><div class=\"wp-block-embed__wrapper\">\n<iframe loading=\"lazy\" title=\"Conhe\u00e7a os novos iPad e iPad Pro | Apple\" width=\"840\" height=\"473\" src=\"https:\/\/www.youtube.com\/embed\/cozzh8A9LYM?feature=oembed\" frameborder=\"0\" allow=\"accelerometer; autoplay; clipboard-write; encrypted-media; gyroscope; picture-in-picture; web-share\" allowfullscreen><\/iframe>\n<\/div><\/figure>\n\n\n\n<p class=\"wp-block-paragraph\">A Apple lan\u00e7ou (quase) um iPad de 14 polegadas, mas esse projeto n\u00e3o foi adiante. No entanto, parece que agora alcan\u00e7aremos um tamanho maior na fam\u00edlia Air. Este novo modelo, no entanto<strong>, n\u00e3o incorporar\u00e1 a tecnologia mini-LED presente nos modelos atuais do iPad Pro<\/strong>, mas a melhoria na tela ser\u00e1 not\u00e1vel. Esta renova\u00e7\u00e3o est\u00e1 prevista para o primeiro trimestre do pr\u00f3ximo ano.<\/p>\n\n\n\n<p class=\"wp-block-paragraph\">A pr\u00f3xima grande atualiza\u00e7\u00e3o, <strong>planejada para o segundo trimestre de 2024<\/strong>, estar\u00e1 focada nos modelos de iPad Pro. Esses dispositivos receber\u00e3o n\u00e3o apenas um novo design de chassi, mas tamb\u00e9m a introdu\u00e7\u00e3o do chip M3 e, pela primeira vez em um iPad, uma tela OLED. Esta atualiza\u00e7\u00e3o promete ser um salto significativo em termos de qualidade de visualiza\u00e7\u00e3o e efici\u00eancia energ\u00e9tica, superando at\u00e9 mesmo as atuais telas mini-LED.<\/p>\n\n\n\n<p class=\"wp-block-paragraph\">Por fim, para <strong>a segunda metade de 2024<\/strong>, a Apple planeja atualizar os modelos mais acess\u00edveis de sua linha, com novas vers\u00f5es do iPad mini e do iPad de educa\u00e7\u00e3o, atualmente em sua d\u00e9cima gera\u00e7\u00e3o. Esta atualiza\u00e7\u00e3o tamb\u00e9m implicar\u00e1 na descontinua\u00e7\u00e3o do iPad de 9\u00aa gera\u00e7\u00e3o, que ainda \u00e9 oferecido junto com o modelo de 10\u00aa gera\u00e7\u00e3o. Essas mudan\u00e7as tamb\u00e9m incluem a transi\u00e7\u00e3o completa dos portos Lightning para USB-C na linha do iPad.<\/p>\n\n\n<div class=\"sc-card-program\">\r\n  <div class=\"sc-card-program__body\">\r\n    <div class=\"sc-card-program__row clearfix\">\r\n      <div class=\"sc-card-program__col-logo\">\r\n        <img decoding=\"async\" class=\"sc-card-program__img\" src=\"https:\/\/images.sftcdn.net\/images\/t_app-icon-m\/p\/14e1eeac-9b2c-11e6-8c57-00163ec9f5fa\/2119089476\/apple-store-logo\" alt=\"Apple Store\" width=\"100px\" height=\"100px\">\r\n      <\/div>\r\n      <div class=\"sc-card-program__col-title\">\r\n        <span class=\"sc-card-program__title\">Apple Store<\/span>\r\n        <a class=\"sc-card-program__button sc-card-program-internal\" href=\"https:\/\/apple-store.en.softonic.com\/iphone\" target=\"_blank\" rel=\"noopener noreferrer\">Download<\/a>\r\n      <\/div>\r\n      <div class=\"sc-card-program__col-rating\">\r\n        <svg class=\"rating-score__content\" xmlns=\"http:\/\/www.w3.org\/2000\/svg\" version=\"1.1\" x=\"0\" y=\"0\" viewbox=\"0 0 50 50\" enable-background=\"new 0 0 50 50\" xml:space=\"preserve\"><path class=\"rating-score__background rating-score--good\" fill=\"none\" stroke-width=\"6\" stroke-miterlimit=\"10\" d=\"M40 40c8.3-8.3 8.3-21.7 0-30s-21.7-8.3-30 0 -8.3 21.7 0 30\"><\/path><path class=\"rating-score__value rating-score__value--0\" fill=\"none\" stroke-width=\"6\" stroke-dashoffset=\"0\" stroke-miterlimit=\"10\" d=\"M40 40c8.3-8.3 8.3-21.7 0-30s-21.7-8.3-30 0 -8.3 21.7 0 30\"><\/path><text class=\"rating-score__number\" content=\"\" text-anchor=\"middle\" transform=\"matrix(1 0 0 1 25 31.0837)\" data-auto=\"app-user-score\"><\/text><\/svg>\r\n      <\/div>\r\n    <\/div>\r\n    <div class=\"sc-card-program__row\">\r\n      <span class=\"sc-card-program__description\"><\/span>\r\n    <\/div>\r\n    <div class=\"sc-card-program__row\">\r\n      <img decoding=\"async\" class=\"sc-card-program__bigpic\" src=\"\" onerror=\"this.style.display='none'\">\r\n    <\/div>\r\n    <a class=\"sc-card-program__link track-link sc-card-program-internal\" href=\"https:\/\/apple-store.en.softonic.com\/iphone\" target=\"_blank\" rel=\"noopener noreferrer\"><\/a>\r\n  <\/div>\r\n<\/div>\n\n\n\n<p class=\"wp-block-paragraph\">Enquanto o iPad dobr\u00e1vel, j\u00e1 estaria em pleno desenvolvimento e chegaria antes do previsto, a Apple parece estar preparando uma atualiza\u00e7\u00e3o completa para a linha iPad em 2024, com melhorias significativas em termos de hardware e design. Com isso, os iPads se preparam para continuar nos surpreendendo com suas capacidades.<\/p>\n","protected":false},"excerpt":{"rendered":"<p>Os iPads se preparam para continuar nos surpreendendo com suas capacidades.<\/p>\n","protected":false},"author":9262,"featured_media":51180,"comment_status":"closed","ping_status":"closed","sticky":false,"template":"","format":"standard","meta":{"footnotes":"","wpcf-pageviews":1},"categories":[4082],"tags":[],"usertag":[],"vertical":[],"content-category":[],"class_list":["post-51179","post","type-post","status-publish","format-standard","has-post-thumbnail","hentry","category-news"],"aioseo_notices":[],"_links":{"self":[{"href":"https:\/\/cms-articles.softonic.io\/br\/wp-json\/wp\/v2\/posts\/51179","targetHints":{"allow":["GET"]}}],"collection":[{"href":"https:\/\/cms-articles.softonic.io\/br\/wp-json\/wp\/v2\/posts"}],"about":[{"href":"https:\/\/cms-articles.softonic.io\/br\/wp-json\/wp\/v2\/types\/post"}],"author":[{"embeddable":true,"href":"https:\/\/cms-articles.softonic.io\/br\/wp-json\/wp\/v2\/users\/9262"}],"replies":[{"embeddable":true,"href":"https:\/\/cms-articles.softonic.io\/br\/wp-json\/wp\/v2\/comments?post=51179"}],"version-history":[{"count":0,"href":"https:\/\/cms-articles.softonic.io\/br\/wp-json\/wp\/v2\/posts\/51179\/revisions"}],"wp:featuredmedia":[{"embeddable":true,"href":"https:\/\/cms-articles.softonic.io\/br\/wp-json\/wp\/v2\/media\/51180"}],"wp:attachment":[{"href":"https:\/\/cms-articles.softonic.io\/br\/wp-json\/wp\/v2\/media?parent=51179"}],"wp:term":[{"taxonomy":"category","embeddable":true,"href":"https:\/\/cms-articles.softonic.io\/br\/wp-json\/wp\/v2\/categories?post=51179"},{"taxonomy":"post_tag","embeddable":true,"href":"https:\/\/cms-articles.softonic.io\/br\/wp-json\/wp\/v2\/tags?post=51179"},{"taxonomy":"usertag","embeddable":true,"href":"https:\/\/cms-articles.softonic.io\/br\/wp-json\/wp\/v2\/usertag?post=51179"},{"taxonomy":"vertical","embeddable":true,"href":"https:\/\/cms-articles.softonic.io\/br\/wp-json\/wp\/v2\/vertical?post=51179"},{"taxonomy":"content-category","embeddable":true,"href":"https:\/\/cms-articles.softonic.io\/br\/wp-json\/wp\/v2\/content-category?post=51179"}],"curies":[{"name":"wp","href":"https:\/\/api.w.org\/{rel}","templated":true}]}}