{"id":51356,"date":"2023-11-20T10:16:00","date_gmt":"2023-11-20T09:16:00","guid":{"rendered":"https:\/\/sftarticles.wpenginepowered.com\/es\/?p=316273"},"modified":"2024-03-06T09:28:41","modified_gmt":"2024-03-06T13:28:41","slug":"tim-cook-entrevista-pessoal","status":"publish","type":"post","link":"https:\/\/cms-articles.softonic.io\/br\/tim-cook-entrevista-pessoal\/","title":{"rendered":"&#8216;Steve Jobs era \u00fanico, s\u00f3 ele poderia ter criado a Apple&#8217;: Tim Cook concede uma de suas entrevistas mais pessoais"},"content":{"rendered":"\n<p>Em uma reveladora entrevista com a cantora Dua Lipa, o CEO da Apple, Tim Cook, <strong>se abriu como nunca antes sobre sua vida pessoal<\/strong>, sua carreira na Apple e suas opini\u00f5es sobre temas como filantropia, meio ambiente e tecnologia. Conhecido por sua discri\u00e7\u00e3o, Cook surpreendeu com sua sinceridade e reflex\u00f5es, proporcionando uma vis\u00e3o \u00fanica de seu mundo e seu trabalho em uma das empresas mais ic\u00f4nicas do planeta.<\/p>\n\n\n\n<!--more-->\n\n\n<div class=\"sc-card-program\">\r\n  <div class=\"sc-card-program__body\">\r\n    <div class=\"sc-card-program__row clearfix\">\r\n      <div class=\"sc-card-program__col-logo\">\r\n        <img decoding=\"async\" class=\"sc-card-program__img\" src=\"https:\/\/images.sftcdn.net\/images\/t_app-icon-m\/p\/aa0ea39a-3047-47be-9b3a-938ac771524a\/234379927\/ios-17-download-ios-17.jpg\" alt=\"iOS 17\" width=\"100px\" height=\"100px\">\r\n      <\/div>\r\n      <div class=\"sc-card-program__col-title\">\r\n        <span class=\"sc-card-program__title\">iOS 17<\/span>\r\n        <a class=\"sc-card-program__button sc-card-program-internal\" href=\"https:\/\/ios-17.softonic.com.br\/iphone\" target=\"_blank\" rel=\"noopener noreferrer\">Download<\/a>\r\n      <\/div>\r\n      <div class=\"sc-card-program__col-rating\">\r\n        <svg class=\"rating-score__content\" xmlns=\"http:\/\/www.w3.org\/2000\/svg\" version=\"1.1\" x=\"0\" y=\"0\" viewbox=\"0 0 50 50\" enable-background=\"new 0 0 50 50\" xml:space=\"preserve\"><path class=\"rating-score__background rating-score--good\" fill=\"none\" stroke-width=\"6\" stroke-miterlimit=\"10\" d=\"M40 40c8.3-8.3 8.3-21.7 0-30s-21.7-8.3-30 0 -8.3 21.7 0 30\"><\/path><path class=\"rating-score__value rating-score__value--0\" fill=\"none\" stroke-width=\"6\" stroke-dashoffset=\"0\" stroke-miterlimit=\"10\" d=\"M40 40c8.3-8.3 8.3-21.7 0-30s-21.7-8.3-30 0 -8.3 21.7 0 30\"><\/path><text class=\"rating-score__number\" content=\"\" text-anchor=\"middle\" transform=\"matrix(1 0 0 1 25 31.0837)\" data-auto=\"app-user-score\"><\/text><\/svg>\r\n      <\/div>\r\n    <\/div>\r\n    <div class=\"sc-card-program__row\">\r\n      <span class=\"sc-card-program__description\"><\/span>\r\n    <\/div>\r\n    <div class=\"sc-card-program__row\">\r\n      <img decoding=\"async\" class=\"sc-card-program__bigpic\" src=\"\" onerror=\"this.style.display='none'\">\r\n    <\/div>\r\n    <a class=\"sc-card-program__link track-link sc-card-program-internal\" href=\"https:\/\/ios-17.softonic.com.br\/iphone\" target=\"_blank\" rel=\"noopener noreferrer\"><\/a>\r\n  <\/div>\r\n<\/div>\n\n\n\n<h2 class=\"wp-block-heading\">Desde o in\u00edcio at\u00e9 Steve Jobs, passando pela IA e muito mais<\/h2>\n\n\n\n<p>Nascido em uma fam\u00edlia modesta, Cook compartilhou suas humildes origens, <strong>relembrando seus dias entregando jornais e trabalhando em uma lanchonete<\/strong> para pagar a faculdade. Essas experi\u00eancias precoces moldaram um car\u00e1ter resiliente e uma \u00e9tica de trabalho incans\u00e1vel, qualidades que o levaram a se formar na Universidade de Auburn e a ter uma carreira bem-sucedida na IBM antes de se juntar \u00e0 Apple em 1998.<\/p>\n\n\n\n<figure class=\"wp-block-embed is-type-video is-provider-youtube wp-block-embed-youtube wp-block-embed-YouTube wp-embed-aspect-16-9 wp-has-aspect-ratio\"><div class=\"wp-block-embed__wrapper\">\n<iframe loading=\"lazy\" title=\"Apple CEO Tim Cook on what it takes to run the world&#039;s largest company | Dua Lipa: At Your Service\" width=\"840\" height=\"473\" src=\"https:\/\/www.youtube.com\/embed\/JXQYO8poXC8?feature=oembed\" frameborder=\"0\" allow=\"accelerometer; autoplay; clipboard-write; encrypted-media; gyroscope; picture-in-picture; web-share\" allowfullscreen><\/iframe>\n<\/div><\/figure>\n\n\n\n<p>Uma das partes mais emotivas da entrevista foi quando Cook fala sobre Steve Jobs, o lend\u00e1rio cofundador da Apple. Com admira\u00e7\u00e3o e respeito, Cook <strong>descreve Jobs como &#8220;original&#8221; e afirmou que apenas ele poderia ter criado a Apple<\/strong>. Embora Jobs tenha falecido em 2011, seu legado e influ\u00eancia continuam sendo fonte de inspira\u00e7\u00e3o para Cook e muitos outros na ind\u00fastria.<\/p>\n\n\n\n<p>Em 2014, Cook tornou p\u00fablica sua homossexualidade, tornando-se o \u00fanico CEO abertamente gay na lista Fortune 500 na \u00e9poca. Ele falou sobre como esse ato ajudou a quebrar barreiras n\u00e3o apenas na Apple, mas no mundo corporativo em geral, destacando que ainda existem tetos de vidro para pessoas LGBTQ e mulheres.<\/p>\n\n\n\n<p>Dua Lipa, conhecida por seu ativismo em quest\u00f5es sociais, direcionou a conversa para o uso excessivo de smartphones, especialmente entre os mais jovens. Cook reconheceu a necessidade de um uso moderado da tecnologia, destacando recursos como o Tempo de Uso, projetado para <strong>promover o uso consciente dos dispositivos<\/strong>.<\/p>\n\n\n<div class=\"sc-card-program\">\r\n  <div class=\"sc-card-program__body\">\r\n    <div class=\"sc-card-program__row clearfix\">\r\n      <div class=\"sc-card-program__col-logo\">\r\n        <img decoding=\"async\" class=\"sc-card-program__img\" src=\"https:\/\/images.sftcdn.net\/images\/t_app-icon-m\/p\/aa0ea39a-3047-47be-9b3a-938ac771524a\/234379927\/ios-17-download-ios-17.jpg\" alt=\"iOS 17\" width=\"100px\" height=\"100px\">\r\n      <\/div>\r\n      <div class=\"sc-card-program__col-title\">\r\n        <span class=\"sc-card-program__title\">iOS 17<\/span>\r\n        <a class=\"sc-card-program__button sc-card-program-internal\" href=\"https:\/\/ios-17.softonic.com.br\/iphone\" target=\"_blank\" rel=\"noopener noreferrer\">Download<\/a>\r\n      <\/div>\r\n      <div class=\"sc-card-program__col-rating\">\r\n        <svg class=\"rating-score__content\" xmlns=\"http:\/\/www.w3.org\/2000\/svg\" version=\"1.1\" x=\"0\" y=\"0\" viewbox=\"0 0 50 50\" enable-background=\"new 0 0 50 50\" xml:space=\"preserve\"><path class=\"rating-score__background rating-score--good\" fill=\"none\" stroke-width=\"6\" stroke-miterlimit=\"10\" d=\"M40 40c8.3-8.3 8.3-21.7 0-30s-21.7-8.3-30 0 -8.3 21.7 0 30\"><\/path><path class=\"rating-score__value rating-score__value--0\" fill=\"none\" stroke-width=\"6\" stroke-dashoffset=\"0\" stroke-miterlimit=\"10\" d=\"M40 40c8.3-8.3 8.3-21.7 0-30s-21.7-8.3-30 0 -8.3 21.7 0 30\"><\/path><text class=\"rating-score__number\" content=\"\" text-anchor=\"middle\" transform=\"matrix(1 0 0 1 25 31.0837)\" data-auto=\"app-user-score\"><\/text><\/svg>\r\n      <\/div>\r\n    <\/div>\r\n    <div class=\"sc-card-program__row\">\r\n      <span class=\"sc-card-program__description\"><\/span>\r\n    <\/div>\r\n    <div class=\"sc-card-program__row\">\r\n      <img decoding=\"async\" class=\"sc-card-program__bigpic\" src=\"\" onerror=\"this.style.display='none'\">\r\n    <\/div>\r\n    <a class=\"sc-card-program__link track-link sc-card-program-internal\" href=\"https:\/\/ios-17.softonic.com.br\/iphone\" target=\"_blank\" rel=\"noopener noreferrer\"><\/a>\r\n  <\/div>\r\n<\/div>\n\n\n\n<p><\/p>\n\n\n\n<p>Finalmente, a entrevista abordou quest\u00f5es de sustentabilidade e responsabilidade tecnol\u00f3gica. Cook enfatizou o compromisso da Apple com pr\u00e1ticas ambientalmente sustent\u00e1veis e a import\u00e2ncia da intelig\u00eancia artificial respons\u00e1vel, reiterando seu compromisso com a igualdade e a educa\u00e7\u00e3o. No geral, foi <strong>uma entrevista bastante incomum para conhecer melhor o m\u00e1ximo respons\u00e1vel da Apple<\/strong>.<\/p>\n","protected":false},"excerpt":{"rendered":"<p>Uma entrevista bastante inusitada para conhecer melhor o chefe da Apple.<\/p>\n","protected":false},"author":9262,"featured_media":51357,"comment_status":"closed","ping_status":"closed","sticky":false,"template":"","format":"standard","meta":{"footnotes":"","wpcf-pageviews":2},"categories":[4082],"tags":[],"usertag":[],"vertical":[],"content-category":[],"class_list":["post-51356","post","type-post","status-publish","format-standard","has-post-thumbnail","hentry","category-news"],"aioseo_notices":[],"_links":{"self":[{"href":"https:\/\/cms-articles.softonic.io\/br\/wp-json\/wp\/v2\/posts\/51356","targetHints":{"allow":["GET"]}}],"collection":[{"href":"https:\/\/cms-articles.softonic.io\/br\/wp-json\/wp\/v2\/posts"}],"about":[{"href":"https:\/\/cms-articles.softonic.io\/br\/wp-json\/wp\/v2\/types\/post"}],"author":[{"embeddable":true,"href":"https:\/\/cms-articles.softonic.io\/br\/wp-json\/wp\/v2\/users\/9262"}],"replies":[{"embeddable":true,"href":"https:\/\/cms-articles.softonic.io\/br\/wp-json\/wp\/v2\/comments?post=51356"}],"version-history":[{"count":0,"href":"https:\/\/cms-articles.softonic.io\/br\/wp-json\/wp\/v2\/posts\/51356\/revisions"}],"wp:featuredmedia":[{"embeddable":true,"href":"https:\/\/cms-articles.softonic.io\/br\/wp-json\/wp\/v2\/media\/51357"}],"wp:attachment":[{"href":"https:\/\/cms-articles.softonic.io\/br\/wp-json\/wp\/v2\/media?parent=51356"}],"wp:term":[{"taxonomy":"category","embeddable":true,"href":"https:\/\/cms-articles.softonic.io\/br\/wp-json\/wp\/v2\/categories?post=51356"},{"taxonomy":"post_tag","embeddable":true,"href":"https:\/\/cms-articles.softonic.io\/br\/wp-json\/wp\/v2\/tags?post=51356"},{"taxonomy":"usertag","embeddable":true,"href":"https:\/\/cms-articles.softonic.io\/br\/wp-json\/wp\/v2\/usertag?post=51356"},{"taxonomy":"vertical","embeddable":true,"href":"https:\/\/cms-articles.softonic.io\/br\/wp-json\/wp\/v2\/vertical?post=51356"},{"taxonomy":"content-category","embeddable":true,"href":"https:\/\/cms-articles.softonic.io\/br\/wp-json\/wp\/v2\/content-category?post=51356"}],"curies":[{"name":"wp","href":"https:\/\/api.w.org\/{rel}","templated":true}]}}