{"id":53390,"date":"2024-01-19T15:08:48","date_gmt":"2024-01-19T14:08:48","guid":{"rendered":"https:\/\/sftarticles.wpenginepowered.com\/es\/?p=325034"},"modified":"2024-08-07T01:45:48","modified_gmt":"2024-08-07T05:45:48","slug":"agora-voce-pode-comprar-as-apple-vision-pro","status":"publish","type":"post","link":"https:\/\/cms-articles.softonic.io\/br\/agora-voce-pode-comprar-as-apple-vision-pro\/","title":{"rendered":"Agora voc\u00ea pode comprar as Apple Vision Pro!"},"content":{"rendered":"\n<p>\u00c9 um dos momentos mais esperados dos \u00faltimos anos, pois temos coberto este produto por quase uma d\u00e9cada: <strong>desde que eram apenas um rumor, at\u00e9 se tornarem realidade no ano passado.<\/strong><\/p>\n\n\n<div class=\"sc-card-program\">\r\n  <div class=\"sc-card-program__body\">\r\n    <div class=\"sc-card-program__row clearfix\">\r\n      <div class=\"sc-card-program__col-logo\">\r\n        <img decoding=\"async\" class=\"sc-card-program__img\" src=\"https:\/\/images.sftcdn.net\/images\/t_app-icon-s\/p\/8f7cb2d7-74e2-4492-af0c-06a1761742a1\/457874704\/apple-tv-plus-2019-03-28_12-07-17.png\" alt=\"AppleTV+\" width=\"100px\" height=\"100px\">\r\n      <\/div>\r\n      <div class=\"sc-card-program__col-title\">\r\n        <span class=\"sc-card-program__title\">AppleTV+<\/span>\r\n        <a class=\"sc-card-program__button sc-card-program-internal\" href=\"https:\/\/apple-tv-plus.softonic.com.br\/mac\" target=\"_blank\" rel=\"noopener noreferrer\">Download<\/a>\r\n      <\/div>\r\n      <div class=\"sc-card-program__col-rating\">\r\n        <svg class=\"rating-score__content\" xmlns=\"http:\/\/www.w3.org\/2000\/svg\" version=\"1.1\" x=\"0\" y=\"0\" viewbox=\"0 0 50 50\" enable-background=\"new 0 0 50 50\" xml:space=\"preserve\"><path class=\"rating-score__background rating-score--good\" fill=\"none\" stroke-width=\"6\" stroke-miterlimit=\"10\" d=\"M40 40c8.3-8.3 8.3-21.7 0-30s-21.7-8.3-30 0 -8.3 21.7 0 30\"><\/path><path class=\"rating-score__value rating-score__value--0\" fill=\"none\" stroke-width=\"6\" stroke-dashoffset=\"0\" stroke-miterlimit=\"10\" d=\"M40 40c8.3-8.3 8.3-21.7 0-30s-21.7-8.3-30 0 -8.3 21.7 0 30\"><\/path><text class=\"rating-score__number\" content=\"\" text-anchor=\"middle\" transform=\"matrix(1 0 0 1 25 31.0837)\" data-auto=\"app-user-score\"><\/text><\/svg>\r\n      <\/div>\r\n    <\/div>\r\n    <div class=\"sc-card-program__row\">\r\n      <span class=\"sc-card-program__description\"><\/span>\r\n    <\/div>\r\n    <div class=\"sc-card-program__row\">\r\n      <img decoding=\"async\" class=\"sc-card-program__bigpic\" src=\"\" onerror=\"this.style.display='none'\">\r\n    <\/div>\r\n    <a class=\"sc-card-program__link track-link sc-card-program-internal\" href=\"https:\/\/apple-tv-plus.softonic.com.br\/mac\" target=\"_blank\" rel=\"noopener noreferrer\"><\/a>\r\n  <\/div>\r\n<\/div>\n\n\n\n<p>Os esperados \u00f3culos de realidade mista da Apple, os Vision Pro, j\u00e1 est\u00e3o dispon\u00edveis para reserva nos Estados Unidos atrav\u00e9s do site da empresa e em todas as suas lojas no pa\u00eds.<\/p>\n\n\n\n<p><strong>Os compradores interessados devem ter em mente que precisam escanear o rosto com um iPhone ou iPad usando o Face ID<\/strong> ao fazer o pedido antecipado para garantir que a faixa se ajuste com precis\u00e3o \u00e0 sua cabe\u00e7a.<\/p>\n\n\n\n<p>A empresa projetou o Vision Pro com um sistema modular para que os usu\u00e1rios possam personaliz\u00e1-lo e adapt\u00e1-lo \u00e0s suas necessidades; <strong>afinal, a vers\u00e3o com 256 GB de armazenamento custar\u00e1 pelo menos 3.499 d\u00f3lares<\/strong>, ent\u00e3o todos esperam perfei\u00e7\u00e3o.<\/p>\n\n\n\n<figure class=\"wp-block-embed is-type-rich is-provider-twitter wp-block-embed-twitter\"><div class=\"wp-block-embed__wrapper\">\n<blockquote class=\"twitter-tweet\" data-width=\"550\" data-dnt=\"true\"><p lang=\"en\" dir=\"ltr\">Apple Vision Pro pre-orders begin today!\u00a0We\u2019re so excited for you to experience\u00a0spatial computing for the first time! \u00a0<a href=\"https:\/\/t.co\/YAN2kdfZY0\">https:\/\/t.co\/YAN2kdfZY0<\/a> <a href=\"https:\/\/t.co\/2cqzvz5Wjq\">pic.twitter.com\/2cqzvz5Wjq<\/a><\/p>&mdash; Tim Cook (@tim_cook) <a href=\"https:\/\/twitter.com\/tim_cook\/status\/1748337010191077462?ref_src=twsrc%5Etfw\">January 19, 2024<\/a><\/blockquote><script async src=\"https:\/\/platform.twitter.com\/widgets.js\" charset=\"utf-8\"><\/script>\n<\/div><\/figure>\n\n\n\n<h2 class=\"wp-block-heading\">Sistema operacional, ajuste de lentes e servi\u00e7os que n\u00e3o estar\u00e3o dispon\u00edveis<\/h2>\n\n\n\n<p>As pessoas que precisam de corre\u00e7\u00e3o visual tamb\u00e9m t\u00eam a op\u00e7\u00e3o de adicionar inser\u00e7\u00f5es \u00f3pticas Zeiss ao fazer o pedido antecipado, para que n\u00e3o precisem mais usar \u00f3culos dentro do fone de ouvido. <strong>Eles podem adquirir lentes de leitura por US$ 99 e lentes graduadas por US$ 149<\/strong>, mas devem anexar uma receita oficial atualizada ao pedido para poder compr\u00e1-las.<\/p>\n\n\n\n<p>Os \u00f3culos da empresa funcionam com o visionOS, que os usu\u00e1rios podem controlar atrav\u00e9s de gestos com os olhos e as m\u00e3os ou com comandos de voz atrav\u00e9s do Siri.<\/p>\n\n\n\n<figure class=\"wp-block-embed is-type-video is-provider-youtube wp-block-embed-youtube wp-embed-aspect-16-9 wp-has-aspect-ratio\"><div class=\"wp-block-embed__wrapper\">\n<iframe loading=\"lazy\" title=\"Introducing Apple Vision Pro\" width=\"840\" height=\"473\" src=\"https:\/\/www.youtube.com\/embed\/TX9qSaGXFyg?feature=oembed\" frameborder=\"0\" allow=\"accelerometer; autoplay; clipboard-write; encrypted-media; gyroscope; picture-in-picture; web-share\" allowfullscreen><\/iframe>\n<\/div><\/figure>\n\n\n\n<p>A Apple enfatizou muito suas fun\u00e7\u00f5es de entretenimento ao apresentar oficialmente o dispositivo e disse que ser\u00e1 compat\u00edvel com mais de um milh\u00e3o de aplicativos dos ecossistemas iOS e iPadOS, juntamente com aplicativos especialmente criados para sua plataforma.<\/p>\n\n\n\n<p><strong>Alguns servi\u00e7os populares como Netflix, YouTube e Spotify n\u00e3o estar\u00e3o dispon\u00edveis para download no momento do lan\u00e7amento<\/strong>, mas os primeiros usu\u00e1rios ter\u00e3o acesso a uma s\u00e9rie de aplicativos de entretenimento, como Disney+, Max, Amazon Prime Video e Paramount+.<\/p>\n\n\n<div class=\"sc-card-program\">\r\n  <div class=\"sc-card-program__body\">\r\n    <div class=\"sc-card-program__row clearfix\">\r\n      <div class=\"sc-card-program__col-logo\">\r\n        <img decoding=\"async\" class=\"sc-card-program__img\" src=\"https:\/\/images.sftcdn.net\/images\/t_app-icon-s\/p\/8f7cb2d7-74e2-4492-af0c-06a1761742a1\/457874704\/apple-tv-plus-2019-03-28_12-07-17.png\" alt=\"AppleTV+\" width=\"100px\" height=\"100px\">\r\n      <\/div>\r\n      <div class=\"sc-card-program__col-title\">\r\n        <span class=\"sc-card-program__title\">AppleTV+<\/span>\r\n        <a class=\"sc-card-program__button sc-card-program-internal\" href=\"https:\/\/apple-tv-plus.softonic.com.br\/mac\" target=\"_blank\" rel=\"noopener noreferrer\">Download<\/a>\r\n      <\/div>\r\n      <div class=\"sc-card-program__col-rating\">\r\n        <svg class=\"rating-score__content\" xmlns=\"http:\/\/www.w3.org\/2000\/svg\" version=\"1.1\" x=\"0\" y=\"0\" viewbox=\"0 0 50 50\" enable-background=\"new 0 0 50 50\" xml:space=\"preserve\"><path class=\"rating-score__background rating-score--good\" fill=\"none\" stroke-width=\"6\" stroke-miterlimit=\"10\" d=\"M40 40c8.3-8.3 8.3-21.7 0-30s-21.7-8.3-30 0 -8.3 21.7 0 30\"><\/path><path class=\"rating-score__value rating-score__value--0\" fill=\"none\" stroke-width=\"6\" stroke-dashoffset=\"0\" stroke-miterlimit=\"10\" d=\"M40 40c8.3-8.3 8.3-21.7 0-30s-21.7-8.3-30 0 -8.3 21.7 0 30\"><\/path><text class=\"rating-score__number\" content=\"\" text-anchor=\"middle\" transform=\"matrix(1 0 0 1 25 31.0837)\" data-auto=\"app-user-score\"><\/text><\/svg>\r\n      <\/div>\r\n    <\/div>\r\n    <div class=\"sc-card-program__row\">\r\n      <span class=\"sc-card-program__description\"><\/span>\r\n    <\/div>\r\n    <div class=\"sc-card-program__row\">\r\n      <img decoding=\"async\" class=\"sc-card-program__bigpic\" src=\"\" onerror=\"this.style.display='none'\">\r\n    <\/div>\r\n    <a class=\"sc-card-program__link track-link sc-card-program-internal\" href=\"https:\/\/apple-tv-plus.softonic.com.br\/mac\" target=\"_blank\" rel=\"noopener noreferrer\"><\/a>\r\n  <\/div>\r\n<\/div>\n\n\n\n<p><strong>Os usu\u00e1rios poder\u00e3o colocar seus aplicativos em qualquer lugar de um ambiente 3D e<\/strong>, no caso do Disney+, assistir aos programas em um fundo imersivo especial, como a Torre dos Vingadores. Tamb\u00e9m poder\u00e3o acessar seu Mac atrav\u00e9s dos \u00f3culos. <strong>Os Apple Vision Pro come\u00e7ar\u00e3o a ser comercializados em 2 de fevereiro.<\/strong><\/p>\n","protected":false},"excerpt":{"rendered":"<p>Os esperados \u00f3culos de realidade mista da Apple, as Vision Pro, j\u00e1 est\u00e3o dispon\u00edveis para reserva nos Estados Unidos atrav\u00e9s do site&#8230;<\/p>\n","protected":false},"author":9265,"featured_media":53395,"comment_status":"closed","ping_status":"closed","sticky":false,"template":"","format":"standard","meta":{"footnotes":"","wpcf-pageviews":1},"categories":[4082],"tags":[2718],"usertag":[],"vertical":[],"content-category":[],"class_list":["post-53390","post","type-post","status-publish","format-standard","has-post-thumbnail","hentry","category-news","tag-apple-2"],"aioseo_notices":[],"_links":{"self":[{"href":"https:\/\/cms-articles.softonic.io\/br\/wp-json\/wp\/v2\/posts\/53390","targetHints":{"allow":["GET"]}}],"collection":[{"href":"https:\/\/cms-articles.softonic.io\/br\/wp-json\/wp\/v2\/posts"}],"about":[{"href":"https:\/\/cms-articles.softonic.io\/br\/wp-json\/wp\/v2\/types\/post"}],"author":[{"embeddable":true,"href":"https:\/\/cms-articles.softonic.io\/br\/wp-json\/wp\/v2\/users\/9265"}],"replies":[{"embeddable":true,"href":"https:\/\/cms-articles.softonic.io\/br\/wp-json\/wp\/v2\/comments?post=53390"}],"version-history":[{"count":0,"href":"https:\/\/cms-articles.softonic.io\/br\/wp-json\/wp\/v2\/posts\/53390\/revisions"}],"wp:featuredmedia":[{"embeddable":true,"href":"https:\/\/cms-articles.softonic.io\/br\/wp-json\/wp\/v2\/media\/53395"}],"wp:attachment":[{"href":"https:\/\/cms-articles.softonic.io\/br\/wp-json\/wp\/v2\/media?parent=53390"}],"wp:term":[{"taxonomy":"category","embeddable":true,"href":"https:\/\/cms-articles.softonic.io\/br\/wp-json\/wp\/v2\/categories?post=53390"},{"taxonomy":"post_tag","embeddable":true,"href":"https:\/\/cms-articles.softonic.io\/br\/wp-json\/wp\/v2\/tags?post=53390"},{"taxonomy":"usertag","embeddable":true,"href":"https:\/\/cms-articles.softonic.io\/br\/wp-json\/wp\/v2\/usertag?post=53390"},{"taxonomy":"vertical","embeddable":true,"href":"https:\/\/cms-articles.softonic.io\/br\/wp-json\/wp\/v2\/vertical?post=53390"},{"taxonomy":"content-category","embeddable":true,"href":"https:\/\/cms-articles.softonic.io\/br\/wp-json\/wp\/v2\/content-category?post=53390"}],"curies":[{"name":"wp","href":"https:\/\/api.w.org\/{rel}","templated":true}]}}