{"id":53427,"date":"2024-01-22T08:37:57","date_gmt":"2024-01-22T07:37:57","guid":{"rendered":"https:\/\/sftarticles.wpenginepowered.com\/es\/?p=325102"},"modified":"2024-03-06T09:24:32","modified_gmt":"2024-03-06T13:24:32","slug":"apple-vision-pro-exito-ventas-2","status":"publish","type":"post","link":"https:\/\/cms-articles.softonic.io\/br\/apple-vision-pro-exito-ventas-2\/","title":{"rendered":"El Apple Vision Pro ha vendido el doble de las unidades esperadas, y solo en dos d\u00edas: estos son los n\u00fameros que se estiman"},"content":{"rendered":"\n<p>El Apple Vision Pro est\u00e1 llamado a ser un \u00e9xito. De las unidades iniciales, unas 80.000, Apple ha vendido ya m\u00e1s del doble. As\u00ed <a href=\"https:\/\/medium.com\/@mingchikuo\/vision-pro\u9996\u9031\u672b\u9810\u8cfc\u6aa2\u8996-\u7b26\u5408\u9810\u671f\u4f46\u96b1\u6182\u6d6e\u73fe-vision-pros-first-weekend-pre-order-review-expectations-in-line-0450c1effe66\" target=\"_blank\" rel=\"noopener nofollow\" title=\"\">lo estima Ming-Chi Kuo<\/a>, reconocido analista de Apple, que afirma que las cifras estimadas durante <strong>el primer fin de semana de pre-reservas revelan un \u00e9xito rotundo (y solo en Estados Unidos)<\/strong>, aunque tambi\u00e9n plantea ciertos interrogantes.<\/p>\n\n\n<div class=\"sc-card-program\">\r\n  <div class=\"sc-card-program__body\">\r\n    <div class=\"sc-card-program__row clearfix\">\r\n      <div class=\"sc-card-program__col-logo\">\r\n        <img decoding=\"async\" class=\"sc-card-program__img\" src=\"https:\/\/images.sftcdn.net\/images\/t_app-icon-s\/p\/3fcfd53d-6233-4b22-a08d-6a57d0a85111\/3228077087\/apple-tv-logo\" alt=\"Apple TV+\" width=\"100px\" height=\"100px\">\r\n      <\/div>\r\n      <div class=\"sc-card-program__col-title\">\r\n        <span class=\"sc-card-program__title\">Apple TV+<\/span>\r\n        <a class=\"sc-card-program__button sc-card-program-sponsored\" href=\"https:\/\/apple.co\/4ahEAXk\" target=\"_blank\" rel=\"noopener noreferrer sponsored\">SUSCR\u00cdBETE<\/a>\r\n      <\/div>\r\n      <div class=\"sc-card-program__col-rating\">\r\n        <svg class=\"rating-score__content\" xmlns=\"http:\/\/www.w3.org\/2000\/svg\" version=\"1.1\" x=\"0\" y=\"0\" viewbox=\"0 0 50 50\" enable-background=\"new 0 0 50 50\" xml:space=\"preserve\"><path class=\"rating-score__background rating-score--good\" fill=\"none\" stroke-width=\"6\" stroke-miterlimit=\"10\" d=\"M40 40c8.3-8.3 8.3-21.7 0-30s-21.7-8.3-30 0 -8.3 21.7 0 30\"><\/path><path class=\"rating-score__value rating-score__value--0\" fill=\"none\" stroke-width=\"6\" stroke-dashoffset=\"0\" stroke-miterlimit=\"10\" d=\"M40 40c8.3-8.3 8.3-21.7 0-30s-21.7-8.3-30 0 -8.3 21.7 0 30\"><\/path><text class=\"rating-score__number\" content=\"\" text-anchor=\"middle\" transform=\"matrix(1 0 0 1 25 31.0837)\" data-auto=\"app-user-score\"><\/text><\/svg>\r\n      <\/div>\r\n    <\/div>\r\n    <div class=\"sc-card-program__row\">\r\n      <span class=\"sc-card-program__description\"><\/span>\r\n    <\/div>\r\n    <div class=\"sc-card-program__row\">\r\n      <img decoding=\"async\" class=\"sc-card-program__bigpic\" src=\"\" onerror=\"this.style.display='none'\">\r\n    <\/div>\r\n    <a class=\"sc-card-program__link track-link sc-card-program-sponsored\" href=\"https:\/\/apple.co\/4ahEAXk\" target=\"_blank\" rel=\"noopener noreferrer sponsored\"><\/a>\r\n  <\/div>\r\n<\/div>\n\n\n\n<h2 class=\"wp-block-heading\">M\u00e1s de 170 000 unidades vendidas solo en Estados Unidos<\/h2>\n\n\n\n<p>Desde el momento en que se abrieron las pre-reservas, el Vision Pro se agot\u00f3 de inmediato, confirmando las predicciones iniciales de Kuo sobre su popularidad. Se estima que <strong>Apple vendi\u00f3 entre 160 000 y 180 000 unidades del Vision Pro en tan solo el primer fin de semana<\/strong>. La demanda inicial fue tan intensa que los tiempos de env\u00edo para todos los modelos se extendieron a 5-7 semanas en cuesti\u00f3n de horas.<\/p>\n\n\n\n<figure class=\"wp-block-embed is-type-video is-provider-youtube wp-block-embed-youtube wp-embed-aspect-16-9 wp-has-aspect-ratio\"><div class=\"wp-block-embed__wrapper\">\n<iframe loading=\"lazy\" title=\"Introducing Apple Vision Pro\" width=\"840\" height=\"473\" src=\"https:\/\/www.youtube.com\/embed\/TX9qSaGXFyg?feature=oembed\" frameborder=\"0\" allow=\"accelerometer; autoplay; clipboard-write; encrypted-media; gyroscope; picture-in-picture; web-share\" allowfullscreen><\/iframe>\n<\/div><\/figure>\n\n\n\n<p>Dicho esto, tambi\u00e9n es cierto que en otros grandes lanzamientos, los tiempos de env\u00edo suelen aumentar constantemente despu\u00e9s de la apertura de las pre-reservas, mientras que en el caso del Vision Pro estos se mantuvieron sin grandes cambios 48 horas despu\u00e9s de su apertura. Sin m\u00e1s datos, pues recordemos que <strong>Apple no publica oficialmente cifras de ventas<\/strong>, esto se podr\u00eda leer como una disminuci\u00f3n de la demanda tras el inter\u00e9s inicial.<\/p>\n\n\n\n<p>Seg\u00fan Kuo, socios de la cadena de suministro de Apple como Luxshare trabajar\u00e1n horas extras durante el A\u00f1o Nuevo Lunar para satisfacer la demanda. Un indicativo de una demanda mayor a la esperada, y una advertencia de la necesidad de mejorar la eficiencia en la producci\u00f3n del Vision Pro.<\/p>\n\n\n<div class=\"sc-card-program\">\r\n  <div class=\"sc-card-program__body\">\r\n    <div class=\"sc-card-program__row clearfix\">\r\n      <div class=\"sc-card-program__col-logo\">\r\n        <img decoding=\"async\" class=\"sc-card-program__img\" src=\"https:\/\/images.sftcdn.net\/images\/t_app-icon-s\/p\/3fcfd53d-6233-4b22-a08d-6a57d0a85111\/3228077087\/apple-tv-logo\" alt=\"Apple TV+\" width=\"100px\" height=\"100px\">\r\n      <\/div>\r\n      <div class=\"sc-card-program__col-title\">\r\n        <span class=\"sc-card-program__title\">Apple TV+<\/span>\r\n        <a class=\"sc-card-program__button sc-card-program-sponsored\" href=\"https:\/\/apple.co\/4ahEAXk\" target=\"_blank\" rel=\"noopener noreferrer sponsored\">SUSCR\u00cdBETE<\/a>\r\n      <\/div>\r\n      <div class=\"sc-card-program__col-rating\">\r\n        <svg class=\"rating-score__content\" xmlns=\"http:\/\/www.w3.org\/2000\/svg\" version=\"1.1\" x=\"0\" y=\"0\" viewbox=\"0 0 50 50\" enable-background=\"new 0 0 50 50\" xml:space=\"preserve\"><path class=\"rating-score__background rating-score--good\" fill=\"none\" stroke-width=\"6\" stroke-miterlimit=\"10\" d=\"M40 40c8.3-8.3 8.3-21.7 0-30s-21.7-8.3-30 0 -8.3 21.7 0 30\"><\/path><path class=\"rating-score__value rating-score__value--0\" fill=\"none\" stroke-width=\"6\" stroke-dashoffset=\"0\" stroke-miterlimit=\"10\" d=\"M40 40c8.3-8.3 8.3-21.7 0-30s-21.7-8.3-30 0 -8.3 21.7 0 30\"><\/path><text class=\"rating-score__number\" content=\"\" text-anchor=\"middle\" transform=\"matrix(1 0 0 1 25 31.0837)\" data-auto=\"app-user-score\"><\/text><\/svg>\r\n      <\/div>\r\n    <\/div>\r\n    <div class=\"sc-card-program__row\">\r\n      <span class=\"sc-card-program__description\"><\/span>\r\n    <\/div>\r\n    <div class=\"sc-card-program__row\">\r\n      <img decoding=\"async\" class=\"sc-card-program__bigpic\" src=\"\" onerror=\"this.style.display='none'\">\r\n    <\/div>\r\n    <a class=\"sc-card-program__link track-link sc-card-program-sponsored\" href=\"https:\/\/apple.co\/4ahEAXk\" target=\"_blank\" rel=\"noopener noreferrer sponsored\"><\/a>\r\n  <\/div>\r\n<\/div>\n\n\n\n<p>El Vision Pro de Apple ha tenido un comienzo impresionante, vendiendo el doble de las unidades esperadas en solo dos d\u00edas. Ahora, mientras <a href=\"https:\/\/www.softonic.com\/articulos\/fruit-ninja-apple-vision-pro\">Fruit ninja llega al Vision Pro<\/a>, tendremos que esperar al lanzamiento y a otras estimaciones, aunque est\u00e1 claro que el <a href=\"https:\/\/www.softonic.com\/articulos\/cirugia-con-un-apple-vision-pro-este-es-el-potencial-del-dispositivo\">inter\u00e9s en el potencial del primer ordenador espacial de Apple<\/a> es mayor de lo esperado.<\/p>\n","protected":false},"excerpt":{"rendered":"<p>El Vision Pro de Apple ha tenido un comienzo impresionante, vendiendo el doble de las unidades esperadas en solo dos d\u00edas.<\/p>\n","protected":false},"author":9262,"featured_media":53428,"comment_status":"closed","ping_status":"closed","sticky":false,"template":"","format":"standard","meta":{"footnotes":"","wpcf-pageviews":0},"categories":[4082,1],"tags":[],"usertag":[],"vertical":[],"content-category":[],"class_list":["post-53427","post","type-post","status-publish","format-standard","has-post-thumbnail","hentry","category-news","category-uncategorized"],"aioseo_notices":[],"_links":{"self":[{"href":"https:\/\/cms-articles.softonic.io\/br\/wp-json\/wp\/v2\/posts\/53427","targetHints":{"allow":["GET"]}}],"collection":[{"href":"https:\/\/cms-articles.softonic.io\/br\/wp-json\/wp\/v2\/posts"}],"about":[{"href":"https:\/\/cms-articles.softonic.io\/br\/wp-json\/wp\/v2\/types\/post"}],"author":[{"embeddable":true,"href":"https:\/\/cms-articles.softonic.io\/br\/wp-json\/wp\/v2\/users\/9262"}],"replies":[{"embeddable":true,"href":"https:\/\/cms-articles.softonic.io\/br\/wp-json\/wp\/v2\/comments?post=53427"}],"version-history":[{"count":0,"href":"https:\/\/cms-articles.softonic.io\/br\/wp-json\/wp\/v2\/posts\/53427\/revisions"}],"wp:featuredmedia":[{"embeddable":true,"href":"https:\/\/cms-articles.softonic.io\/br\/wp-json\/wp\/v2\/media\/53428"}],"wp:attachment":[{"href":"https:\/\/cms-articles.softonic.io\/br\/wp-json\/wp\/v2\/media?parent=53427"}],"wp:term":[{"taxonomy":"category","embeddable":true,"href":"https:\/\/cms-articles.softonic.io\/br\/wp-json\/wp\/v2\/categories?post=53427"},{"taxonomy":"post_tag","embeddable":true,"href":"https:\/\/cms-articles.softonic.io\/br\/wp-json\/wp\/v2\/tags?post=53427"},{"taxonomy":"usertag","embeddable":true,"href":"https:\/\/cms-articles.softonic.io\/br\/wp-json\/wp\/v2\/usertag?post=53427"},{"taxonomy":"vertical","embeddable":true,"href":"https:\/\/cms-articles.softonic.io\/br\/wp-json\/wp\/v2\/vertical?post=53427"},{"taxonomy":"content-category","embeddable":true,"href":"https:\/\/cms-articles.softonic.io\/br\/wp-json\/wp\/v2\/content-category?post=53427"}],"curies":[{"name":"wp","href":"https:\/\/api.w.org\/{rel}","templated":true}]}}