{"id":53517,"date":"2024-01-26T11:12:35","date_gmt":"2024-01-26T10:12:35","guid":{"rendered":"https:\/\/sftarticles.wpenginepowered.com\/es\/?p=325387"},"modified":"2024-03-06T09:24:11","modified_gmt":"2024-03-06T13:24:11","slug":"chega-o-trailer-de-um-dos-filmes-de-terror-psicologico-mais-surpreendentes-da-espanha","status":"publish","type":"post","link":"https:\/\/cms-articles.softonic.io\/br\/chega-o-trailer-de-um-dos-filmes-de-terror-psicologico-mais-surpreendentes-da-espanha\/","title":{"rendered":"Chega o trailer de um dos filmes de terror psicol\u00f3gico mais surpreendentes da Espanha"},"content":{"rendered":"\n<p>Est\u00e1 claro que <strong>o terror \u00e9 um dos g\u00eaneros que os diretores espanh\u00f3is dominam melhor<\/strong>, e para perceber isso basta olhar para filmografias como as de J.A. Bayona, Paco Plaza ou Jaume Balaguer\u00f3. No entanto, poucas vezes se joga com o terror psicol\u00f3gico, optando-se mais por um medo cl\u00e1ssico, de zumbis ou fantasmas.<\/p>\n\n\n\n<p>Agora, acaba de chegar um trailer que quer mudar as regras do jogo. <strong>O filme <em>Faro<\/em>,<\/strong> <strong>dirigido por \u00c1ngeles Hern\u00e1ndez<\/strong>, estreia em 26 de janeiro, e o trailer do filme j\u00e1 deixa claro que se trata de um filme que pode dar muito o que falar. Protagonizado por Hugo Silva, promete ser um sucesso absoluto.<\/p>\n\n\n\n<h2 class=\"wp-block-heading\">Hugo Silva em um papel \u00fanico em sua carreira<\/h2>\n\n\n\n<p><em>Faro <\/em>conta como, <strong>ap\u00f3s testemunhar a morte acidental de sua m\u00e3e<\/strong>, a jovem Lidia e seu pai se refugiam em um farol para lidar com a dor. Mas, desde que chegam, os pesadelos se apoderam de Lidia, prejudicando ainda mais o relacionamento com ele. Ambos ter\u00e3o que aprender a confiar um no outro antes que os pesadelos se tornem reais&#8230; mas o que parecia uma boa ideia logo se transforma em uma pris\u00e3o para ambos.<\/p>\n\n\n\n<figure class=\"wp-block-embed is-type-video is-provider-youtube wp-block-embed-youtube wp-embed-aspect-16-9 wp-has-aspect-ratio\"><div class=\"wp-block-embed__wrapper\">\n<iframe loading=\"lazy\" title=\"FARO Trailer (Estreno en cines 26 de enero)\" width=\"840\" height=\"473\" src=\"https:\/\/www.youtube.com\/embed\/46eS29q6Eh0?feature=oembed\" frameborder=\"0\" allow=\"accelerometer; autoplay; clipboard-write; encrypted-media; gyroscope; picture-in-picture; web-share\" allowfullscreen><\/iframe>\n<\/div><\/figure>\n\n\n\n<p>Protagonizada por Hugo Silva, <strong>conhecido por s\u00e9ries como <em>Los hombres de Paco<\/em> e <em>O Minist\u00e9rio do Tempo<\/em><\/strong>, o filme busca ser revelador em muitos sentidos, com uma reflex\u00e3o sobre o luto muito interessante. Ao seu lado est\u00e1 a jovem Zoe Arnao, que \u00e9 considerada uma jovem promessa que pode se tornar muito grande no setor.<\/p>\n\n\n\n<p>Al\u00e9m disso, <strong><em>Faro <\/em>\u00e9 produzido pelos criadores de <em>El Hoyo<\/em><\/strong>, o que adiciona uma camada de qualidade que busca destacar novamente o cinema espanhol. Veremos se ter\u00e1 tanto sucesso quanto <em>El Hoyo<\/em>, embora esteja claro que promete ser espetacular.<\/p>\n","protected":false},"excerpt":{"rendered":"<p>Est\u00e1 claro que o terror \u00e9 um dos g\u00eaneros que os diretores espanh\u00f3is dominam melhor, e para perceber isso basta olhar para filmografias como as de J.A. Bayona, Paco Plaza ou Jaume Balaguer\u00f3. No entanto, poucas vezes se joga com o terror psicol\u00f3gico, optando-se mais por um medo cl\u00e1ssico, de zumbis ou fantasmas. Agora, acaba &hellip; <a href=\"https:\/\/cms-articles.softonic.io\/br\/chega-o-trailer-de-um-dos-filmes-de-terror-psicologico-mais-surpreendentes-da-espanha\/\" class=\"more-link\">Continue reading<span class=\"screen-reader-text\"> &#8220;Chega o trailer de um dos filmes de terror psicol\u00f3gico mais surpreendentes da Espanha&#8221;<\/span><\/a><\/p>\n","protected":false},"author":9257,"featured_media":53518,"comment_status":"closed","ping_status":"closed","sticky":false,"template":"","format":"standard","meta":{"footnotes":"","wpcf-pageviews":1},"categories":[4082],"tags":[],"usertag":[],"vertical":[],"content-category":[],"class_list":["post-53517","post","type-post","status-publish","format-standard","has-post-thumbnail","hentry","category-news"],"aioseo_notices":[],"_links":{"self":[{"href":"https:\/\/cms-articles.softonic.io\/br\/wp-json\/wp\/v2\/posts\/53517","targetHints":{"allow":["GET"]}}],"collection":[{"href":"https:\/\/cms-articles.softonic.io\/br\/wp-json\/wp\/v2\/posts"}],"about":[{"href":"https:\/\/cms-articles.softonic.io\/br\/wp-json\/wp\/v2\/types\/post"}],"author":[{"embeddable":true,"href":"https:\/\/cms-articles.softonic.io\/br\/wp-json\/wp\/v2\/users\/9257"}],"replies":[{"embeddable":true,"href":"https:\/\/cms-articles.softonic.io\/br\/wp-json\/wp\/v2\/comments?post=53517"}],"version-history":[{"count":0,"href":"https:\/\/cms-articles.softonic.io\/br\/wp-json\/wp\/v2\/posts\/53517\/revisions"}],"wp:featuredmedia":[{"embeddable":true,"href":"https:\/\/cms-articles.softonic.io\/br\/wp-json\/wp\/v2\/media\/53518"}],"wp:attachment":[{"href":"https:\/\/cms-articles.softonic.io\/br\/wp-json\/wp\/v2\/media?parent=53517"}],"wp:term":[{"taxonomy":"category","embeddable":true,"href":"https:\/\/cms-articles.softonic.io\/br\/wp-json\/wp\/v2\/categories?post=53517"},{"taxonomy":"post_tag","embeddable":true,"href":"https:\/\/cms-articles.softonic.io\/br\/wp-json\/wp\/v2\/tags?post=53517"},{"taxonomy":"usertag","embeddable":true,"href":"https:\/\/cms-articles.softonic.io\/br\/wp-json\/wp\/v2\/usertag?post=53517"},{"taxonomy":"vertical","embeddable":true,"href":"https:\/\/cms-articles.softonic.io\/br\/wp-json\/wp\/v2\/vertical?post=53517"},{"taxonomy":"content-category","embeddable":true,"href":"https:\/\/cms-articles.softonic.io\/br\/wp-json\/wp\/v2\/content-category?post=53517"}],"curies":[{"name":"wp","href":"https:\/\/api.w.org\/{rel}","templated":true}]}}