{"id":57823,"date":"2026-09-04T07:00:00","date_gmt":"2026-09-04T11:00:00","guid":{"rendered":"https:\/\/cms-articles.softonic.io\/br\/?p=57823"},"modified":"2026-09-04T07:01:37","modified_gmt":"2026-09-04T11:01:37","slug":"harry-potter-agora-sabemos-por-que-alfonso-cuaron-nao-voltou","status":"publish","type":"post","link":"https:\/\/cms-articles.softonic.io\/br\/harry-potter-agora-sabemos-por-que-alfonso-cuaron-nao-voltou\/","title":{"rendered":"Harry Potter: agora sabemos por que Alfonso Cuar\u00f3n n\u00e3o voltou"},"content":{"rendered":"<p class=\"wp-block-paragraph\">Alfonso Cuar\u00f3n, diretor de <em>Harry Potter e o Prisioneiro de Azkaban<\/em>, contou por que n\u00e3o topou voltar para dirigir <em><a href=\"https:\/\/www.softonic.com.br\/artigos\/ja-sabemos-quando-veremos-hogwarts-na-serie-de-harry-potter-e-os-mais-fanaticos-vao-se-desesperar\" rel=\"noopener\">Harry Potter e o C\u00e1lice de Fogo<\/a><\/em>: de acordo com o produtor David Heyman, o cineasta saiu mo\u00eddo do terceiro filme e, quando recebeu a proposta para seguir na saga, simplesmente recusou.<\/p>\n<div class=\"sc-card-program\">\r\n  <div class=\"sc-card-program__body\">\r\n    <div class=\"sc-card-program__row clearfix\">\r\n      <div class=\"sc-card-program__col-logo\">\r\n        <img decoding=\"async\" class=\"sc-card-program__img\" src=\"https:\/\/images.sftcdn.net\/images\/t_app-icon-s\/p\/a2f73840-9b6e-11e6-a5b8-00163ec9f5fa\/2934564554\/hbo-max-logo\" alt=\"HBO Max\" width=\"100px\" height=\"100px\">\r\n      <\/div>\r\n      <div class=\"sc-card-program__col-title\">\r\n        <span class=\"sc-card-program__title\">HBO Max<\/span>\r\n        <a class=\"sc-card-program__button sc-card-program-internal\" href=\"https:\/\/hbo-max.en.softonic.com\/\" target=\"_blank\" rel=\"noopener noreferrer\">Download<\/a>\r\n      <\/div>\r\n      <div class=\"sc-card-program__col-rating\">\r\n        <svg class=\"rating-score__content\" xmlns=\"http:\/\/www.w3.org\/2000\/svg\" version=\"1.1\" x=\"0\" y=\"0\" viewbox=\"0 0 50 50\" enable-background=\"new 0 0 50 50\" xml:space=\"preserve\"><path class=\"rating-score__background rating-score--good\" fill=\"none\" stroke-width=\"6\" stroke-miterlimit=\"10\" d=\"M40 40c8.3-8.3 8.3-21.7 0-30s-21.7-8.3-30 0 -8.3 21.7 0 30\"><\/path><path class=\"rating-score__value rating-score__value--0\" fill=\"none\" stroke-width=\"6\" stroke-dashoffset=\"0\" stroke-miterlimit=\"10\" d=\"M40 40c8.3-8.3 8.3-21.7 0-30s-21.7-8.3-30 0 -8.3 21.7 0 30\"><\/path><text class=\"rating-score__number\" content=\"\" text-anchor=\"middle\" transform=\"matrix(1 0 0 1 25 31.0837)\" data-auto=\"app-user-score\"><\/text><\/svg>\r\n      <\/div>\r\n    <\/div>\r\n    <div class=\"sc-card-program__row\">\r\n      <span class=\"sc-card-program__description\"><\/span>\r\n    <\/div>\r\n    <div class=\"sc-card-program__row\">\r\n      <img decoding=\"async\" class=\"sc-card-program__bigpic\" src=\"\" onerror=\"this.style.display='none'\">\r\n    <\/div>\r\n    <a class=\"sc-card-program__link track-link sc-card-program-internal\" href=\"https:\/\/hbo-max.en.softonic.com\/\" target=\"_blank\" rel=\"noopener noreferrer\"><\/a>\r\n  <\/div>\r\n<\/div>\n\n\n\n<p class=\"wp-block-paragraph\">Se eu tivesse de apontar meu filme favorito de Harry Potter, seria, sem pensar muito, <em>Harry Potter e o Prisioneiro de Azkaban<\/em>. \u00c9 o terceiro longa, aquele em que Alfonso Cuar\u00f3n entrou no lugar de Chris Columbus, deu uma cara mais madura aos personagens e <strong>fez com eles basicamente o que quis, com cenas incr\u00edveis que o restante da saga bem que queria ter no curr\u00edculo<\/strong>.<\/p>\n\n<p class=\"wp-block-paragraph\">S\u00f3 que Alfonso Cuar\u00f3n preferiu n\u00e3o voltar para <em>Harry Potter e o C\u00e1lice de Fogo<\/em>, e durante muito tempo muita gente ficou tentando entender o motivo. Agora, tantos anos depois, a resposta enfim apareceu.<\/p>\n\n<h2 class=\"wp-block-heading\">Cuaronus Directorus!<\/h2>\n\n<p class=\"wp-block-paragraph\"><strong><em>\u201cCabr\u00f3n\u201d<\/strong><\/em>. Foi isso que Alfonso Cuar\u00f3n respondeu quando, j\u00e1 drenado depois de fazer o terceiro filme, sugeriram que ele continuasse, segundo contou o produtor David Heyman: <em>\u201cPerguntamos a Alfonso se ele queria fazer o quarto, e ele disse \u2018Cabr\u00f3n\u2019. Acho que ele estava acabado. Vejo imagens do Alfonso naquela \u00e9poca (ele \u00e9 um dos meus melhores amigos e padrinho do meu filho, e eu o adoro) e ele estava exausto\u201d<\/em>.<\/p>\n\n<p class=\"wp-block-paragraph\">E, pelo que o pr\u00f3prio David Heyman relata, nem existia muita chance de convenc\u00ea-lo a voltar: <em>\u201cChris Columbus era como uma crian\u00e7a, incr\u00edvel. Alfonso se entregou por completo. Ele disse n\u00e3o\u201d<\/em>.<\/p>\n\n<p class=\"wp-block-paragraph\">Ao mesmo tempo, <strong>depois de <em>Harry Potter e a C\u00e2mara Secreta<\/strong><\/em> porque queria voltar para os Estados Unidos, o est\u00fadio precisou procurar outro rumo, e foi assim que Mike Newell acabou entrando na saga.<\/p>\n\n<p class=\"wp-block-paragraph\">A d\u00favida reaparece quando chegar a vez da terceira temporada da s\u00e9rie de <em>Harry Potter<\/em> da HBO: <strong>o filme era t\u00e3o singular<\/strong>. Harry Potter, s\u00f3 que com a varinha murcha.<\/p>","protected":false},"excerpt":{"rendered":"<p>Alfonso Cuar\u00f3n, diretor de Harry Potter e o Prisioneiro de Azkaban, contou por que n\u00e3o topou voltar para dirigir Harry Potter e o C\u00e1lice de Fogo: de acordo com o produtor David Heyman, o cineasta saiu mo\u00eddo do terceiro filme e, quando recebeu a proposta para seguir na saga, simplesmente recusou. Se eu tivesse de &hellip; <a href=\"https:\/\/cms-articles.softonic.io\/br\/harry-potter-agora-sabemos-por-que-alfonso-cuaron-nao-voltou\/\" class=\"more-link\">Continue reading<span class=\"screen-reader-text\"> &#8220;Harry Potter: agora sabemos por que Alfonso Cuar\u00f3n n\u00e3o voltou&#8221;<\/span><\/a><\/p>\n","protected":false},"author":9263,"featured_media":57822,"comment_status":"closed","ping_status":"closed","sticky":false,"template":"","format":"standard","meta":{"footnotes":"","wpcf-pageviews":0},"categories":[4082],"tags":[],"usertag":[],"vertical":[],"content-category":[],"class_list":["post-57823","post","type-post","status-publish","format-standard","has-post-thumbnail","hentry","category-news"],"aioseo_notices":[],"_links":{"self":[{"href":"https:\/\/cms-articles.softonic.io\/br\/wp-json\/wp\/v2\/posts\/57823","targetHints":{"allow":["GET"]}}],"collection":[{"href":"https:\/\/cms-articles.softonic.io\/br\/wp-json\/wp\/v2\/posts"}],"about":[{"href":"https:\/\/cms-articles.softonic.io\/br\/wp-json\/wp\/v2\/types\/post"}],"author":[{"embeddable":true,"href":"https:\/\/cms-articles.softonic.io\/br\/wp-json\/wp\/v2\/users\/9263"}],"replies":[{"embeddable":true,"href":"https:\/\/cms-articles.softonic.io\/br\/wp-json\/wp\/v2\/comments?post=57823"}],"version-history":[{"count":1,"href":"https:\/\/cms-articles.softonic.io\/br\/wp-json\/wp\/v2\/posts\/57823\/revisions"}],"predecessor-version":[{"id":57824,"href":"https:\/\/cms-articles.softonic.io\/br\/wp-json\/wp\/v2\/posts\/57823\/revisions\/57824"}],"wp:featuredmedia":[{"embeddable":true,"href":"https:\/\/cms-articles.softonic.io\/br\/wp-json\/wp\/v2\/media\/57822"}],"wp:attachment":[{"href":"https:\/\/cms-articles.softonic.io\/br\/wp-json\/wp\/v2\/media?parent=57823"}],"wp:term":[{"taxonomy":"category","embeddable":true,"href":"https:\/\/cms-articles.softonic.io\/br\/wp-json\/wp\/v2\/categories?post=57823"},{"taxonomy":"post_tag","embeddable":true,"href":"https:\/\/cms-articles.softonic.io\/br\/wp-json\/wp\/v2\/tags?post=57823"},{"taxonomy":"usertag","embeddable":true,"href":"https:\/\/cms-articles.softonic.io\/br\/wp-json\/wp\/v2\/usertag?post=57823"},{"taxonomy":"vertical","embeddable":true,"href":"https:\/\/cms-articles.softonic.io\/br\/wp-json\/wp\/v2\/vertical?post=57823"},{"taxonomy":"content-category","embeddable":true,"href":"https:\/\/cms-articles.softonic.io\/br\/wp-json\/wp\/v2\/content-category?post=57823"}],"curies":[{"name":"wp","href":"https:\/\/api.w.org\/{rel}","templated":true}]}}