{"id":31563,"date":"2013-06-19T16:13:33","date_gmt":"2013-06-19T15:13:33","guid":{"rendered":"http:\/\/onsoftware.softonic.de\/?p=31563"},"modified":"2024-03-08T06:43:28","modified_gmt":"2024-03-08T05:43:28","slug":"adobe-creative-cloud-update-ab-sofort-erhaltlich","status":"publish","type":"post","link":"https:\/\/cms-articles.softonic.io\/de\/adobe-creative-cloud-update-ab-sofort-erhaltlich\/","title":{"rendered":"Adobe Creative Cloud Update ab sofort erh\u00e4ltlich"},"content":{"rendered":"<p><strong><a href=\"http:\/\/www.softonic.de\/s\/adobe:multiplatform\" target=\"_self\" rel=\"noopener noreferrer\">Adobe<\/a> hat ein gro\u00dfes Update der <a href=\"http:\/\/adobe-creative-cloud.softonic.de\/\" target=\"_self\" rel=\"noopener noreferrer\">Abo-Software Creative Cloud<\/a> ver\u00f6ffentlicht. Das Update umfasst zahlreiche neue Funktionen f\u00fcr Programme wie <a href=\"http:\/\/www.softonic.de\/s\/photoshop:multiplatform\" target=\"_self\" rel=\"noopener noreferrer\">Photoshop<\/a> und <a href=\"http:\/\/www.softonic.de\/s\/dreamweaver:multiplatform\" target=\"_self\" rel=\"noopener noreferrer\">DreamWeaver<\/a>, welche das Softwareunternehmen bereits auf der Entwicklermesse Adobe MAX im Mai vorgestellt hat.<br \/>\n<\/strong><\/p>\n<p>Creative Cloud Kunden sehen das gro\u00dfe Updates ab jetzt auf der <a href=\"https:\/\/creative.adobe.com\/\" target=\"_blank\" rel=\"noopener noreferrer\">Creative Cloud Internetseite<\/a>. Das App Center hat Adobe vollst\u00e4ndig \u00fcberarbeitet und mit einem neuen Design versehen. F\u00fcr Gesch\u00e4ftskunden und Universit\u00e4ten sind die \u00c4nderungen ab dem 21. Juni erh\u00e4ltlich. Beh\u00f6rden und Regierungseinrichtungen folgen im Juli.<\/p>\n<p>Neben den \u00fcberarbeiteten Internetdiensten aktualisiert das Update auch die Creative Cloud-Versionen der bekannten Software-Programme. Hinzu kommt eine neue Desktop-App, mit der Nutzer alle Downloads und ihr Benutzerkonto auf dem PC verwalten.<\/p>\n<p><img loading=\"lazy\" decoding=\"async\" class=\"aligncenter size-full wp-image-31567\" title=\"cc-outer\" src=\"https:\/\/articles-img.sftcdn.net\/sft\/articles\/auto-mapping-folder\/sites\/8\/2013\/06\/cc-outer.jpg\" alt=\"\" width=\"600\" height=\"319\" srcset=\"https:\/\/articles-img.sftcdn.net\/auto-mapping-folder\/sites\/8\/2013\/06\/cc-outer.jpg 940w, https:\/\/articles-img.sftcdn.net\/auto-mapping-folder\/sites\/8\/2013\/06\/cc-outer-256x136.jpg 256w, https:\/\/articles-img.sftcdn.net\/auto-mapping-folder\/sites\/8\/2013\/06\/cc-outer-568x302.jpg 568w\" sizes=\"auto, (max-width: 600px) 100vw, 600px\" \/><\/p>\n<p>Die wichtigsten Verbesserungen im \u00dcberblick:<\/p>\n<ul>\n<li>Synchronisation der Programm-Einstellungen \u00fcber die Creative Cloud<\/li>\n<li>Integration der Nutzer-Community <em>Behance<\/em><\/li>\n<li>eine <em>Behance Pro<\/em>-Seite f\u00fcr Creative Cloud Mitglieder<\/li>\n<li>neue <a href=\"http:\/\/target.georiot.com\/Proxy.ashx?tsid=107&amp;GR_URL=https%253A%252F%252Fitunes.apple.com%252Fde%252Fapp%252Fadobe-kuler%252Fid632313714%253Fmt%253D8%2526uo%253D4%2526partnerId%253D30\" target=\"_blank\" rel=\"noopener noreferrer\">iPhone App Adobe Kuler<\/a>,\u00fcber die Nutzer Farb-Schemata austauschen<\/li>\n<li>eine verbesserte Digital Publishing Suite zum Ver\u00f6ffentlichen von iPad Apps ohne Programmierkenntnisse<\/li>\n<li>\u00fcber 200 neue Tutorials in der Creative Cloud<\/li>\n<\/ul>\n<p>Via <a href=\"http:\/\/blogs.adobe.com\/creativecloud\/major-update-to-adobe-creative-cloud-now-available\/\" target=\"_blank\" rel=\"noopener noreferrer\">Adobe<\/a><\/p>\n<h3><a href=\"http:\/\/www.softonic.de\/author\/adobe\" target=\"_self\" rel=\"noopener noreferrer\">Download Adobe Creative Cloud Apps<\/a><\/h3>\n","protected":false},"excerpt":{"rendered":"<p>Adobe hat ein gro\u00dfes Update der Abo-Software Creative Cloud ver\u00f6ffentlicht. Das Update umfasst zahlreiche neue Funktionen f\u00fcr Programme wie Photoshop und DreamWeaver, welche das Softwareunternehmen bereits auf der Entwicklermesse Adobe MAX im Mai vorgestellt hat. Creative Cloud Kunden sehen das gro\u00dfe Updates ab jetzt auf der Creative Cloud Internetseite. Das App Center hat Adobe vollst\u00e4ndig &hellip; <a href=\"https:\/\/cms-articles.softonic.io\/de\/adobe-creative-cloud-update-ab-sofort-erhaltlich\/\" class=\"more-link\">Continue reading<span class=\"screen-reader-text\"> &#8220;Adobe Creative Cloud Update ab sofort erh\u00e4ltlich&#8221;<\/span><\/a><\/p>\n","protected":false},"author":7029,"featured_media":0,"comment_status":"open","ping_status":"open","sticky":false,"template":"","format":"standard","meta":{"footnotes":"","wpcf-pageviews":0},"categories":[3152],"tags":[],"usertag":[],"vertical":[],"content-category":[],"class_list":["post-31563","post","type-post","status-publish","format-standard","hentry","category-news"],"aioseo_notices":[],"_links":{"self":[{"href":"https:\/\/cms-articles.softonic.io\/de\/wp-json\/wp\/v2\/posts\/31563","targetHints":{"allow":["GET"]}}],"collection":[{"href":"https:\/\/cms-articles.softonic.io\/de\/wp-json\/wp\/v2\/posts"}],"about":[{"href":"https:\/\/cms-articles.softonic.io\/de\/wp-json\/wp\/v2\/types\/post"}],"author":[{"embeddable":true,"href":"https:\/\/cms-articles.softonic.io\/de\/wp-json\/wp\/v2\/users\/7029"}],"replies":[{"embeddable":true,"href":"https:\/\/cms-articles.softonic.io\/de\/wp-json\/wp\/v2\/comments?post=31563"}],"version-history":[{"count":0,"href":"https:\/\/cms-articles.softonic.io\/de\/wp-json\/wp\/v2\/posts\/31563\/revisions"}],"wp:attachment":[{"href":"https:\/\/cms-articles.softonic.io\/de\/wp-json\/wp\/v2\/media?parent=31563"}],"wp:term":[{"taxonomy":"category","embeddable":true,"href":"https:\/\/cms-articles.softonic.io\/de\/wp-json\/wp\/v2\/categories?post=31563"},{"taxonomy":"post_tag","embeddable":true,"href":"https:\/\/cms-articles.softonic.io\/de\/wp-json\/wp\/v2\/tags?post=31563"},{"taxonomy":"usertag","embeddable":true,"href":"https:\/\/cms-articles.softonic.io\/de\/wp-json\/wp\/v2\/usertag?post=31563"},{"taxonomy":"vertical","embeddable":true,"href":"https:\/\/cms-articles.softonic.io\/de\/wp-json\/wp\/v2\/vertical?post=31563"},{"taxonomy":"content-category","embeddable":true,"href":"https:\/\/cms-articles.softonic.io\/de\/wp-json\/wp\/v2\/content-category?post=31563"}],"curies":[{"name":"wp","href":"https:\/\/api.w.org\/{rel}","templated":true}]}}