{"id":35564,"date":"2013-09-10T18:43:07","date_gmt":"2013-09-10T17:43:07","guid":{"rendered":"http:\/\/onsoftware.softonic.de\/?p=35564"},"modified":"2024-03-08T06:38:03","modified_gmt":"2024-03-08T05:38:03","slug":"iwork-imovie-und-iphoto-fur-ios-mit-jedem-neuen-gerat-gratis-10-09-2013","status":"publish","type":"post","link":"https:\/\/cms-articles.softonic.io\/de\/iwork-imovie-und-iphoto-fur-ios-mit-jedem-neuen-gerat-gratis-10-09-2013\/","title":{"rendered":"iWork, iMovie und iPhoto f\u00fcr iOS mit jedem neuen Ger\u00e4t gratis"},"content":{"rendered":"<p><strong>Die iWork-Apps f\u00fcr iOS sowie iMovie und iPhoto erh\u00e4lt man in Zukunft mit jedem neuen Ger\u00e4t kostenlos. Anders als vielerorts erwartet gab es bei der Apple-Pr\u00e4sentation am Dienstag kein Update f\u00fcr die iWork-Apps.<\/strong><\/p>\n<hr \/>\n<h3 style=\"text-align: center\"><a href=\"http:\/\/artikel.softonic.de\/ios-7\" target=\"_self\" rel=\"noopener noreferrer\">Alles zu iOS 7<\/a><\/h3>\n<hr \/>\n<p>iWork umfasst die Produktivit\u00e4ts-Apps <a href=\"http:\/\/pages.softonic.de\/iphone\" target=\"_self\" rel=\"noopener noreferrer\">Pages<\/a>, <a href=\"http:\/\/numbers.softonic.de\/iphone\" target=\"_self\" rel=\"noopener noreferrer\">Numbers<\/a> und <a href=\"http:\/\/keynote.softonic.de\/iphone\" target=\"_self\" rel=\"noopener noreferrer\">Keynote<\/a>. F\u00fcr kreative Menschen verschenkt Apple zudem die Fotoverwaltung iPhoto und die Videobearbeitungs-App iMovie.<\/p>\n<p><img loading=\"lazy\" decoding=\"async\" class=\"aligncenter size-full wp-image-35625\" title=\"iWork-iMovie-und-iPhoto\" src=\"https:\/\/articles-img.sftcdn.net\/sft\/articles\/auto-mapping-folder\/sites\/8\/2013\/09\/iWorks-iMovie-y-iPhoto.png\" alt=\"\" width=\"295\" height=\"402\" srcset=\"https:\/\/articles-img.sftcdn.net\/auto-mapping-folder\/sites\/8\/2013\/09\/iWorks-iMovie-y-iPhoto.png 295w, https:\/\/articles-img.sftcdn.net\/auto-mapping-folder\/sites\/8\/2013\/09\/iWorks-iMovie-y-iPhoto-268x365.png 268w\" sizes=\"auto, (max-width: 295px) 100vw, 295px\" \/><\/p>\n<p>Die iOS iWork-Apps haben seit der Ank\u00fcndigung von &#8220;<a href=\"http:\/\/www.apple.com\/de\/icloud\/features\/documents.html\" target=\"_blank\" rel=\"noopener noreferrer\">Dokumente in der Cloud&#8221;<\/a> im Juni 2012 kein gro\u00dfes Update mehr erhalten. Nach einem Fehler im iTunes Store war vielerorts ein Update f\u00fcr die iWork-Apps erwartet worden. Zu den iWork-Apps war dort f\u00fcr kurze Zeit der Zusatz &#8220;Optimiert f\u00fcr iPhone 6&#8221; zu finden.<\/p>\n<h3>Keine Neuigkeiten zu iWork f\u00fcr iCloud und iWork f\u00fcr Mac<\/h3>\n<p>Neuigkeiten zu den iWork-Versionen in der Cloud und f\u00fcr den Mac hat Apple bislang nicht ver\u00f6ffentlicht. iWork f\u00fcr iCloud beta ist im Juni nach der Apple-Pr\u00e4sentation auf der WWDC als Entwicklervorschau online gegangen. Am 23. August machte der Konzern die Beta-Phase \u00f6ffentlich zug\u00e4nglich, schr\u00e4nkte die Nutzung wegen einer hohen Nachfrage allerdings ein. Anders als die iOS Programme sind die Internet-Apps von Anfang an ohne das skeuomorphe Design erschienen.<\/p>\n<p>Die Mac-Versionen von <a href=\"http:\/\/pages.softonic.de\/mac\" target=\"_self\" rel=\"noopener noreferrer\">Pages<\/a>, <a href=\"http:\/\/numbers.softonic.de\/mac\" target=\"_self\" rel=\"noopener noreferrer\">Numbers<\/a> und <a href=\"http:\/\/keynote.softonic.de\/mac\" target=\"_self\" rel=\"noopener noreferrer\">Keynote<\/a> basieren bis heute auf dem 2009 ver\u00f6ffentlichten iWork 09 und haben zuletzt im Dezember vergangenen Jahres ein kleines Update erhalten, um die Cloud-Funktionalit\u00e4t der neuen iOS-Apps nachzuliefern.<\/p>\n","protected":false},"excerpt":{"rendered":"<p>Die iWork-Apps f\u00fcr iOS sowie iMovie und iPhoto erh\u00e4lt man in Zukunft mit jedem neuen Ger\u00e4t kostenlos. Anders als vielerorts erwartet gab es bei der Apple-Pr\u00e4sentation am Dienstag kein Update f\u00fcr die iWork-Apps. Alles zu iOS 7 iWork umfasst die Produktivit\u00e4ts-Apps Pages, Numbers und Keynote. F\u00fcr kreative Menschen verschenkt Apple zudem die Fotoverwaltung iPhoto und &hellip; <a href=\"https:\/\/cms-articles.softonic.io\/de\/iwork-imovie-und-iphoto-fur-ios-mit-jedem-neuen-gerat-gratis-10-09-2013\/\" class=\"more-link\">Continue reading<span class=\"screen-reader-text\"> &#8220;iWork, iMovie und iPhoto f\u00fcr iOS mit jedem neuen Ger\u00e4t gratis&#8221;<\/span><\/a><\/p>\n","protected":false},"author":7029,"featured_media":35565,"comment_status":"open","ping_status":"open","sticky":false,"template":"","format":"standard","meta":{"footnotes":"","wpcf-pageviews":0},"categories":[3383],"tags":[3313,411],"usertag":[],"vertical":[],"content-category":[],"class_list":["post-35564","post","type-post","status-publish","format-standard","has-post-thumbnail","hentry","category-uncategorized","tag-app-subdomain-redirectioniphoto","tag-iwork"],"aioseo_notices":[],"_links":{"self":[{"href":"https:\/\/cms-articles.softonic.io\/de\/wp-json\/wp\/v2\/posts\/35564","targetHints":{"allow":["GET"]}}],"collection":[{"href":"https:\/\/cms-articles.softonic.io\/de\/wp-json\/wp\/v2\/posts"}],"about":[{"href":"https:\/\/cms-articles.softonic.io\/de\/wp-json\/wp\/v2\/types\/post"}],"author":[{"embeddable":true,"href":"https:\/\/cms-articles.softonic.io\/de\/wp-json\/wp\/v2\/users\/7029"}],"replies":[{"embeddable":true,"href":"https:\/\/cms-articles.softonic.io\/de\/wp-json\/wp\/v2\/comments?post=35564"}],"version-history":[{"count":0,"href":"https:\/\/cms-articles.softonic.io\/de\/wp-json\/wp\/v2\/posts\/35564\/revisions"}],"wp:featuredmedia":[{"embeddable":true,"href":"https:\/\/cms-articles.softonic.io\/de\/wp-json\/wp\/v2\/media\/35565"}],"wp:attachment":[{"href":"https:\/\/cms-articles.softonic.io\/de\/wp-json\/wp\/v2\/media?parent=35564"}],"wp:term":[{"taxonomy":"category","embeddable":true,"href":"https:\/\/cms-articles.softonic.io\/de\/wp-json\/wp\/v2\/categories?post=35564"},{"taxonomy":"post_tag","embeddable":true,"href":"https:\/\/cms-articles.softonic.io\/de\/wp-json\/wp\/v2\/tags?post=35564"},{"taxonomy":"usertag","embeddable":true,"href":"https:\/\/cms-articles.softonic.io\/de\/wp-json\/wp\/v2\/usertag?post=35564"},{"taxonomy":"vertical","embeddable":true,"href":"https:\/\/cms-articles.softonic.io\/de\/wp-json\/wp\/v2\/vertical?post=35564"},{"taxonomy":"content-category","embeddable":true,"href":"https:\/\/cms-articles.softonic.io\/de\/wp-json\/wp\/v2\/content-category?post=35564"}],"curies":[{"name":"wp","href":"https:\/\/api.w.org\/{rel}","templated":true}]}}