{"id":49845,"date":"2014-04-23T13:27:40","date_gmt":"2014-04-23T12:27:40","guid":{"rendered":"http:\/\/onsoftware.softonic.de\/?p=49845"},"modified":"2024-03-08T06:14:34","modified_gmt":"2024-03-08T05:14:34","slug":"twitter-neues-design-der-profilseiten-startet-fur-alle-nutzer-in-der-web-version-23-04-2014","status":"publish","type":"post","link":"https:\/\/cms-articles.softonic.io\/de\/twitter-neues-design-der-profilseiten-startet-fur-alle-nutzer-in-der-web-version-23-04-2014\/","title":{"rendered":"Twitter: Die neuen Profilseiten im Facebook-Look stehen jetzt allen Nutzern zur Verf\u00fcgung"},"content":{"rendered":"<p>Vor einigen Wochen hat Twitter bereits ein neues Design f\u00fcr einige Nutzer der Web-Version getestet. Jetzt steht das <strong>\u00fcberarbeitete Aussehen von Profilseiten<\/strong> allen Anwendern zur Verf\u00fcgung. Der neue Look bringt gr\u00f6\u00dfere Profil- und Hintergrundbilder und erlaubt das Filtern und Anheften von Kurznachrichten.<\/p>\n<p>Die neue Version bringt die Nutzerprofile auf der Internetseite des\u00a0Kurznachrichtendienstes einen Schritt n\u00e4her an die Gestaltung von Facebook. Der eigentliche <em>Twitter-Stream<\/em> bleibt aber unver\u00e4ndert. Im Mittelpunkt des neuen Designs steht der <strong>Nutzer<\/strong>: Einzelne Tweets lassen sich zuoberst anheften, um Besuchern eine Art Aush\u00e4ngeschild oder eine gelungene Nachricht zu pr\u00e4sentieren. Die gr\u00f6\u00dferen Hintergrund- und Profilbilder r\u00e4umen mehr Freiheit f\u00fcr <strong>visuelle Kreativit\u00e4t<\/strong> ein.<img loading=\"lazy\" decoding=\"async\" class=\"aligncenter size-large wp-image-49858\" title=\"Twitter neues Design\" src=\"https:\/\/articles-img.sftcdn.net\/sft\/articles\/auto-mapping-folder\/sites\/8\/2014\/04\/Twitter-redesign-header-568x319.jpg\" alt=\"Twitter neues Design\" width=\"568\" height=\"319\" srcset=\"https:\/\/articles-img.sftcdn.net\/auto-mapping-folder\/sites\/8\/2014\/04\/Twitter-redesign-header-568x319.jpg 568w, https:\/\/articles-img.sftcdn.net\/auto-mapping-folder\/sites\/8\/2014\/04\/Twitter-redesign-header-268x150.jpg 268w, https:\/\/articles-img.sftcdn.net\/auto-mapping-folder\/sites\/8\/2014\/04\/Twitter-redesign-header-800x450.jpg 800w, https:\/\/articles-img.sftcdn.net\/auto-mapping-folder\/sites\/8\/2014\/04\/Twitter-redesign-header-664x374.jpg 664w, https:\/\/articles-img.sftcdn.net\/auto-mapping-folder\/sites\/8\/2014\/04\/Twitter-redesign-header-300x169.jpg 300w, https:\/\/articles-img.sftcdn.net\/auto-mapping-folder\/sites\/8\/2014\/04\/Twitter-redesign-header-238x134.jpg 238w, https:\/\/articles-img.sftcdn.net\/auto-mapping-folder\/sites\/8\/2014\/04\/Twitter-redesign-header.jpg 1280w\" sizes=\"auto, (max-width: 568px) 100vw, 568px\" \/><\/p>\n<p>Die \u00dcberarbeitung bringt auch die M\u00f6glichkeit, Nachrichten nach Tweets mit Fotos oder Videos zu <strong>filtern<\/strong> oder nach Favoriten und Tweets mit Antworten zu sortieren. Twitter hebt Nachrichten mit reger Interaktion von anderen Nutzern <strong>optisch hervor<\/strong>.<\/p>\n<p>Das neue Hintergrundbild ist auf allen Ger\u00e4ten sichtbar, angeheftete Tweets aber nur in der Web-Version. Von Twitter selbst gibt es keine Angabe, ob und wann das neue Aussehen automatisch das alte ersetzen wird. Wer das Design ausprobieren will, kann dies mit <a title=\"Twitter: Meet the new You\" href=\"https:\/\/about.twitter.com\/products\/new-profiles\" target=\"_self\" rel=\"noopener noreferrer\">Twitters Anleitung<\/a> ab sofort selbst umstellen.<\/p>\n<h3>Downloads<\/h3>\n<ul>\n<li><a title=\"Twitter herunterladen\" href=\"http:\/\/twitter.softonic.de\/android\" target=\"_self\" rel=\"noopener noreferrer\">Twitter f\u00fcr Android herunterladen<\/a><\/li>\n<li><a title=\"Twitter herunterladen\" href=\"http:\/\/twitter.softonic.de\/iphone\" target=\"_self\" rel=\"noopener noreferrer\">Twitter f\u00fcr iPhone herunterladen<\/a><\/li>\n<li><a title=\"Twitter herunterladen\" href=\"http:\/\/twitter.softonic.de\/windows-phone-7\" target=\"_self\" rel=\"noopener noreferrer\">Twitter f\u00fcr Windows Phone herunterladen<\/a><\/li>\n<\/ul>\n<h3>Passende Artikel<\/h3>\n<ul>\n<li><a title=\"Twitter: Was ist das und brauche ich das?\" href=\"http:\/\/artikel.softonic.de\/twitter-was-ist-das-und-brauche-ich-das\" target=\"_self\" rel=\"noopener noreferrer\">Twitter: Was ist das und brauche ich das?<\/a><\/li>\n<li><a title=\"Twitter: Was sind Hashtags?\" href=\"http:\/\/artikel.softonic.de\/twitter-was-sind-hashtags\" target=\"_self\" rel=\"noopener noreferrer\">Twitter: Was sind Hashtags?<\/a><\/li>\n<li><a title=\"7 n\u00fctzliche Twitter-Anwendungen\" href=\"http:\/\/artikel.softonic.de\/7-nutzliche-twitter-anwendungen\" target=\"_self\" rel=\"noopener noreferrer\">7 n\u00fctzliche Twitter-Anwendungen<\/a><\/li>\n<li><a title=\"Twitter: Foto-Tweets werden sozialer, Teilen-Funktion ersetzt Retweets\" href=\"http:\/\/news.softonic.de\/twitter-macht-das-teilen-von-fotos-sozialer-und-ersetzt-retweets-durch-shares-27-03-2014\" target=\"_self\" rel=\"noopener noreferrer\">Twitter: Foto-Tweets werden sozialer, Teilen-Funktion ersetzt Retweets<\/a><\/li>\n<li><a title=\"Twitter-Sperre in der T\u00fcrkei: Verwaltungsgericht in Ankara entscheidet gegen eine Blockade\" href=\"http:\/\/news.softonic.de\/verwaltungsgericht-in-ankara-entscheidet-gegen-twitter-sperre-in-der-turkei-26-03-2014\" target=\"_self\" rel=\"noopener noreferrer\">Twitter-Sperre in der T\u00fcrkei: Verwaltungsgericht in Ankara entscheidet gegen eine Blockade<\/a><\/li>\n<\/ul>\n<p><em>Quelle: <a title=\"Twitter Blog: Your new web profile is here \" href=\"https:\/\/blog.twitter.com\/2014\/your-new-web-profile-is-here\" target=\"_blank\" rel=\"noopener noreferrer\">Twitter<\/a><\/em><\/p>\n","protected":false},"excerpt":{"rendered":"<p>Vor einigen Wochen hat Twitter bereits ein neues Design f\u00fcr einige Nutzer der Web-Version getestet. Jetzt steht das \u00fcberarbeitete Aussehen von Profilseiten allen Anwendern zur Verf\u00fcgung. Der neue Look bringt gr\u00f6\u00dfere Profil- und Hintergrundbilder und erlaubt das Filtern und Anheften von Kurznachrichten. Die neue Version bringt die Nutzerprofile auf der Internetseite des\u00a0Kurznachrichtendienstes einen Schritt n\u00e4her &hellip; <a href=\"https:\/\/cms-articles.softonic.io\/de\/twitter-neues-design-der-profilseiten-startet-fur-alle-nutzer-in-der-web-version-23-04-2014\/\" class=\"more-link\">Continue reading<span class=\"screen-reader-text\"> &#8220;Twitter: Die neuen Profilseiten im Facebook-Look stehen jetzt allen Nutzern zur Verf\u00fcgung&#8221;<\/span><\/a><\/p>\n","protected":false},"author":7038,"featured_media":49846,"comment_status":"open","ping_status":"open","sticky":false,"template":"","format":"standard","meta":{"footnotes":"","wpcf-pageviews":0},"categories":[3383],"tags":[786,1102,1103,890,440,439],"usertag":[],"vertical":[],"content-category":[],"class_list":["post-49845","post","type-post","status-publish","format-standard","has-post-thumbnail","hentry","category-uncategorized","tag-design","tag-kurznachrichten","tag-profil","tag-tweets","tag-twitter","tag-web-2"],"aioseo_notices":[],"_links":{"self":[{"href":"https:\/\/cms-articles.softonic.io\/de\/wp-json\/wp\/v2\/posts\/49845","targetHints":{"allow":["GET"]}}],"collection":[{"href":"https:\/\/cms-articles.softonic.io\/de\/wp-json\/wp\/v2\/posts"}],"about":[{"href":"https:\/\/cms-articles.softonic.io\/de\/wp-json\/wp\/v2\/types\/post"}],"author":[{"embeddable":true,"href":"https:\/\/cms-articles.softonic.io\/de\/wp-json\/wp\/v2\/users\/7038"}],"replies":[{"embeddable":true,"href":"https:\/\/cms-articles.softonic.io\/de\/wp-json\/wp\/v2\/comments?post=49845"}],"version-history":[{"count":0,"href":"https:\/\/cms-articles.softonic.io\/de\/wp-json\/wp\/v2\/posts\/49845\/revisions"}],"wp:featuredmedia":[{"embeddable":true,"href":"https:\/\/cms-articles.softonic.io\/de\/wp-json\/wp\/v2\/media\/49846"}],"wp:attachment":[{"href":"https:\/\/cms-articles.softonic.io\/de\/wp-json\/wp\/v2\/media?parent=49845"}],"wp:term":[{"taxonomy":"category","embeddable":true,"href":"https:\/\/cms-articles.softonic.io\/de\/wp-json\/wp\/v2\/categories?post=49845"},{"taxonomy":"post_tag","embeddable":true,"href":"https:\/\/cms-articles.softonic.io\/de\/wp-json\/wp\/v2\/tags?post=49845"},{"taxonomy":"usertag","embeddable":true,"href":"https:\/\/cms-articles.softonic.io\/de\/wp-json\/wp\/v2\/usertag?post=49845"},{"taxonomy":"vertical","embeddable":true,"href":"https:\/\/cms-articles.softonic.io\/de\/wp-json\/wp\/v2\/vertical?post=49845"},{"taxonomy":"content-category","embeddable":true,"href":"https:\/\/cms-articles.softonic.io\/de\/wp-json\/wp\/v2\/content-category?post=49845"}],"curies":[{"name":"wp","href":"https:\/\/api.w.org\/{rel}","templated":true}]}}