{"id":52513,"date":"2014-05-30T13:01:36","date_gmt":"2014-05-30T12:01:36","guid":{"rendered":"http:\/\/onsoftware.softonic.de\/?p=52513"},"modified":"2024-03-08T06:10:03","modified_gmt":"2024-03-08T05:10:03","slug":"das-erste-fur-ios-die-ard-app-steht-momentan-nicht-im-app-store-zur-verfugung","status":"publish","type":"post","link":"https:\/\/cms-articles.softonic.io\/de\/das-erste-fur-ios-die-ard-app-steht-momentan-nicht-im-app-store-zur-verfugung\/","title":{"rendered":"Das Erste f\u00fcr iOS: Die ARD-App steht momentan nicht im App Store zur Verf\u00fcgung"},"content":{"rendered":"<p>Wegen eines <strong>technischen Fehlers<\/strong> steht die iOS-App <a title=\"Das Erste Testbericht\" href=\"http:\/\/das-erste.softonic.de\/\" target=\"_self\" rel=\"noopener noreferrer\">Das Erste<\/a> der ARD momentan nicht in Apples App Store zur Verf\u00fcgung. <em>Das Erste<\/em> bietet Nutzern Zugriff auf Live-Streams, das Sendungsarchiv der Mediathek sowie das TV-Programm und Tipps des Senders. Vor kurzem ist die Anwendung auch f\u00fcr <a title=\"Das Erste als App: ARD Live-Fernsehen, Programm und Mediathek jetzt auch f\u00fcr Windows Phone\" href=\"http:\/\/news.softonic.de\/das-erste-als-app-ard-live-fernsehen-programm-und-mediathek-jetzt-auch-fur-windows-phone\" target=\"_self\" rel=\"noopener noreferrer\">Windows Phone<\/a> gestartet.<\/p>\n<p><em>Das Erste<\/em> f\u00fcr iOS steht momentan nicht zum <strong>Download \u00fcber iTunes<\/strong> bereit. Auf unsere Anfrage teilte uns die ARD-Sprecherin Sabine Knott mit, dass der <strong>Fehler bei Apple<\/strong> liegt. Das Erste Deutsche Fernsehen hofft auf eine schnellstm\u00f6gliche Beseitigung des Problems.<\/p>\n<p>Wegen des technischen Fehlers ist eine Neu-Installation nicht m\u00f6glich. Wer die App Das Erste bereits auf seinem iPad oder iPhone installiert hat, kann die Anwendung nat\u00fcrlich ohne Probleme weiter nutzen.<\/p>\n<p><em>Update (2.6.2014, 16:00 Uhr):<\/em> Inzwischen ist die Anwendung <em>Das Erste<\/em> auch wieder f\u00fcr <a title=\"Das Erste f\u00fcr iOS herunterladen\" href=\"http:\/\/das-erste.softonic.de\/iphone\" target=\"_self\" rel=\"noopener noreferrer\">iOS<\/a> im App Store erh\u00e4ltlich.<\/p>\n<p><span style=\"font-weight: bold;font-style: italic\">Dem Autor Jakob Straub auf <\/span><a style=\"font-weight: bold;font-style: italic\" title=\"@jakobstraub auf Twitter folgen\" href=\"https:\/\/twitter.com\/jakobstraub\" target=\"_blank\" rel=\"noopener noreferrer\">Twitter<\/a><span style=\"font-weight: bold;font-style: italic\"> und <\/span><a style=\"font-weight: bold;font-style: italic\" title=\"Jakob Straub auf Google+ folgen.\" rel=\"author noopener noreferrer\" href=\"https:\/\/plus.google.com\/101955307964278377393\/\" target=\"_blank\">Google+<\/a><span style=\"font-weight: bold;font-style: italic\"> folgen.<\/span><\/p>\n<h3>Downloads<\/h3>\n<ul>\n<li><a title=\"Das Erste f\u00fcr Windows Phone herunterladen\" href=\"http:\/\/das-erste.softonic.de\/windows-phone-7\" target=\"_self\" rel=\"noopener noreferrer\">Das Erste f\u00fcr Windows Phone herunterladen<\/a><\/li>\n<li><a title=\"Das Erste f\u00fcr Android herunterladen\" href=\"http:\/\/das-erste.softonic.de\/android\" target=\"_self\" rel=\"noopener noreferrer\">Das Erste f\u00fcr Android herunterladen<\/a><\/li>\n<li><a title=\"Das Erste f\u00fcr iOS herunterladen\" href=\"http:\/\/das-erste.softonic.de\/iphone\" target=\"_self\" rel=\"noopener noreferrer\">Das Erste f\u00fcr iOS herunterladen<\/a><\/li>\n<li><a title=\"Das Erste f\u00fcr Windows herunterladen\" href=\"http:\/\/das-erste-windows-8.softonic.de\/\" target=\"_self\" rel=\"noopener noreferrer\">Das Erste f\u00fcr Windows herunterladen<\/a><\/li>\n<\/ul>\n<h3>Passende Artikel<\/h3>\n<ul>\n<li><a title=\"Das Erste als App: ARD Live-Fernsehen, Programm und Mediathek jetzt auch f\u00fcr Windows Phone\" href=\"http:\/\/news.softonic.de\/das-erste-als-app-ard-live-fernsehen-programm-und-mediathek-jetzt-auch-fur-windows-phone\" target=\"_self\" rel=\"noopener noreferrer\">Das Erste als App: ARD Live-Fernsehen, Programm und Mediathek jetzt auch f\u00fcr Windows Phone<\/a><\/li>\n<li><a title=\"ARD Mediathek ab sofort mit modernem Design und mehr \u00dcbersicht\" href=\"http:\/\/news.softonic.de\/ard-mediathek-ab-sofort-mit-modernem-responsive-design-und-mehr-ubersicht\" target=\"_self\" rel=\"noopener noreferrer\">ARD Mediathek ab sofort mit modernem Design und mehr \u00dcbersicht<\/a><\/li>\n<li><a title=\"Die besten Apps Deutschlands: Best of Mobile Award f\u00fcr ZDF Mediathek, Roomle und Babbel\" href=\"http:\/\/news.softonic.de\/die-besten-apps-deutschlands-best-of-mobile-award-fur-zdf-mediathek-und-roomle\" target=\"_self\" rel=\"noopener noreferrer\">Die besten Apps Deutschlands: Best of Mobile Award f\u00fcr ZDF Mediathek, Roomle und Babbel<\/a><\/li>\n<li><a title=\"ZDF mediathek erh\u00e4lt gro\u00dfes Update - Unterst\u00fctzt jetzt Airplay und Push-Nachrichten\" href=\"http:\/\/news.softonic.de\/zdf-mediathek-erhalt-groses-update-unterstutzt-jetzt-airplay-und-push-nachrichten\" target=\"_self\" rel=\"noopener noreferrer\">ZDF mediathek erh\u00e4lt gro\u00dfes Update &#8211; Unterst\u00fctzt jetzt Airplay und Push-Nachrichten<\/a><\/li>\n<li><a title=\"ARD, ZDF, RTL und mehr auf dem iPad: Fernsehsuche.de bekommt eigene App\" href=\"http:\/\/news.softonic.de\/ard-zdf-rtl-und-mehr-auf-dem-ipad-fernsehsuche-de-bekommt-eigene-app-08-01-2014\" target=\"_self\" rel=\"noopener noreferrer\">ARD, ZDF, RTL und mehr auf dem iPad: Fernsehsuche.de bekommt eigene App<\/a><\/li>\n<\/ul>\n","protected":false},"excerpt":{"rendered":"<p>Wegen eines technischen Fehlers steht die iOS-App Das Erste der ARD momentan nicht in Apples App Store zur Verf\u00fcgung. Das Erste bietet Nutzern Zugriff auf Live-Streams, das Sendungsarchiv der Mediathek sowie das TV-Programm und Tipps des Senders. Vor kurzem ist die Anwendung auch f\u00fcr Windows Phone gestartet. Das Erste f\u00fcr iOS steht momentan nicht zum &hellip; <a href=\"https:\/\/cms-articles.softonic.io\/de\/das-erste-fur-ios-die-ard-app-steht-momentan-nicht-im-app-store-zur-verfugung\/\" class=\"more-link\">Continue reading<span class=\"screen-reader-text\"> &#8220;Das Erste f\u00fcr iOS: Die ARD-App steht momentan nicht im App Store zur Verf\u00fcgung&#8221;<\/span><\/a><\/p>\n","protected":false},"author":7038,"featured_media":52514,"comment_status":"open","ping_status":"open","sticky":false,"template":"","format":"standard","meta":{"footnotes":"","wpcf-pageviews":0},"categories":[3383],"tags":[86,1411,1454,1174,516,1173,476],"usertag":[],"vertical":[],"content-category":[],"class_list":["post-52513","post","type-post","status-publish","format-standard","has-post-thumbnail","hentry","category-uncategorized","tag-apple","tag-ard","tag-das-erste","tag-fernsehen","tag-itunes","tag-live-tv","tag-streaming"],"aioseo_notices":[],"_links":{"self":[{"href":"https:\/\/cms-articles.softonic.io\/de\/wp-json\/wp\/v2\/posts\/52513","targetHints":{"allow":["GET"]}}],"collection":[{"href":"https:\/\/cms-articles.softonic.io\/de\/wp-json\/wp\/v2\/posts"}],"about":[{"href":"https:\/\/cms-articles.softonic.io\/de\/wp-json\/wp\/v2\/types\/post"}],"author":[{"embeddable":true,"href":"https:\/\/cms-articles.softonic.io\/de\/wp-json\/wp\/v2\/users\/7038"}],"replies":[{"embeddable":true,"href":"https:\/\/cms-articles.softonic.io\/de\/wp-json\/wp\/v2\/comments?post=52513"}],"version-history":[{"count":0,"href":"https:\/\/cms-articles.softonic.io\/de\/wp-json\/wp\/v2\/posts\/52513\/revisions"}],"wp:featuredmedia":[{"embeddable":true,"href":"https:\/\/cms-articles.softonic.io\/de\/wp-json\/wp\/v2\/media\/52514"}],"wp:attachment":[{"href":"https:\/\/cms-articles.softonic.io\/de\/wp-json\/wp\/v2\/media?parent=52513"}],"wp:term":[{"taxonomy":"category","embeddable":true,"href":"https:\/\/cms-articles.softonic.io\/de\/wp-json\/wp\/v2\/categories?post=52513"},{"taxonomy":"post_tag","embeddable":true,"href":"https:\/\/cms-articles.softonic.io\/de\/wp-json\/wp\/v2\/tags?post=52513"},{"taxonomy":"usertag","embeddable":true,"href":"https:\/\/cms-articles.softonic.io\/de\/wp-json\/wp\/v2\/usertag?post=52513"},{"taxonomy":"vertical","embeddable":true,"href":"https:\/\/cms-articles.softonic.io\/de\/wp-json\/wp\/v2\/vertical?post=52513"},{"taxonomy":"content-category","embeddable":true,"href":"https:\/\/cms-articles.softonic.io\/de\/wp-json\/wp\/v2\/content-category?post=52513"}],"curies":[{"name":"wp","href":"https:\/\/api.w.org\/{rel}","templated":true}]}}