{"id":88071,"date":"2026-06-20T18:12:00","date_gmt":"2026-06-20T17:12:00","guid":{"rendered":"https:\/\/cms-articles.softonic.io\/de\/?p=88071"},"modified":"2026-06-20T18:15:22","modified_gmt":"2026-06-20T17:15:22","slug":"avengers-doomsday-wohl-ohne-famke-janssen-marvel-fragte-sie-nicht-an","status":"publish","type":"post","link":"https:\/\/cms-articles.softonic.io\/de\/avengers-doomsday-wohl-ohne-famke-janssen-marvel-fragte-sie-nicht-an\/","title":{"rendered":"Avengers: Doomsday wohl ohne Famke Janssen: Marvel fragte sie nicht an"},"content":{"rendered":"<p class=\"wp-block-paragraph\">Famke Janssen, die in den fr\u00fchen \u201eX-Men\u201c-Filmen von Fox Jean Grey verk\u00f6rperte, hat auf der Convention SpaceCon gesagt, dass Marvel Studios sie f\u00fcr einen Auftritt in \u201e<a href=\"https:\/\/de.softonic.com\/artikel\/intergalactic-fehlt-beim-summer-game-fest-ex-naughty-dog-artist-erklart-warum\" rel=\"noopener\">Avengers: Doomsday<\/a>\u201c nicht kontaktiert hat.<\/p>\n<div class=\"sc-card-program\">\r\n  <div class=\"sc-card-program__body\">\r\n    <div class=\"sc-card-program__row clearfix\">\r\n      <div class=\"sc-card-program__col-logo\">\r\n        <img decoding=\"async\" class=\"sc-card-program__img\" src=\"https:\/\/images.sftcdn.net\/images\/t_app-icon-s\/p\/4c04429a-9b68-11e6-94b0-00163ec9f5fa\/1373964780\/marvel-future-fight-logo\" alt=\"MARVEL Future Fight\" width=\"100px\" height=\"100px\">\r\n      <\/div>\r\n      <div class=\"sc-card-program__col-title\">\r\n        <span class=\"sc-card-program__title\">MARVEL Future Fight<\/span>\r\n        <a class=\"sc-card-program__button sc-card-program-internal\" href=\"https:\/\/marvel-future-fight.de.softonic.com\/\" target=\"_blank\" rel=\"noopener noreferrer\">Herunterladen<\/a>\r\n      <\/div>\r\n      <div class=\"sc-card-program__col-rating\">\r\n        <svg class=\"rating-score__content\" xmlns=\"http:\/\/www.w3.org\/2000\/svg\" version=\"1.1\" x=\"0\" y=\"0\" viewbox=\"0 0 50 50\" enable-background=\"new 0 0 50 50\" xml:space=\"preserve\"><path class=\"rating-score__background rating-score--good\" fill=\"none\" stroke-width=\"6\" stroke-miterlimit=\"10\" d=\"M40 40c8.3-8.3 8.3-21.7 0-30s-21.7-8.3-30 0 -8.3 21.7 0 30\"><\/path><path class=\"rating-score__value rating-score__value--0\" fill=\"none\" stroke-width=\"6\" stroke-dashoffset=\"0\" stroke-miterlimit=\"10\" d=\"M40 40c8.3-8.3 8.3-21.7 0-30s-21.7-8.3-30 0 -8.3 21.7 0 30\"><\/path><text class=\"rating-score__number\" content=\"\" text-anchor=\"middle\" transform=\"matrix(1 0 0 1 25 31.0837)\" data-auto=\"app-user-score\"><\/text><\/svg>\r\n      <\/div>\r\n    <\/div>\r\n    <div class=\"sc-card-program__row\">\r\n      <span class=\"sc-card-program__description\"><\/span>\r\n    <\/div>\r\n    <div class=\"sc-card-program__row\">\r\n      <img decoding=\"async\" class=\"sc-card-program__bigpic\" src=\"\" onerror=\"this.style.display='none'\">\r\n    <\/div>\r\n    <a class=\"sc-card-program__link track-link sc-card-program-internal\" href=\"https:\/\/marvel-future-fight.de.softonic.com\/\" target=\"_blank\" rel=\"noopener noreferrer\"><\/a>\r\n  <\/div>\r\n<\/div>\n\n\n\n<p class=\"wp-block-paragraph\">Auf der SpaceCon legte Famke Janssen noch nach und formulierte ihre Meinung ziemlich klar: \u201eI think they made a mistake, but who am I?\u201c <strong>nicht kontaktiert<\/strong> Viel Raum f\u00fcr Deutung bleibt da nicht. Sie h\u00e4lt es ganz offensichtlich f\u00fcr einen Fehler, dass sie au\u00dfen vor geblieben ist, gerade bei einem Projekt, das so gezielt auf bekannte Gesichter aus fr\u00fcheren Marvel- und \u201eX-Men\u201c-Phasen baut.<\/p>\n\n<p class=\"wp-block-paragraph\">Viele X-Men-Stars kehren zur\u00fcck, Jean Grey fehlt<\/p>\n\n<p class=\"wp-block-paragraph\">Dass Famke Janssens Abwesenheit so ins Auge f\u00e4llt, liegt vor allem an der Besetzung, die f\u00fcr \u201eAvengers: Doomsday\u201c schon bekannt ist. Marvel Studios hat bereits die R\u00fcckkehr mehrerer Stars aus der Fox-Zeit best\u00e4tigt, darunter <strong>Patrick Stewart<\/strong>, Ian McKellen, James Marsden, Alan Cumming, Rebecca Romijn und Kelsey Grammer.<\/p>\n\n<p class=\"wp-block-paragraph\">F\u00fcr Fans der alten \u201eX-Men\u201c-Filme ist diese Liste ziemlich eindeutig. Marvel setzt hier klar auf den Nostalgiefaktor.<\/p>\n\n<p class=\"wp-block-paragraph\">Umso merkw\u00fcrdiger wirkt es, dass ausgerechnet <strong>die urspr\u00fcngliche Jean Grey<\/strong> fehlt. Famke Janssen war in den 2000er-Jahren eine der pr\u00e4genden Figuren dieser Filmreihe und spielte bei der Entwicklung der Phoenix-Saga eine zentrale Rolle.<\/p>\n\n<p class=\"wp-block-paragraph\">Wenn Marvel Studios f\u00fcr ein Multiversums-Event tief ins Archiv geht, geh\u00f6rt Famke Janssen eigentlich zu den Namen, die einem als Erstes einfallen.<\/p>\n\n<p class=\"wp-block-paragraph\">Auch weitere R\u00fcckkehrer fehlen bisher<\/p>\n\n<p class=\"wp-block-paragraph\">Famke Janssen ist mit ihrem Fehlen allerdings nicht allein. <strong>Shawn Ashmore<\/strong> hat ebenfalls gesagt, dass ihn niemand kontaktiert hat. Halle Berry hat schon angedeutet, dass sie in dem Film wohl nicht auftauchen wird. Und auch James McAvoy erkl\u00e4rte, Marvel habe sich nicht bei ihm gemeldet.<\/p>\n\n<p class=\"wp-block-paragraph\">Daran sieht man: \u201eAvengers: Doomsday\u201c holt zwar etliche Legacy-Stars zur\u00fcck, versammelt aber l\u00e4ngst nicht die komplette fr\u00fchere \u201eX-Men\u201c-Besetzung.<\/p>\n\n<p class=\"wp-block-paragraph\">Nach welchen Kriterien Marvel Studios ausw\u00e4hlt, wei\u00df man bisher nicht. Eine offizielle Erkl\u00e4rung des Studios dazu gibt es nicht.<\/p>\n\n<p class=\"wp-block-paragraph\">Marvel setzt offenbar auf Nostalgie und Neuanfang<\/p>\n\n<p class=\"wp-block-paragraph\">In der Branche halten es viele f\u00fcr wahrscheinlich, dass Marvel Studios gerade zwei Dinge gleichzeitig versucht. Auf der einen Seite nutzt das Studio multiversale Gro\u00dfereignisse wie \u201eAvengers: Doomsday\u201c, um Fanlieblinge aus \u00e4lteren Filmreihen noch einmal auf die Leinwand zu bringen. Auf der anderen Seite arbeitet Marvel nach Einsch\u00e4tzung vieler Beobachter parallel an einer j\u00fcngeren, langfristig angelegten \u201eX-Men\u201c-Version f\u00fcr das Marvel Cinematic Universe, also das MCU.<\/p>\n\n<p class=\"wp-block-paragraph\">Dann w\u00e4re \u201eAvengers: Doomsday\u201c wohl eher als sorgf\u00e4ltig zusammengestelltes <strong>Best-of der Fox-\u00c4ra<\/strong> gedacht, nicht als komplette Reunion. Die Frage bleibt trotzdem h\u00e4ngen: Warum spielt ausgerechnet so eine wichtige Figur wie Jean Grey dabei offenbar keine Rolle?<\/p>\n\n<p class=\"wp-block-paragraph\">\u201eAvengers: Doomsday\u201c soll am <strong>1. Mai 2026<\/strong> in die Kinos kommen und z\u00e4hlt schon jetzt zu den wichtigsten Filmen aus Marvels Phase Six. Bis dahin wird die Debatte um die fehlenden R\u00fcckkehrer wahrscheinlich eher lauter als leiser.<\/p>","protected":false},"excerpt":{"rendered":"<p>Famke Janssen, die in den fr\u00fchen \u201eX-Men\u201c-Filmen von Fox Jean Grey verk\u00f6rperte, hat auf der Convention SpaceCon gesagt, dass Marvel Studios sie f\u00fcr einen Auftritt in \u201eAvengers: Doomsday\u201c nicht kontaktiert hat. Auf der SpaceCon legte Famke Janssen noch nach und formulierte ihre Meinung ziemlich klar: \u201eI think they made a mistake, but who am I?\u201c &hellip; <a href=\"https:\/\/cms-articles.softonic.io\/de\/avengers-doomsday-wohl-ohne-famke-janssen-marvel-fragte-sie-nicht-an\/\" class=\"more-link\">Continue reading<span class=\"screen-reader-text\"> &#8220;Avengers: Doomsday wohl ohne Famke Janssen: Marvel fragte sie nicht an&#8221;<\/span><\/a><\/p>\n","protected":false},"author":1009,"featured_media":88070,"comment_status":"closed","ping_status":"open","sticky":false,"template":"","format":"standard","meta":{"footnotes":"","wpcf-pageviews":0},"categories":[3152],"tags":[1],"usertag":[],"vertical":[],"content-category":[],"class_list":["post-88071","post","type-post","status-publish","format-standard","has-post-thumbnail","hentry","category-news","tag-software"],"aioseo_notices":[],"_links":{"self":[{"href":"https:\/\/cms-articles.softonic.io\/de\/wp-json\/wp\/v2\/posts\/88071","targetHints":{"allow":["GET"]}}],"collection":[{"href":"https:\/\/cms-articles.softonic.io\/de\/wp-json\/wp\/v2\/posts"}],"about":[{"href":"https:\/\/cms-articles.softonic.io\/de\/wp-json\/wp\/v2\/types\/post"}],"author":[{"embeddable":true,"href":"https:\/\/cms-articles.softonic.io\/de\/wp-json\/wp\/v2\/users\/1009"}],"replies":[{"embeddable":true,"href":"https:\/\/cms-articles.softonic.io\/de\/wp-json\/wp\/v2\/comments?post=88071"}],"version-history":[{"count":1,"href":"https:\/\/cms-articles.softonic.io\/de\/wp-json\/wp\/v2\/posts\/88071\/revisions"}],"predecessor-version":[{"id":88072,"href":"https:\/\/cms-articles.softonic.io\/de\/wp-json\/wp\/v2\/posts\/88071\/revisions\/88072"}],"wp:featuredmedia":[{"embeddable":true,"href":"https:\/\/cms-articles.softonic.io\/de\/wp-json\/wp\/v2\/media\/88070"}],"wp:attachment":[{"href":"https:\/\/cms-articles.softonic.io\/de\/wp-json\/wp\/v2\/media?parent=88071"}],"wp:term":[{"taxonomy":"category","embeddable":true,"href":"https:\/\/cms-articles.softonic.io\/de\/wp-json\/wp\/v2\/categories?post=88071"},{"taxonomy":"post_tag","embeddable":true,"href":"https:\/\/cms-articles.softonic.io\/de\/wp-json\/wp\/v2\/tags?post=88071"},{"taxonomy":"usertag","embeddable":true,"href":"https:\/\/cms-articles.softonic.io\/de\/wp-json\/wp\/v2\/usertag?post=88071"},{"taxonomy":"vertical","embeddable":true,"href":"https:\/\/cms-articles.softonic.io\/de\/wp-json\/wp\/v2\/vertical?post=88071"},{"taxonomy":"content-category","embeddable":true,"href":"https:\/\/cms-articles.softonic.io\/de\/wp-json\/wp\/v2\/content-category?post=88071"}],"curies":[{"name":"wp","href":"https:\/\/api.w.org\/{rel}","templated":true}]}}