{"id":212488,"date":"2023-02-10T07:26:26","date_gmt":"2023-02-10T06:26:26","guid":{"rendered":"https:\/\/sftarticles.wpenginepowered.com\/es\/?p=271109"},"modified":"2025-07-01T20:02:21","modified_gmt":"2025-07-02T03:02:21","slug":"the-evening-of-year-3-when-it-will-be-the-one-who-will-participate-that-we-know-ibai","status":"publish","type":"post","link":"https:\/\/cms-articles.softonic.io\/en\/the-evening-of-year-3-when-it-will-be-the-one-who-will-participate-that-we-know-ibai\/","title":{"rendered":"Ibai prepares the Soir\u00e9e of the Year 3: when, who and what do we know?"},"content":{"rendered":"\n<p class=\"wp-block-paragraph\"><strong><a href=\"https:\/\/en.softonic.com\/articles\/minecraft-extreme-ibai-plains-final-shadoune\" title=\"Ibai\">Ibai<\/a> is back at it again<\/strong>. After winning two awards in a row at the ESLANDs for Best Event for <strong>&#8220;<strong>La Velada del A\u00f1o<\/strong><\/strong>&#8220;, the KOI streamer has announced that he will repeat the event this year. It was an announced secret, since he had already let it slip on his social networks that it was practically closed and it will be &#8220;a barbarity&#8221;.<\/p>\n\n\n\n<figure class=\"wp-block-embed is-type-rich is-provider-twitter wp-block-embed-twitter\"><div class=\"wp-block-embed__wrapper\">\n<blockquote class=\"twitter-tweet\" data-width=\"550\" data-dnt=\"true\"><p lang=\"es\" dir=\"ltr\">Velada del a\u00f1o III cerrada al 99,9%. <br><br>Si todo va bien todo se anuncia este mes. <br><br>Esto va a ser una barbaridad.<\/p>&mdash; Ibai (@IbaiLlanos) <a href=\"https:\/\/twitter.com\/IbaiLlanos\/status\/1621658592259571712?ref_src=twsrc%5Etfw\">February 3, 2023<\/a><\/blockquote><script async src=\"https:\/\/platform.twitter.com\/widgets.js\" charset=\"utf-8\"><\/script>\n<\/div><\/figure>\n\n\n\n<p class=\"wp-block-paragraph\">However, the streamer has already made a new official announcement with the day on which he will announce the evening. Next <strong>Monday, February 27, 2023<\/strong>, a press conference will be held through his Twitch channel in which he will announce everything we need to know: <strong>date of celebration, city, place and all participants<\/strong>.<\/p>\n\n\n\n<figure class=\"wp-block-embed is-type-rich is-provider-twitter wp-block-embed-twitter\"><div class=\"wp-block-embed__wrapper\">\n<blockquote class=\"twitter-tweet\" data-width=\"550\" data-dnt=\"true\"><p lang=\"es\" dir=\"ltr\">El 27 de febrero a las 20:00 anunciar\u00e9 todos los combates de la Velada del A\u00f1o III.<br><br>Tambi\u00e9n anunciaremos fecha, ciudad y lugar del evento.<br><br>Estar\u00e1n todos los boxeadores de manera presencial. <br><br>Se viene. <a href=\"https:\/\/t.co\/qvaNUkXDsJ\">pic.twitter.com\/qvaNUkXDsJ<\/a><\/p>&mdash; Ibai (@IbaiLlanos) <a href=\"https:\/\/twitter.com\/IbaiLlanos\/status\/1623415907790749696?ref_src=twsrc%5Etfw\">February 8, 2023<\/a><\/blockquote><script async src=\"https:\/\/platform.twitter.com\/widgets.js\" charset=\"utf-8\"><\/script>\n<\/div><\/figure>\n\n\n\n<p class=\"wp-block-paragraph\">After achieving a whopping 3.3 million viewers following the last event, an all-time record in Twitch history, <a href=\"https:\/\/en.softonic.com\/articles\/auronplay-against-ibai-esland-awards\" title=\"Ibai wants to make his event bigger and bigger\">Ibai wants to make his event bigger and bigger<\/a>. Already in the second edition he perfected some of the loose ends left in the first edition, and added female fights. But, as he has been announcing throughout the year, <strong>this has only been the tip of the iceberg of what La Velada can become<\/strong>.<\/p>\n\n\n\n<p class=\"wp-block-paragraph\"><strong>All the boxers will be present<\/strong> at the press conference, so we will be able to meet them closely. In addition, all of them will explain why they have accepted Ibai&#8217;s challenge and what they want to achieve with their participation in La Velada.<\/p>\n\n\n\n<figure class=\"wp-block-image\"><img decoding=\"async\" src=\"https:\/\/s1.eestatic.com\/2022\/06\/26\/actualidad\/683191687_225363451_1024x576.jpg\" alt=\"V\u00eddeo: Campe\u00f3n Mister Jagger y r\u00e9cord de Ibai Llanos en The Evening of the Year  2: as\u00ed fue un evento para la historia\" \/><\/figure>\n\n\n\n<h2 class=\"wp-block-heading\">When and Where will the Year 3 Evening be held?<\/h2>\n\n\n\n<p class=\"wp-block-paragraph\">We will have all these answers on <strong>February 27<\/strong>, but we can get an idea of when the event will be held. Considering that the previous editions were May 26, 2021 and June 25, 2022, we can assume that this new batch of fights will arrive <strong>sometime between May and June 2023<\/strong>.<\/p>\n\n\n<div class=\"sc-card-program\">\r\n  <div class=\"sc-card-program__body\">\r\n    <div class=\"sc-card-program__row clearfix\">\r\n      <div class=\"sc-card-program__col-logo\">\r\n        <img decoding=\"async\" class=\"sc-card-program__img\" alt=\"Twitch\" src=\"https:\/\/images.sftcdn.net\/images\/t_app-logo-xl,f_auto,dpr_2\/p\/6a29ac8e-c698-4607-8b3e-f52117a1ac4a\/2493234870\/twitch-download.png\" width=\"100px\" height=\"100px\">\r\n      <\/div>\r\n      <div class=\"sc-card-program__col-title\">\r\n        <span class=\"sc-card-program__title\">Twitch<\/span>\r\n        <a class=\"sc-card-program__button sc-card-program-internal\" href=\"https:\/\/twitch.en.softonic.com\/\" target=\"_self\" rel=\"noopener noreferrer\">DOWNLOAD<\/a>\r\n      <\/div>\r\n      <div class=\"sc-card-program__col-rating\">\r\n        <svg class=\"rating-score__content\" xmlns=\"http:\/\/www.w3.org\/2000\/svg\" version=\"1.1\" x=\"0\" y=\"0\" viewbox=\"0 0 50 50\" enable-background=\"new 0 0 50 50\" xml:space=\"preserve\"><path class=\"rating-score__background rating-score--good\" fill=\"none\" stroke-width=\"6\" stroke-miterlimit=\"10\" d=\"M40 40c8.3-8.3 8.3-21.7 0-30s-21.7-8.3-30 0 -8.3 21.7 0 30\"><\/path><path class=\"rating-score__value rating-score__value--0\" fill=\"none\" stroke-width=\"6\" stroke-dashoffset=\"0\" stroke-miterlimit=\"10\" d=\"M40 40c8.3-8.3 8.3-21.7 0-30s-21.7-8.3-30 0 -8.3 21.7 0 30\"><\/path><text class=\"rating-score__number\" content=\"\" text-anchor=\"middle\" transform=\"matrix(1 0 0 1 25 31.0837)\" data-auto=\"app-user-score\"><\/text><\/svg>\r\n      <\/div>\r\n    <\/div>\r\n    <div class=\"sc-card-program__row\">\r\n      <span class=\"sc-card-program__description\"><\/span>\r\n    <\/div>\r\n    <div class=\"sc-card-program__row\">\r\n      <img decoding=\"async\" class=\"sc-card-program__bigpic\" src=\"\" onerror=\"this.style.display='none'\">\r\n    <\/div>\r\n    <a class=\"sc-card-program__link track-link sc-card-program-internal\" href=\"https:\/\/twitch.en.softonic.com\/\" target=\"_self\" rel=\"noopener noreferrer\"><\/a>\r\n  <\/div>\r\n<\/div>\n\n\n\n<p class=\"wp-block-paragraph\">About the chosen city and location, it is still a mystery. While the previous two were made in <strong>Barcelona<\/strong> or surroundings, where Ibai lives and where it is much easier for him to carry out a production of this type, this time everything could change.<\/p>\n\n\n\n<p class=\"wp-block-paragraph\">According to what he said in a recent live show, he <strong>would like to take La Velada del A\u00f1o to Latin America before he retires<\/strong>. That doesn&#8217;t mean it will be now, but if he follows in TheGrefg&#8217;s footsteps with the Esland Awards, it wouldn&#8217;t be surprising either.<\/p>\n\n\n\n<figure class=\"wp-block-embed is-type-rich is-provider-twitter wp-block-embed-twitter\"><div class=\"wp-block-embed__wrapper\">\n<blockquote class=\"twitter-tweet\" data-width=\"550\" data-dnt=\"true\"><p lang=\"es\" dir=\"ltr\">Ibai quiere llevar la Velada del A\u00f1o a Latam antes de retirarse?<br><br>&quot;Hasta que no lo haga no me podr\u00e9 ir de Twitch. Es una deuda&quot;? <a href=\"https:\/\/t.co\/LHKne7Dy0r\">pic.twitter.com\/LHKne7Dy0r<\/a><\/p>&mdash; Movistar eSports (@MovistareSports) <a href=\"https:\/\/twitter.com\/MovistareSports\/status\/1621268454962503682?ref_src=twsrc%5Etfw\">February 2, 2023<\/a><\/blockquote><script async src=\"https:\/\/platform.twitter.com\/widgets.js\" charset=\"utf-8\"><\/script>\n<\/div><\/figure>\n\n\n\n<h2 class=\"wp-block-heading\">Who will participate in La Velada del A\u00f1o 3?<\/h2>\n\n\n\n<p class=\"wp-block-paragraph\">This year, <strong>La Velada will have six bouts in total<\/strong>. That is to say, twelve boxers will face each other in two bouts. We still don&#8217;t know anything about who will participate, but there are some options that we are very likely to see this year.<\/p>\n\n\n\n<p class=\"wp-block-paragraph\">The first is obvious: <strong>Mister J\u00e4gger<\/strong>. The streamer has participated in the first two editions of the event, and has won in both. In addition, he has become the most watched, followed and commented fighter of the previous two years, so it would not be surprising if he returned to revalidate his title.<\/p>\n\n\n\n<p class=\"wp-block-paragraph\">Another participant that we could also see this time is <strong>Jaime Lorente. The actor of La Casa de Papel<\/strong> was going to face J\u00e4gger last year, but scheduling problems did not allow him to be finally and ended up participating David Bustamante instead. Maybe this year he&#8217;ll get the urge and dare to participate.<\/p>\n\n\n\n<figure class=\"wp-block-image\"><img decoding=\"async\" src=\"https:\/\/esports.as.com\/2022\/06\/25\/la-velada-del-ano\/Video-Rubius-Freddie-Mercury-Velada_1586561334_1002740_1024x576.png\" alt=\"V\u00eddeo | Rubius imita a Freddie Mercury en The Evening of the Year 2 - Movistar  eSports\" \/><\/figure>\n\n\n\n<p class=\"wp-block-paragraph\">Finally, ElRubius starred last year in a spectacular moment of La Velada, when he went on stage and challenged the famous <strong>Canadian streamer XQc<\/strong> to fight against him. XQc answered positively in a live stream, although we don&#8217;t know if the fight will take place in the end.<\/p>\n\n\n\n<p class=\"wp-block-paragraph\">According to Ibai Llanos, in La Velada del A\u00f1o 3 <strong>&#8220;there are two content creators who between them alone have more followers than the boxers of an entire Velada. This is the level&#8221;<\/strong>. So we&#8217;ll be watching to see who it is.<\/p>\n","protected":false},"excerpt":{"rendered":"<p>Ibai Llanos has just announced the third edition of La Velada del A\u00f1o. This is everything we know about the Twitch boxing event.<\/p>\n","protected":false},"author":9257,"featured_media":212489,"comment_status":"closed","ping_status":"closed","sticky":false,"template":"","format":"standard","meta":{"footnotes":"","wpcf-pageviews":0},"categories":[1015],"tags":[],"usertag":[],"vertical":[],"content-category":[],"class_list":["post-212488","post","type-post","status-publish","format-standard","has-post-thumbnail","hentry","category-news"],"aioseo_notices":[],"_links":{"self":[{"href":"https:\/\/cms-articles.softonic.io\/en\/wp-json\/wp\/v2\/posts\/212488","targetHints":{"allow":["GET"]}}],"collection":[{"href":"https:\/\/cms-articles.softonic.io\/en\/wp-json\/wp\/v2\/posts"}],"about":[{"href":"https:\/\/cms-articles.softonic.io\/en\/wp-json\/wp\/v2\/types\/post"}],"author":[{"embeddable":true,"href":"https:\/\/cms-articles.softonic.io\/en\/wp-json\/wp\/v2\/users\/9257"}],"replies":[{"embeddable":true,"href":"https:\/\/cms-articles.softonic.io\/en\/wp-json\/wp\/v2\/comments?post=212488"}],"version-history":[{"count":1,"href":"https:\/\/cms-articles.softonic.io\/en\/wp-json\/wp\/v2\/posts\/212488\/revisions"}],"predecessor-version":[{"id":322247,"href":"https:\/\/cms-articles.softonic.io\/en\/wp-json\/wp\/v2\/posts\/212488\/revisions\/322247"}],"wp:featuredmedia":[{"embeddable":true,"href":"https:\/\/cms-articles.softonic.io\/en\/wp-json\/wp\/v2\/media\/212489"}],"wp:attachment":[{"href":"https:\/\/cms-articles.softonic.io\/en\/wp-json\/wp\/v2\/media?parent=212488"}],"wp:term":[{"taxonomy":"category","embeddable":true,"href":"https:\/\/cms-articles.softonic.io\/en\/wp-json\/wp\/v2\/categories?post=212488"},{"taxonomy":"post_tag","embeddable":true,"href":"https:\/\/cms-articles.softonic.io\/en\/wp-json\/wp\/v2\/tags?post=212488"},{"taxonomy":"usertag","embeddable":true,"href":"https:\/\/cms-articles.softonic.io\/en\/wp-json\/wp\/v2\/usertag?post=212488"},{"taxonomy":"vertical","embeddable":true,"href":"https:\/\/cms-articles.softonic.io\/en\/wp-json\/wp\/v2\/vertical?post=212488"},{"taxonomy":"content-category","embeddable":true,"href":"https:\/\/cms-articles.softonic.io\/en\/wp-json\/wp\/v2\/content-category?post=212488"}],"curies":[{"name":"wp","href":"https:\/\/api.w.org\/{rel}","templated":true}]}}