{"id":299772,"date":"2025-04-03T01:15:00","date_gmt":"2025-04-03T08:15:00","guid":{"rendered":"https:\/\/sftarticles.wpenginepowered.com\/es\/?p=352307"},"modified":"2025-07-01T14:59:20","modified_gmt":"2025-07-01T21:59:20","slug":"hulu-begins-production-on-the-testaments-the-sequel-to-the-handmaids-tale","status":"publish","type":"post","link":"https:\/\/cms-articles.softonic.io\/en\/hulu-begins-production-on-the-testaments-the-sequel-to-the-handmaids-tale\/","title":{"rendered":"Hulu begins production on The Testaments, the sequel to The Handmaid&#039;s Tale"},"content":{"rendered":"\n<p>The Hulu platform has confirmed the start of production for The Testaments, the highly anticipated sequel to The Handmaid&#8217;s Tale, on Monday, April 7. <strong>This release coincides with the premiere of the final season of the original series, scheduled for April 8<\/strong>. If you want to catch up on the series, remember that you have the first 5 seasons available on Amazon Prime Video. The news has generated great excitement among fans of the work based on Margaret Atwood&#8217;s novel, which explores an oppressive dystopian society.<\/p>\n\n\n<h2 class=\"wp-block-heading\">Just as tough and uncomfortable as the original<\/h2>\n\n\n<p>The official synopsis reveals that <strong>The Testaments will be set fifteen years after the end of The Handmaid&#8217;s Tale, focusing on a new generation of young women in Gilead.<\/strong> The story will follow Agnes, who is trying to escape from Red Center, and Daisy, who will discover a harsh truth about her life. This evolution of the narrative promises to offer a fresh perspective on suffering and the struggle for freedom in such an oppressive environment.<\/p>\n\n\n<p>The main cast of the series includes Ann Dowd, who will reprise her role as Aunt Lydia, and young actresses Chase Infiniti and Lucy Halliday in the roles of Agnes and Daisy, respectively. Additionally, <strong>nine new members have been announced to join the cast, including Mabel Li, Amy Seimetz, and Kira Guloien.<\/strong> There is also speculation about a special appearance by Elisabeth Moss, known for her leading role in the original series, as a guest star.<\/p>\n\n\n<figure class=\"wp-block-embed is-type-video is-provider-youtube wp-block-embed-youtube wp-embed-aspect-16-9 wp-has-aspect-ratio\"><div class=\"wp-block-embed__wrapper\">\n<iframe loading=\"lazy\" title=\"The Handmaid&#039;s Tale | Final Season Trailer | Hulu\" width=\"840\" height=\"473\" src=\"https:\/\/www.youtube.com\/embed\/xBBRUdLBsFI?feature=oembed\" frameborder=\"0\" allow=\"accelerometer; autoplay; clipboard-write; encrypted-media; gyroscope; picture-in-picture; web-share\" referrerpolicy=\"strict-origin-when-cross-origin\" allowfullscreen><\/iframe>\n<\/div><\/figure>\n\n\n<p><strong>Bruce Miller, the creator and showrunner of The Handmaid&#8217;s Tale, will lead this new project, suggesting that the focus will remain true to the core themes<\/strong> of the original material while expanding into new narratives. With the production starting, fans are eagerly waiting to see how this sequel will address the challenges and struggles of the new protagonists in Gilead.<\/p>\n","protected":false},"excerpt":{"rendered":"<p>La plataforma Hulu ha confirmado el inicio de la producci\u00f3n de The Testaments, la muy esperada secuela de The Handmaid&#8217;s Tale, para el lunes 7 de abril. Este lanzamiento coincide con el estreno de la temporada final de la serie original, programado para el 8 de abril. Si quieres ponerte al d\u00eda con la serie, recuerda que las primeras 5 temporadas est\u00e1n disponibles en Amazon Prime Video. La noticia ha generado una gran emoci\u00f3n entre los fans de la obra basada en la novela de Margaret Atwood, que explora una sociedad dist\u00f3pica opresiva. Tan dura e inc\u00f3moda como [&#8230;]<\/p>\n","protected":false},"author":9317,"featured_media":299773,"comment_status":"closed","ping_status":"closed","sticky":false,"template":"","format":"standard","meta":{"footnotes":"","wpcf-pageviews":0},"categories":[1015],"tags":[6306,8358,1515,10189],"usertag":[],"vertical":[],"content-category":[],"class_list":["post-299772","post","type-post","status-publish","format-standard","has-post-thumbnail","hentry","category-news","tag-amazon-prime-video-2","tag-el-cuento-de-la-criada","tag-hulu","tag-the-testaments"],"aioseo_notices":[],"_links":{"self":[{"href":"https:\/\/cms-articles.softonic.io\/en\/wp-json\/wp\/v2\/posts\/299772","targetHints":{"allow":["GET"]}}],"collection":[{"href":"https:\/\/cms-articles.softonic.io\/en\/wp-json\/wp\/v2\/posts"}],"about":[{"href":"https:\/\/cms-articles.softonic.io\/en\/wp-json\/wp\/v2\/types\/post"}],"author":[{"embeddable":true,"href":"https:\/\/cms-articles.softonic.io\/en\/wp-json\/wp\/v2\/users\/9317"}],"replies":[{"embeddable":true,"href":"https:\/\/cms-articles.softonic.io\/en\/wp-json\/wp\/v2\/comments?post=299772"}],"version-history":[{"count":1,"href":"https:\/\/cms-articles.softonic.io\/en\/wp-json\/wp\/v2\/posts\/299772\/revisions"}],"predecessor-version":[{"id":308222,"href":"https:\/\/cms-articles.softonic.io\/en\/wp-json\/wp\/v2\/posts\/299772\/revisions\/308222"}],"wp:featuredmedia":[{"embeddable":true,"href":"https:\/\/cms-articles.softonic.io\/en\/wp-json\/wp\/v2\/media\/299773"}],"wp:attachment":[{"href":"https:\/\/cms-articles.softonic.io\/en\/wp-json\/wp\/v2\/media?parent=299772"}],"wp:term":[{"taxonomy":"category","embeddable":true,"href":"https:\/\/cms-articles.softonic.io\/en\/wp-json\/wp\/v2\/categories?post=299772"},{"taxonomy":"post_tag","embeddable":true,"href":"https:\/\/cms-articles.softonic.io\/en\/wp-json\/wp\/v2\/tags?post=299772"},{"taxonomy":"usertag","embeddable":true,"href":"https:\/\/cms-articles.softonic.io\/en\/wp-json\/wp\/v2\/usertag?post=299772"},{"taxonomy":"vertical","embeddable":true,"href":"https:\/\/cms-articles.softonic.io\/en\/wp-json\/wp\/v2\/vertical?post=299772"},{"taxonomy":"content-category","embeddable":true,"href":"https:\/\/cms-articles.softonic.io\/en\/wp-json\/wp\/v2\/content-category?post=299772"}],"curies":[{"name":"wp","href":"https:\/\/api.w.org\/{rel}","templated":true}]}}