{"id":159411,"date":"2018-11-05T10:32:33","date_gmt":"2018-11-05T10:32:33","guid":{"rendered":"http:\/\/sftarticles.wpenginepowered.com\/es\/?p=159411"},"modified":"2025-06-13T00:18:31","modified_gmt":"2025-06-12T22:18:31","slug":"apple-presenta-nuevos-ipad-mac","status":"publish","type":"post","link":"https:\/\/cms-articles.softonic.io\/es\/apple-presenta-nuevos-ipad-mac\/","title":{"rendered":"Apple presenta sus nuevos iPad y Mac"},"content":{"rendered":"<p>Los fan\u00e1ticos de Apple est\u00e1n de enhorabuena: la compa\u00f1\u00eda de la manzana ha presentado la semana pasada sus nuevos productos que, como siempre, prometen convertirse en un best seller tanto este Black Friday, como estas navidades.<\/p>\n<p>Los nuevos productos son iPad Pro, MacBook Air y Mac Mini. Los tres corresponden a versiones redise\u00f1adas de productos ya conocidos que han logrado hacerse un hueco en el mercado.<\/p>\n<p><a href=\"https:\/\/articles-img.sftcdn.net\/sft\/articles\/auto-mapping-folder\/sites\/2\/2018\/11\/nuevos-productos-apple.jpg\"><img loading=\"lazy\" decoding=\"async\" class=\"aligncenter size-full wp-image-159420\" src=\"https:\/\/articles-img.sftcdn.net\/sft\/articles\/auto-mapping-folder\/sites\/2\/2018\/11\/nuevos-productos-apple.jpg\" alt=\"\" width=\"1280\" height=\"720\" srcset=\"https:\/\/articles-img.sftcdn.net\/auto-mapping-folder\/sites\/2\/2018\/11\/nuevos-productos-apple.jpg 1280w, https:\/\/articles-img.sftcdn.net\/auto-mapping-folder\/sites\/2\/2018\/11\/nuevos-productos-apple-300x169.jpg 300w, https:\/\/articles-img.sftcdn.net\/auto-mapping-folder\/sites\/2\/2018\/11\/nuevos-productos-apple-768x433.jpg 768w, https:\/\/articles-img.sftcdn.net\/auto-mapping-folder\/sites\/2\/2018\/11\/nuevos-productos-apple-1024x576.jpg 1024w, https:\/\/articles-img.sftcdn.net\/auto-mapping-folder\/sites\/2\/2018\/11\/nuevos-productos-apple-800x450.jpg 800w, https:\/\/articles-img.sftcdn.net\/auto-mapping-folder\/sites\/2\/2018\/11\/nuevos-productos-apple-664x374.jpg 664w, https:\/\/articles-img.sftcdn.net\/auto-mapping-folder\/sites\/2\/2018\/11\/nuevos-productos-apple-238x134.jpg 238w, https:\/\/articles-img.sftcdn.net\/auto-mapping-folder\/sites\/2\/2018\/11\/nuevos-productos-apple-436x246.jpg 436w, https:\/\/articles-img.sftcdn.net\/auto-mapping-folder\/sites\/2\/2018\/11\/nuevos-productos-apple-370x208.jpg 370w, https:\/\/articles-img.sftcdn.net\/auto-mapping-folder\/sites\/2\/2018\/11\/nuevos-productos-apple-304x170.jpg 304w, https:\/\/articles-img.sftcdn.net\/auto-mapping-folder\/sites\/2\/2018\/11\/nuevos-productos-apple-1200x675.jpg 1200w\" sizes=\"auto, (max-width: 1280px) 100vw, 1280px\" \/><\/a><\/p>\n<p>El nuevo iPad Pro ha sido el que m\u00e1s ha sorprendido. El nuevo procesador, Chip A12 X, es, seg\u00fan Apple, capaz de estar a la altura de algunos Intel Core i7. Esto lo convierte en un iPad que llega a ser m\u00e1s potente que muchos ordenadores.<\/p>\n<p>Mientras que el iPad Pro ha sorprendido con un salto importante en cuanto al procesador, las ventajas del nuevo Mac Mini no son tan notables, siendo la conectividad la m\u00e1s rese\u00f1able. Esta nueva versi\u00f3n cuenta con un gran n\u00famero de puertos de \u00faltima generaci\u00f3n, en el chip de seguridad que Apple ha incorporado y en el chip de gr\u00e1ficos. Por lo dem\u00e1s, todas las especificaciones se mantienen.<\/p>\n<p>En definitiva, no cabe duda que Apple volver\u00e1 a arrasar en cuanto a ventas, pero las novedades y mejoras de sus productos no han quedado equitativamente repartidas entre los tres, ya que el iPad Pro y el MacBook Air son los que se llevan la mejor parte por una subida de precio no muy elevada.<\/p>\n","protected":false},"excerpt":{"rendered":"<p>Los fan\u00e1ticos de Apple est\u00e1n de enhorabuena: la compa\u00f1\u00eda de la manzana ha presentado la semana pasada sus nuevos productos que, como siempre, prometen convertirse en un best seller tanto este Black Friday, como estas navidades. Los nuevos productos son iPad Pro, MacBook Air y Mac Mini. Los tres corresponden a versiones redise\u00f1adas de productos &hellip; <a href=\"https:\/\/cms-articles.softonic.io\/es\/apple-presenta-nuevos-ipad-mac\/\" class=\"more-link\">Continue reading<span class=\"screen-reader-text\"> &#8220;Apple presenta sus nuevos iPad y Mac&#8221;<\/span><\/a><\/p>\n","protected":false},"author":1022,"featured_media":159420,"comment_status":"open","ping_status":"open","sticky":false,"template":"","format":"standard","meta":{"footnotes":"","wpcf-pageviews":0},"categories":[9317],"tags":[9387,9403,9401],"usertag":[],"vertical":[],"content-category":[],"class_list":["post-159411","post","type-post","status-publish","format-standard","has-post-thumbnail","hentry","category-news","tag-apple","tag-ios","tag-mac"],"aioseo_notices":[],"_links":{"self":[{"href":"https:\/\/cms-articles.softonic.io\/es\/wp-json\/wp\/v2\/posts\/159411","targetHints":{"allow":["GET"]}}],"collection":[{"href":"https:\/\/cms-articles.softonic.io\/es\/wp-json\/wp\/v2\/posts"}],"about":[{"href":"https:\/\/cms-articles.softonic.io\/es\/wp-json\/wp\/v2\/types\/post"}],"author":[{"embeddable":true,"href":"https:\/\/cms-articles.softonic.io\/es\/wp-json\/wp\/v2\/users\/1022"}],"replies":[{"embeddable":true,"href":"https:\/\/cms-articles.softonic.io\/es\/wp-json\/wp\/v2\/comments?post=159411"}],"version-history":[{"count":1,"href":"https:\/\/cms-articles.softonic.io\/es\/wp-json\/wp\/v2\/posts\/159411\/revisions"}],"predecessor-version":[{"id":370933,"href":"https:\/\/cms-articles.softonic.io\/es\/wp-json\/wp\/v2\/posts\/159411\/revisions\/370933"}],"wp:featuredmedia":[{"embeddable":true,"href":"https:\/\/cms-articles.softonic.io\/es\/wp-json\/wp\/v2\/media\/159420"}],"wp:attachment":[{"href":"https:\/\/cms-articles.softonic.io\/es\/wp-json\/wp\/v2\/media?parent=159411"}],"wp:term":[{"taxonomy":"category","embeddable":true,"href":"https:\/\/cms-articles.softonic.io\/es\/wp-json\/wp\/v2\/categories?post=159411"},{"taxonomy":"post_tag","embeddable":true,"href":"https:\/\/cms-articles.softonic.io\/es\/wp-json\/wp\/v2\/tags?post=159411"},{"taxonomy":"usertag","embeddable":true,"href":"https:\/\/cms-articles.softonic.io\/es\/wp-json\/wp\/v2\/usertag?post=159411"},{"taxonomy":"vertical","embeddable":true,"href":"https:\/\/cms-articles.softonic.io\/es\/wp-json\/wp\/v2\/vertical?post=159411"},{"taxonomy":"content-category","embeddable":true,"href":"https:\/\/cms-articles.softonic.io\/es\/wp-json\/wp\/v2\/content-category?post=159411"}],"curies":[{"name":"wp","href":"https:\/\/api.w.org\/{rel}","templated":true}]}}