{"id":162874,"date":"2018-12-04T16:30:28","date_gmt":"2018-12-04T16:30:28","guid":{"rendered":"http:\/\/sftarticles.wpenginepowered.com\/es\/?p=162874"},"modified":"2025-06-13T00:09:07","modified_gmt":"2025-06-12T22:09:07","slug":"capitana-marvel-segundo-trailer-analisis-secretos","status":"publish","type":"post","link":"https:\/\/cms-articles.softonic.io\/es\/capitana-marvel-segundo-trailer-analisis-secretos\/","title":{"rendered":"9 claves, secretos y dudas del segundo tr\u00e1iler de Capitana Marvel"},"content":{"rendered":"<p>Ya tenemos segundo tr\u00e1iler de Capitana Marvel, y con \u00e9l se han aclarado misterios sobre la peli&#8230; <strong>y han aparecido nuevas dudas<\/strong>. Exploremos a fondo el v\u00eddeo para descubrir todos aquellos detalles que revela, \u00a1a ver si as\u00ed apaciguamos la espera a su estreno!<\/p>\n<h2>Resolviendo el asunto de la abuela<\/h2>\n<p>La escena en la que Carol Danvers golpea a la anciana en el primer tr\u00e1iler debi\u00f3 de resultar de lo m\u00e1s bizarra para aquellos que no saben mucho sobre los c\u00f3mics. Por suerte, el segundo tr\u00e1iler arregla este problema enseguida, aclarando al espectador que los Skrulls <strong>son una raza alien\u00edgena de cambiaformas<\/strong> que llevan mucho tiempo infiltrados en nuestra sociedad. Por ejemplo, en forma de ancianas aparentemente d\u00f3ciles.<\/p>\n<p><img loading=\"lazy\" decoding=\"async\" class=\"aligncenter size-large wp-image-162875\" src=\"https:\/\/articles-img.sftcdn.net\/sft\/articles\/auto-mapping-folder\/sites\/2\/2018\/12\/1-1024x435.jpg\" alt=\"\" width=\"840\" height=\"357\" srcset=\"https:\/\/articles-img.sftcdn.net\/auto-mapping-folder\/sites\/2\/2018\/12\/1-1024x435.jpg 1024w, https:\/\/articles-img.sftcdn.net\/auto-mapping-folder\/sites\/2\/2018\/12\/1-300x127.jpg 300w, https:\/\/articles-img.sftcdn.net\/auto-mapping-folder\/sites\/2\/2018\/12\/1-768x326.jpg 768w, https:\/\/articles-img.sftcdn.net\/auto-mapping-folder\/sites\/2\/2018\/12\/1-1200x509.jpg 1200w, https:\/\/articles-img.sftcdn.net\/auto-mapping-folder\/sites\/2\/2018\/12\/1.jpg 1244w\" sizes=\"auto, (max-width: 840px) 100vw, 840px\" \/><\/p>\n<div class=\"sc-card-starred-link\">\r\n  <div class=\"sc-card-starred-link__body\">\r\n    <div class=\"sc-card-starred-link__row clearfix\">\r\n      <div class=\"sc-card-starred-link__col-logo\">\r\n        <img decoding=\"async\" class=\"sc-card-starred-link__img\" src=\"https:\/\/chollos.softonic.com\/wp-content\/uploads\/sites\/2\/2018\/12\/lampara-marvel.jpg\" width=\"100px\" height=\"100px\">\r\n      <\/div>\r\n      <div class=\"sc-card-starred-link__col-title\">\r\n        <p class=\"sc-card-starred-link__title\">\u00a1El escudo de Capit\u00e1n America en formato l\u00e1mpara! El mejor regalo para un fan de Marvel<\/p>\r\n        <a class=\"sc-card-starred-link__button\" href=\"https:\/\/chollos.softonic.com\/producto\/43-lampara-philips-capitan-america-led\/\" target=\"_blank\" rel=\"noopener noreferrer sponsored\">\u00a1A POR \u00c9L!<\/a>\r\n      <\/div>\r\n    <\/div>\r\n    <a class=\"sc-card-starred-link__link\" href=\"https:\/\/chollos.softonic.com\/producto\/43-lampara-philips-capitan-america-led\/\" target=\"_blank\" rel=\"noopener noreferrer sponsored\"><\/a>\r\n  <\/div>\r\n<\/div>\n<h2>\u00bfSer\u00e1 Carol una Skrull?<\/h2>\n<p>El tr\u00e1iler deja entrever que los Skrulls tuvieron algo que ver con los or\u00edgenes de la Capitana Marvel. Es posible que la explosi\u00f3n que provoc\u00f3 que Danvers perdiera su memoria y acabara siendo una mercenaria Kree fuera resultado de una pelea entre Kree y Skrulls. Ahora bien, otros momentos del tr\u00e1iler dan a entender que <strong>los Skrulls han estado manipulando sus recuerdos<\/strong>. \u00bfEs la Capitana Marvel del MCU un experimento Skrull\u2026 o es una de ellos?<\/p>\n<p><img loading=\"lazy\" decoding=\"async\" class=\"aligncenter size-large wp-image-162876\" src=\"https:\/\/articles-img.sftcdn.net\/sft\/articles\/auto-mapping-folder\/sites\/2\/2018\/12\/2-1024x440.jpg\" alt=\"\" width=\"840\" height=\"361\" srcset=\"https:\/\/articles-img.sftcdn.net\/auto-mapping-folder\/sites\/2\/2018\/12\/2-1024x440.jpg 1024w, https:\/\/articles-img.sftcdn.net\/auto-mapping-folder\/sites\/2\/2018\/12\/2-300x129.jpg 300w, https:\/\/articles-img.sftcdn.net\/auto-mapping-folder\/sites\/2\/2018\/12\/2-768x330.jpg 768w, https:\/\/articles-img.sftcdn.net\/auto-mapping-folder\/sites\/2\/2018\/12\/2-1200x516.jpg 1200w, https:\/\/articles-img.sftcdn.net\/auto-mapping-folder\/sites\/2\/2018\/12\/2.jpg 1236w\" sizes=\"auto, (max-width: 840px) 100vw, 840px\" \/><\/p>\n<h2>\u00bfSer\u00e1 Jude Law uno de los villanos de la peli?<\/h2>\n<p>El aire siniestro del personaje de Law durante el tr\u00e1iler nos hace pensar que los rumores son ciertos y que interpretar\u00e1 a <strong>Yon-Rogg, uno de los villanos de los c\u00f3mics de Capitana Marvel.<\/strong> Es posible que este Kree est\u00e9 manipulando los recuerdos de Carol para asegurarse de que sirva a su raza.<\/p>\n<p><img loading=\"lazy\" decoding=\"async\" class=\"aligncenter size-large wp-image-162877\" src=\"https:\/\/articles-img.sftcdn.net\/sft\/articles\/auto-mapping-folder\/sites\/2\/2018\/12\/3-1024x460.jpg\" alt=\"\" width=\"840\" height=\"377\" srcset=\"https:\/\/articles-img.sftcdn.net\/auto-mapping-folder\/sites\/2\/2018\/12\/3-1024x460.jpg 1024w, https:\/\/articles-img.sftcdn.net\/auto-mapping-folder\/sites\/2\/2018\/12\/3-300x135.jpg 300w, https:\/\/articles-img.sftcdn.net\/auto-mapping-folder\/sites\/2\/2018\/12\/3-768x345.jpg 768w, https:\/\/articles-img.sftcdn.net\/auto-mapping-folder\/sites\/2\/2018\/12\/3.jpg 1191w\" sizes=\"auto, (max-width: 840px) 100vw, 840px\" \/><\/p>\n<h2>Un vistazo a Talos, el malo principal<\/h2>\n<p>Talos es uno de los villanos recurrentes de Capitana Marvel, as\u00ed que era de esperar que debutara en su primera pel\u00edcula. En el pasado, Talos se ha unido a extremistas Kree como <strong>Ronan el Acusador<\/strong> para provocar una guerra gal\u00e1ctica En el tr\u00e1iler, lo vemos haci\u00e9ndose pasar por el jefe de Nick Fury y liderando un equipo de S.H.I.E.L.D. para acabar con los protagonistas.<\/p>\n<p><img loading=\"lazy\" decoding=\"async\" class=\"aligncenter size-large wp-image-162878\" src=\"https:\/\/articles-img.sftcdn.net\/sft\/articles\/auto-mapping-folder\/sites\/2\/2018\/12\/4-1024x456.jpg\" alt=\"\" width=\"840\" height=\"374\" srcset=\"https:\/\/articles-img.sftcdn.net\/auto-mapping-folder\/sites\/2\/2018\/12\/4-1024x456.jpg 1024w, https:\/\/articles-img.sftcdn.net\/auto-mapping-folder\/sites\/2\/2018\/12\/4-300x134.jpg 300w, https:\/\/articles-img.sftcdn.net\/auto-mapping-folder\/sites\/2\/2018\/12\/4-768x342.jpg 768w, https:\/\/articles-img.sftcdn.net\/auto-mapping-folder\/sites\/2\/2018\/12\/4-1200x535.jpg 1200w, https:\/\/articles-img.sftcdn.net\/auto-mapping-folder\/sites\/2\/2018\/12\/4.jpg 1207w\" sizes=\"auto, (max-width: 840px) 100vw, 840px\" \/><\/p>\n<h2>\u00bfInterpretar\u00e1 a Annete Bening a Mar-Vell?<\/h2>\n<p>Cuando se anunci\u00f3 que Annete Bening iba a aparecer en Capitana Marvel, se crey\u00f3 que har\u00eda de la madre de Carol Danvers. Pero en el tr\u00e1iler <strong>la vemos como una especie de instructora Kree<\/strong>. Es posible que se trate de Mar-Vell, el m\u00edtico h\u00e9roe Kree capaz de cambiar de g\u00e9nero y que fue el catalizador de los poderes de Danvers.<\/p>\n<p><img loading=\"lazy\" decoding=\"async\" class=\"aligncenter size-large wp-image-162879\" src=\"https:\/\/articles-img.sftcdn.net\/sft\/articles\/auto-mapping-folder\/sites\/2\/2018\/12\/5-1024x462.jpg\" alt=\"\" width=\"840\" height=\"379\" srcset=\"https:\/\/articles-img.sftcdn.net\/auto-mapping-folder\/sites\/2\/2018\/12\/5-1024x462.jpg 1024w, https:\/\/articles-img.sftcdn.net\/auto-mapping-folder\/sites\/2\/2018\/12\/5-300x135.jpg 300w, https:\/\/articles-img.sftcdn.net\/auto-mapping-folder\/sites\/2\/2018\/12\/5-768x347.jpg 768w, https:\/\/articles-img.sftcdn.net\/auto-mapping-folder\/sites\/2\/2018\/12\/5.jpg 1187w\" sizes=\"auto, (max-width: 840px) 100vw, 840px\" \/><\/p>\n<h2>El regreso del casco mohawk<\/h2>\n<p>Ya lo vimos brevemente en el primer tr\u00e1iler, pero aqu\u00ed vemos el casco con mayor detalle. Tanto el accesorio retr\u00e1ctil como el uniforme en s\u00ed corre a cargo del dibujante Jamie McKelvie (que puede que te suene m\u00e1s por el genial <strong>The Wicked + The Divine<\/strong>). Cuando McKelvie se ocup\u00f3 de Danvers, redise\u00f1\u00f3 su traje para homenajear su pasado militar.<\/p>\n<p><img loading=\"lazy\" decoding=\"async\" class=\"aligncenter size-large wp-image-162880\" src=\"https:\/\/articles-img.sftcdn.net\/sft\/articles\/auto-mapping-folder\/sites\/2\/2018\/12\/6-1024x435.jpg\" alt=\"\" width=\"840\" height=\"357\" srcset=\"https:\/\/articles-img.sftcdn.net\/auto-mapping-folder\/sites\/2\/2018\/12\/6-1024x435.jpg 1024w, https:\/\/articles-img.sftcdn.net\/auto-mapping-folder\/sites\/2\/2018\/12\/6-300x128.jpg 300w, https:\/\/articles-img.sftcdn.net\/auto-mapping-folder\/sites\/2\/2018\/12\/6-768x327.jpg 768w, https:\/\/articles-img.sftcdn.net\/auto-mapping-folder\/sites\/2\/2018\/12\/6-1200x510.jpg 1200w, https:\/\/articles-img.sftcdn.net\/auto-mapping-folder\/sites\/2\/2018\/12\/6.jpg 1237w\" sizes=\"auto, (max-width: 840px) 100vw, 840px\" \/><\/p>\n<h2>Presentando la forma Binaria de Capitana Marvel<\/h2>\n<p>Al final del tr\u00e1iler, vemos una transformaci\u00f3n de Capitana Marvel de lo m\u00e1s anime. Se trata de su forma Binaria, que en los c\u00f3mics aparece cuando unos alien\u00edgenas, <strong>los Brood<\/strong>, desatan los poderes ocultos en sus genes h\u00edbridos. Es posible que en la peli mantenga su forma Binaria activa gracias al poder del Reino Cu\u00e1ntico, que empezamos a ver en las pelis de Ant-Man.<\/p>\n<p><img loading=\"lazy\" decoding=\"async\" class=\"aligncenter size-large wp-image-162881\" src=\"https:\/\/articles-img.sftcdn.net\/sft\/articles\/auto-mapping-folder\/sites\/2\/2018\/12\/7-1024x435.jpg\" alt=\"\" width=\"840\" height=\"357\" srcset=\"https:\/\/articles-img.sftcdn.net\/auto-mapping-folder\/sites\/2\/2018\/12\/7-1024x435.jpg 1024w, https:\/\/articles-img.sftcdn.net\/auto-mapping-folder\/sites\/2\/2018\/12\/7-300x127.jpg 300w, https:\/\/articles-img.sftcdn.net\/auto-mapping-folder\/sites\/2\/2018\/12\/7-768x326.jpg 768w, https:\/\/articles-img.sftcdn.net\/auto-mapping-folder\/sites\/2\/2018\/12\/7-1200x509.jpg 1200w, https:\/\/articles-img.sftcdn.net\/auto-mapping-folder\/sites\/2\/2018\/12\/7.jpg 1246w\" sizes=\"auto, (max-width: 840px) 100vw, 840px\" \/><\/p>\n<h2>\u201cNo librar\u00e9 vuestra guerra. Voy a ponerle fin\u201d.<\/h2>\n<p>En los c\u00f3mics, Capitana Marvel decide detener el conflicto entre los Kree y los Skrulls aunque ello implique convertirse en enemiga de ambas razas. Todo apunta Danvers tomar\u00e1 <strong>la misma decisi\u00f3n en la peli<\/strong>, desatando as\u00ed su cl\u00edmax.<\/p>\n<p><img loading=\"lazy\" decoding=\"async\" class=\"aligncenter size-large wp-image-162882\" src=\"https:\/\/articles-img.sftcdn.net\/sft\/articles\/auto-mapping-folder\/sites\/2\/2018\/12\/8-1024x441.jpg\" alt=\"\" width=\"840\" height=\"362\" srcset=\"https:\/\/articles-img.sftcdn.net\/auto-mapping-folder\/sites\/2\/2018\/12\/8-1024x441.jpg 1024w, https:\/\/articles-img.sftcdn.net\/auto-mapping-folder\/sites\/2\/2018\/12\/8-300x129.jpg 300w, https:\/\/articles-img.sftcdn.net\/auto-mapping-folder\/sites\/2\/2018\/12\/8-768x331.jpg 768w, https:\/\/articles-img.sftcdn.net\/auto-mapping-folder\/sites\/2\/2018\/12\/8-1200x517.jpg 1200w, https:\/\/articles-img.sftcdn.net\/auto-mapping-folder\/sites\/2\/2018\/12\/8.jpg 1238w\" sizes=\"auto, (max-width: 840px) 100vw, 840px\" \/><\/p>\n<h2>\u00bfQui\u00e9n es la gata?<\/h2>\n<p>Al final del tr\u00e1iler, Nick Fury se entretiene con una minina que los fans de los c\u00f3mics habr\u00e1n reconocido. Se trata de la gata de Carol Danvers. En los c\u00f3mics se llama \u201cChewie\u201d pero en el tr\u00e1iler se llama <strong>\u201cGoose\u201d<\/strong>, en homenaje a Top Gun. Si la peli se mantiene fiel a los c\u00f3mics, Goose podr\u00eda ser la \u00faltima de una especie alien\u00edgena conocida como los Flerkens, portadores de portales interdimensionales.<\/p>\n<p><img loading=\"lazy\" decoding=\"async\" class=\"aligncenter size-large wp-image-162883\" src=\"https:\/\/articles-img.sftcdn.net\/sft\/articles\/auto-mapping-folder\/sites\/2\/2018\/12\/9-1024x436.jpg\" alt=\"\" width=\"840\" height=\"358\" srcset=\"https:\/\/articles-img.sftcdn.net\/auto-mapping-folder\/sites\/2\/2018\/12\/9-1024x436.jpg 1024w, https:\/\/articles-img.sftcdn.net\/auto-mapping-folder\/sites\/2\/2018\/12\/9-300x128.jpg 300w, https:\/\/articles-img.sftcdn.net\/auto-mapping-folder\/sites\/2\/2018\/12\/9-768x327.jpg 768w, https:\/\/articles-img.sftcdn.net\/auto-mapping-folder\/sites\/2\/2018\/12\/9-1200x511.jpg 1200w, https:\/\/articles-img.sftcdn.net\/auto-mapping-folder\/sites\/2\/2018\/12\/9.jpg 1238w\" sizes=\"auto, (max-width: 840px) 100vw, 840px\" \/><\/p>\n","protected":false},"excerpt":{"rendered":"<p>Ya tenemos segundo tr\u00e1iler de Capitana Marvel, y con \u00e9l se han aclarado misterios sobre la peli&#8230; y han aparecido nuevas dudas. Exploremos a fondo el v\u00eddeo para descubrir todos aquellos detalles que revela, \u00a1a ver si as\u00ed apaciguamos la espera a su estreno! Resolviendo el asunto de la abuela La escena en la que &hellip; <a href=\"https:\/\/cms-articles.softonic.io\/es\/capitana-marvel-segundo-trailer-analisis-secretos\/\" class=\"more-link\">Continue reading<span class=\"screen-reader-text\"> &#8220;9 claves, secretos y dudas del segundo tr\u00e1iler de Capitana Marvel&#8221;<\/span><\/a><\/p>\n","protected":false},"author":2057,"featured_media":162884,"comment_status":"open","ping_status":"open","sticky":false,"template":"","format":"standard","meta":{"footnotes":"","wpcf-pageviews":0},"categories":[9317],"tags":[9443],"usertag":[],"vertical":[],"content-category":[],"class_list":["post-162874","post","type-post","status-publish","format-standard","has-post-thumbnail","hentry","category-news","tag-marvel"],"aioseo_notices":[],"_links":{"self":[{"href":"https:\/\/cms-articles.softonic.io\/es\/wp-json\/wp\/v2\/posts\/162874","targetHints":{"allow":["GET"]}}],"collection":[{"href":"https:\/\/cms-articles.softonic.io\/es\/wp-json\/wp\/v2\/posts"}],"about":[{"href":"https:\/\/cms-articles.softonic.io\/es\/wp-json\/wp\/v2\/types\/post"}],"author":[{"embeddable":true,"href":"https:\/\/cms-articles.softonic.io\/es\/wp-json\/wp\/v2\/users\/2057"}],"replies":[{"embeddable":true,"href":"https:\/\/cms-articles.softonic.io\/es\/wp-json\/wp\/v2\/comments?post=162874"}],"version-history":[{"count":1,"href":"https:\/\/cms-articles.softonic.io\/es\/wp-json\/wp\/v2\/posts\/162874\/revisions"}],"predecessor-version":[{"id":370603,"href":"https:\/\/cms-articles.softonic.io\/es\/wp-json\/wp\/v2\/posts\/162874\/revisions\/370603"}],"wp:featuredmedia":[{"embeddable":true,"href":"https:\/\/cms-articles.softonic.io\/es\/wp-json\/wp\/v2\/media\/162884"}],"wp:attachment":[{"href":"https:\/\/cms-articles.softonic.io\/es\/wp-json\/wp\/v2\/media?parent=162874"}],"wp:term":[{"taxonomy":"category","embeddable":true,"href":"https:\/\/cms-articles.softonic.io\/es\/wp-json\/wp\/v2\/categories?post=162874"},{"taxonomy":"post_tag","embeddable":true,"href":"https:\/\/cms-articles.softonic.io\/es\/wp-json\/wp\/v2\/tags?post=162874"},{"taxonomy":"usertag","embeddable":true,"href":"https:\/\/cms-articles.softonic.io\/es\/wp-json\/wp\/v2\/usertag?post=162874"},{"taxonomy":"vertical","embeddable":true,"href":"https:\/\/cms-articles.softonic.io\/es\/wp-json\/wp\/v2\/vertical?post=162874"},{"taxonomy":"content-category","embeddable":true,"href":"https:\/\/cms-articles.softonic.io\/es\/wp-json\/wp\/v2\/content-category?post=162874"}],"curies":[{"name":"wp","href":"https:\/\/api.w.org\/{rel}","templated":true}]}}