{"id":193602,"date":"2019-06-13T12:46:21","date_gmt":"2019-06-13T12:46:21","guid":{"rendered":"http:\/\/sftarticles.wpenginepowered.com\/es\/?p=193602"},"modified":"2025-06-12T23:15:27","modified_gmt":"2025-06-12T21:15:27","slug":"ultron-evento-de-marvel-comics-the-ultron-agenda","status":"publish","type":"post","link":"https:\/\/cms-articles.softonic.io\/es\/ultron-evento-de-marvel-comics-the-ultron-agenda\/","title":{"rendered":"Ultr\u00f3n contraataca en el nuevo evento de Marvel Comics: The Ultron Agenda"},"content":{"rendered":"<p>Marvel Comics ha anunciado The Ultron Agenda o La Agenda Ultr\u00f3n, un nuevo c\u00f3mic que llegar\u00e1 a Estados Unidos en septiembre de 2019. En la imagen teaser, a cargo del artista Mike Deodato Jr., vemos a Tony Stark \/Iron Man enfrent\u00e1ndose a Ultr\u00f3n. El lema del c\u00f3mic parece que ser\u00e1 &#8220;Uniros o pereced&#8221;.<\/p>\n<p><img loading=\"lazy\" decoding=\"async\" class=\"alignnone wp-image-193607\" src=\"https:\/\/articles-img.sftcdn.net\/sft\/articles\/auto-mapping-folder\/sites\/2\/2021\/06\/ultron-agenda-cover_nhzipk.jpg\" width=\"738\" height=\"1140\" \/><\/p>\n<p>No se ha dado m\u00e1s informaci\u00f3n sobre el c\u00f3mic: ni de qu\u00e9 ir\u00e1, ni cu\u00e1l ser\u00e1 su guionista o dibujante regulares, ni de cu\u00e1ntos n\u00fameros constar\u00e1 el evento. Se cre\u00e9 que podr\u00eda estar relacionado con el evento para diciembre que Marvel insinu\u00f3 en marzo.<\/p>\n<p>En el anterior evento de Ultr\u00f3n, llamado La Ira de Ultr\u00f3n, esta inteligencia artificial malvada se uni\u00f3 f\u00edsica y mentalmente a su creador, Hank Pym \/ Ant-Man. Pas\u00f3\u00a0 a llamarse Ultr\u00f3n Pym o Pymtron. El Ultr\u00f3n que vemos en el dibujo parece ser esa versi\u00f3n.<\/p>\n<p>La frase &#8220;Uniros o pereced&#8221; hace referencia al Virus Ultr\u00f3n, que integra a todo aquel que entra en contacto con \u00e9l dentro de la mente-enjambre de la IA. Puede que los tiros de la aventura vayan por ah\u00ed.<\/p>\n","protected":false},"excerpt":{"rendered":"<p>Marvel Comics ha anunciado The Ultron Agenda o La Agenda Ultr\u00f3n, un nuevo c\u00f3mic que llegar\u00e1 a Estados Unidos en septiembre de 2019. En la imagen teaser, a cargo del artista Mike Deodato Jr., vemos a Tony Stark \/Iron Man enfrent\u00e1ndose a Ultr\u00f3n. El lema del c\u00f3mic parece que ser\u00e1 &#8220;Uniros o pereced&#8221;. No se &hellip; <a href=\"https:\/\/cms-articles.softonic.io\/es\/ultron-evento-de-marvel-comics-the-ultron-agenda\/\" class=\"more-link\">Continue reading<span class=\"screen-reader-text\"> &#8220;Ultr\u00f3n contraataca en el nuevo evento de Marvel Comics: The Ultron Agenda&#8221;<\/span><\/a><\/p>\n","protected":false},"author":2057,"featured_media":193608,"comment_status":"open","ping_status":"open","sticky":false,"template":"","format":"standard","meta":{"footnotes":"","wpcf-pageviews":0},"categories":[9317,10144],"tags":[9960,9443],"usertag":[],"vertical":[],"content-category":[],"class_list":["post-193602","post","type-post","status-publish","format-standard","has-post-thumbnail","hentry","category-news","category-uncategorized","tag-app-subdomain-redirectionagenda","tag-marvel"],"aioseo_notices":[],"_links":{"self":[{"href":"https:\/\/cms-articles.softonic.io\/es\/wp-json\/wp\/v2\/posts\/193602","targetHints":{"allow":["GET"]}}],"collection":[{"href":"https:\/\/cms-articles.softonic.io\/es\/wp-json\/wp\/v2\/posts"}],"about":[{"href":"https:\/\/cms-articles.softonic.io\/es\/wp-json\/wp\/v2\/types\/post"}],"author":[{"embeddable":true,"href":"https:\/\/cms-articles.softonic.io\/es\/wp-json\/wp\/v2\/users\/2057"}],"replies":[{"embeddable":true,"href":"https:\/\/cms-articles.softonic.io\/es\/wp-json\/wp\/v2\/comments?post=193602"}],"version-history":[{"count":1,"href":"https:\/\/cms-articles.softonic.io\/es\/wp-json\/wp\/v2\/posts\/193602\/revisions"}],"predecessor-version":[{"id":368571,"href":"https:\/\/cms-articles.softonic.io\/es\/wp-json\/wp\/v2\/posts\/193602\/revisions\/368571"}],"wp:featuredmedia":[{"embeddable":true,"href":"https:\/\/cms-articles.softonic.io\/es\/wp-json\/wp\/v2\/media\/193608"}],"wp:attachment":[{"href":"https:\/\/cms-articles.softonic.io\/es\/wp-json\/wp\/v2\/media?parent=193602"}],"wp:term":[{"taxonomy":"category","embeddable":true,"href":"https:\/\/cms-articles.softonic.io\/es\/wp-json\/wp\/v2\/categories?post=193602"},{"taxonomy":"post_tag","embeddable":true,"href":"https:\/\/cms-articles.softonic.io\/es\/wp-json\/wp\/v2\/tags?post=193602"},{"taxonomy":"usertag","embeddable":true,"href":"https:\/\/cms-articles.softonic.io\/es\/wp-json\/wp\/v2\/usertag?post=193602"},{"taxonomy":"vertical","embeddable":true,"href":"https:\/\/cms-articles.softonic.io\/es\/wp-json\/wp\/v2\/vertical?post=193602"},{"taxonomy":"content-category","embeddable":true,"href":"https:\/\/cms-articles.softonic.io\/es\/wp-json\/wp\/v2\/content-category?post=193602"}],"curies":[{"name":"wp","href":"https:\/\/api.w.org\/{rel}","templated":true}]}}