{"id":197973,"date":"2019-08-13T15:16:24","date_gmt":"2019-08-13T15:16:24","guid":{"rendered":"http:\/\/sftarticles.wpenginepowered.com\/es\/?p=197973"},"modified":"2025-06-12T22:59:03","modified_gmt":"2025-06-12T20:59:03","slug":"facebook-experimenta-con-el-modo-oscuro-en-android","status":"publish","type":"post","link":"https:\/\/cms-articles.softonic.io\/es\/facebook-experimenta-con-el-modo-oscuro-en-android\/","title":{"rendered":"Facebook experimenta con el modo oscuro en Android"},"content":{"rendered":"<p>El modo oscuro se instala definitivamente en Facebook y sus redes sociales como Messenger, Instagram y WhatsApp. Y es que el modo negro est\u00e1 de moda y <strong>la empresa de Mark Zuckerberg lo est\u00e1 probando para su versi\u00f3n en Android como anunci\u00f3 la ingeniera <a href=\"https:\/\/twitter.com\/wongmjane?lang=es\">Jane Manchun<\/a>.<\/strong><\/p>\n<p>As\u00ed, <strong>Facebook se suma a otras aplicaciones como <a href=\"https:\/\/www.softonic.com\/articulos\/whatsapp-el-modo-oscuro-llegara-en-septiembre-con-mas-novedades\">WhatsApp que lo incorporar\u00e1 en septiembre<\/a><\/strong> o <a href=\"https:\/\/www.softonic.com\/articulos\/messenger-por-fin-incorpora-el-modo-oscuro\">Messenger<\/a> que ya lo tiene desde hace meses. Y es que por lo visto, <strong>la red social est\u00e1 probando este sistema oscuro en una versi\u00f3n que no es definitiva y que no se ve todo en negro<\/strong>.<\/p>\n<p><img loading=\"lazy\" decoding=\"async\" class=\"alignnone size-full wp-image-197976\" src=\"https:\/\/articles-img.sftcdn.net\/sft\/articles\/auto-mapping-folder\/sites\/2\/2019\/08\/Modo-oscuro-Facebook.jpg\" alt=\"\" width=\"1280\" height=\"664\" srcset=\"https:\/\/articles-img.sftcdn.net\/auto-mapping-folder\/sites\/2\/2019\/08\/Modo-oscuro-Facebook.jpg 1280w, https:\/\/articles-img.sftcdn.net\/auto-mapping-folder\/sites\/2\/2019\/08\/Modo-oscuro-Facebook-300x156.jpg 300w, https:\/\/articles-img.sftcdn.net\/auto-mapping-folder\/sites\/2\/2019\/08\/Modo-oscuro-Facebook-768x398.jpg 768w, https:\/\/articles-img.sftcdn.net\/auto-mapping-folder\/sites\/2\/2019\/08\/Modo-oscuro-Facebook-1024x531.jpg 1024w, https:\/\/articles-img.sftcdn.net\/auto-mapping-folder\/sites\/2\/2019\/08\/Modo-oscuro-Facebook-1200x623.jpg 1200w\" sizes=\"auto, (max-width: 1280px) 100vw, 1280px\" \/><\/p>\n<section id=\"sumario_2|foto\" class=\"sumario_foto centro\">\n<div class=\"sumario__interior\">\n<div class=\"sumario-texto\">\n<p><strong>Comparte cosas en com\u00fan como lo que le pasa a <a href=\"https:\/\/www.softonic.com\/articulos\/google-chrome-tendra-un-modo-oscuro-inteligente-y-otros-cambios-interesantes\">Google Chrome<\/a><\/strong>, aunque el buscador lo ha solucionado incorporando un modo negro inteligente que ajusta el color negro a los sitios web.<\/p>\n<p>En todo caso, se trata de pruebas y seg\u00fan afirma,<a href=\"https:\/\/wongmjane.com\/blog\/fb-dark-mode\">\u00a0la desarrollador<\/a>a <strong>este modo oscuro de Facebook est\u00e1 en fase temprana de producci\u00f3n, pero tiene muy buena pinta.\u00a0<\/strong><\/p>\n<blockquote class=\"twitter-tweet\" data-width=\"550\">\n<p lang=\"en\" dir=\"ltr\">We just announced a fresh, new design for Facebook that makes communities as central as friends. FB5 is simpler, faster, more immersive and makes it easier to find what you&#39;re looking for and get to your most-used features. <a href=\"https:\/\/twitter.com\/hashtag\/f82019?src=hash&amp;ref_src=twsrc%5Etfw\">#f82019<\/a> <a href=\"https:\/\/t.co\/YWIGEnpO4M\">pic.twitter.com\/YWIGEnpO4M<\/a><\/p>\n<p>&mdash; Facebook (@facebook) <a href=\"https:\/\/twitter.com\/facebook\/status\/1123303244569227265?ref_src=twsrc%5Etfw\">April 30, 2019<\/a><\/p><\/blockquote>\n<p><script async src=\"https:\/\/platform.twitter.com\/widgets.js\" charset=\"utf-8\"><\/script><\/p>\n<\/div>\n<\/div>\n<\/section>\n<p>No es la primera vez que Facebook experimenta con esta funci\u00f3n, pero ahora parece que la red social va en serio y e<strong>st\u00e1 probando a implantar la funci\u00f3n para algunos usuarios en la versi\u00f3n Android de Facebook.<\/strong><\/p>\n<div class=\"sc-card-program\">\r\n  <div class=\"sc-card-program__body\">\r\n    <div class=\"sc-card-program__row clearfix\">\r\n      <div class=\"sc-card-program__col-logo\">\r\n        <img decoding=\"async\" class=\"sc-card-program__img\" src=\"https:\/\/images.sftcdn.net\/images\/t_optimized,f_auto\/p\/144349b4-96d1-11e6-9e99-00163ed833e7\/2188764103\/facebook-logo.png\" alt=\"Facebook\" width=\"100px\" height=\"100px\">\r\n      <\/div>\r\n      <div class=\"sc-card-program__col-title\">\r\n        <span class=\"sc-card-program__title\">Facebook<\/span>\r\n        <a class=\"sc-card-program__button sc-card-program-internal\" href=\"https:\/\/facebook.softonic.com\/aplicaciones-web\" target=\"_self\" rel=\"noopener noreferrer\">Accede<\/a>\r\n      <\/div>\r\n      <div class=\"sc-card-program__col-rating\">\r\n        <svg class=\"rating-score__content\" xmlns=\"http:\/\/www.w3.org\/2000\/svg\" version=\"1.1\" x=\"0\" y=\"0\" viewbox=\"0 0 50 50\" enable-background=\"new 0 0 50 50\" xml:space=\"preserve\"><path class=\"rating-score__background rating-score--good\" fill=\"none\" stroke-width=\"6\" stroke-miterlimit=\"10\" d=\"M40 40c8.3-8.3 8.3-21.7 0-30s-21.7-8.3-30 0 -8.3 21.7 0 30\"><\/path><path class=\"rating-score__value rating-score__value--90\" fill=\"none\" stroke-width=\"6\" stroke-dashoffset=\"90\" stroke-miterlimit=\"10\" d=\"M40 40c8.3-8.3 8.3-21.7 0-30s-21.7-8.3-30 0 -8.3 21.7 0 30\"><\/path><text class=\"rating-score__number\" content=\"9\" text-anchor=\"middle\" transform=\"matrix(1 0 0 1 25 31.0837)\" data-auto=\"app-user-score\">9<\/text><\/svg>\r\n      <\/div>\r\n    <\/div>\r\n    <div class=\"sc-card-program__row\">\r\n      <span class=\"sc-card-program__description\">La red social m\u00e1s famosa<\/span>\r\n    <\/div>\r\n    <div class=\"sc-card-program__row\">\r\n      <img decoding=\"async\" class=\"sc-card-program__bigpic\" src=\"\" onerror=\"this.style.display='none'\">\r\n    <\/div>\r\n    <a class=\"sc-card-program__link track-link sc-card-program-internal\" href=\"https:\/\/facebook.softonic.com\/aplicaciones-web\" target=\"_self\" rel=\"noopener noreferrer\"><\/a>\r\n  <\/div>\r\n<\/div>\n<p>El resto de la gente tendremos que esperar un poco, aunque<strong> no parece que tarde mucho tal y como ha informado la propia compa\u00f1\u00eda. <\/strong>El tema de ajustes de los colores se ir\u00e1 solucionando a medida que mejoren las pruebas.<\/p>\n<p>Y es que<strong>\u00a0<\/strong>este dise\u00f1o est\u00e1 englobado dentro de una fase llamada FB5 que consiste en un nuevo esquema de colores que<strong> muestra una barra de navegaci\u00f3n blanca y unos botones grises claros que no llegan a ser oscuros.<\/strong><\/p>\n<p>Esperamos con impaciencia que <strong>Facebook solucione estos peque\u00f1os detalles y por fin se decida a lanzar el modo oscuro. <\/strong>La duda es saber si<strong> llegar\u00e1 antes para <a href=\"https:\/\/www.softonic.com\/articulos\/whatsapp-el-modo-oscuro-llegara-en-septiembre-con-mas-novedades\">WhatsAp<\/a>p o para la red social. <\/strong>\u00a1Se\u00f1ores y se\u00f1oras, pueden hacer apuestas!<\/p>\n","protected":false},"excerpt":{"rendered":"<p>El modo oscuro se instala definitivamente en Facebook y sus redes sociales como Messenger, Instagram y WhatsApp. Y es que el modo negro est\u00e1 de moda y la empresa de Mark Zuckerberg lo est\u00e1 probando para su versi\u00f3n en Android como anunci\u00f3 la ingeniera Jane Manchun. As\u00ed, Facebook se suma a otras aplicaciones como WhatsApp &hellip; <a href=\"https:\/\/cms-articles.softonic.io\/es\/facebook-experimenta-con-el-modo-oscuro-en-android\/\" class=\"more-link\">Continue reading<span class=\"screen-reader-text\"> &#8220;Facebook experimenta con el modo oscuro en Android&#8221;<\/span><\/a><\/p>\n","protected":false},"author":9177,"featured_media":197977,"comment_status":"open","ping_status":"open","sticky":false,"template":"","format":"standard","meta":{"footnotes":"","wpcf-pageviews":0},"categories":[9317],"tags":[9686,9370,9332,9324,9323,9329,9328],"usertag":[9305],"vertical":[],"content-category":[],"class_list":["post-197973","post","type-post","status-publish","format-standard","has-post-thumbnail","hentry","category-news","tag-app-subdomain-redirectionfacebook","tag-facebook-messenger","tag-multimedia","tag-navegacion-web","tag-ocio","tag-productividad","tag-redes-sociales","usertag-purchaser"],"aioseo_notices":[],"_links":{"self":[{"href":"https:\/\/cms-articles.softonic.io\/es\/wp-json\/wp\/v2\/posts\/197973","targetHints":{"allow":["GET"]}}],"collection":[{"href":"https:\/\/cms-articles.softonic.io\/es\/wp-json\/wp\/v2\/posts"}],"about":[{"href":"https:\/\/cms-articles.softonic.io\/es\/wp-json\/wp\/v2\/types\/post"}],"author":[{"embeddable":true,"href":"https:\/\/cms-articles.softonic.io\/es\/wp-json\/wp\/v2\/users\/9177"}],"replies":[{"embeddable":true,"href":"https:\/\/cms-articles.softonic.io\/es\/wp-json\/wp\/v2\/comments?post=197973"}],"version-history":[{"count":1,"href":"https:\/\/cms-articles.softonic.io\/es\/wp-json\/wp\/v2\/posts\/197973\/revisions"}],"predecessor-version":[{"id":367982,"href":"https:\/\/cms-articles.softonic.io\/es\/wp-json\/wp\/v2\/posts\/197973\/revisions\/367982"}],"wp:featuredmedia":[{"embeddable":true,"href":"https:\/\/cms-articles.softonic.io\/es\/wp-json\/wp\/v2\/media\/197977"}],"wp:attachment":[{"href":"https:\/\/cms-articles.softonic.io\/es\/wp-json\/wp\/v2\/media?parent=197973"}],"wp:term":[{"taxonomy":"category","embeddable":true,"href":"https:\/\/cms-articles.softonic.io\/es\/wp-json\/wp\/v2\/categories?post=197973"},{"taxonomy":"post_tag","embeddable":true,"href":"https:\/\/cms-articles.softonic.io\/es\/wp-json\/wp\/v2\/tags?post=197973"},{"taxonomy":"usertag","embeddable":true,"href":"https:\/\/cms-articles.softonic.io\/es\/wp-json\/wp\/v2\/usertag?post=197973"},{"taxonomy":"vertical","embeddable":true,"href":"https:\/\/cms-articles.softonic.io\/es\/wp-json\/wp\/v2\/vertical?post=197973"},{"taxonomy":"content-category","embeddable":true,"href":"https:\/\/cms-articles.softonic.io\/es\/wp-json\/wp\/v2\/content-category?post=197973"}],"curies":[{"name":"wp","href":"https:\/\/api.w.org\/{rel}","templated":true}]}}