{"id":249900,"date":"2022-05-18T10:17:54","date_gmt":"2022-05-18T10:17:54","guid":{"rendered":"http:\/\/sftarticles.wpenginepowered.com\/es\/?p=249900"},"modified":"2024-08-08T13:02:27","modified_gmt":"2024-08-08T11:02:27","slug":"error-facebook-elimina-contenido","status":"publish","type":"post","link":"https:\/\/cms-articles.softonic.io\/es\/error-facebook-elimina-contenido\/","title":{"rendered":"Un error en Facebook elimina el contenido de la plataforma"},"content":{"rendered":"\n<p class=\"wp-block-paragraph\">El padre de Meta, <strong>Facebook<\/strong>, comunic\u00f3 este martes que la plataforma sufr\u00eda un grave bug. Dicho bug se llev\u00f3 <strong>borrando contenido de forma err\u00f3nea<\/strong> durante los tres primeros meses de este a\u00f1o, pero parece que ya tiene soluci\u00f3n.<\/p>\n\n\n<div class=\"sc-card-program\">\r\n  <div class=\"sc-card-program__body\">\r\n    <div class=\"sc-card-program__row clearfix\">\r\n      <div class=\"sc-card-program__col-logo\">\r\n        <img decoding=\"async\" class=\"sc-card-program__img\" src=\"https:\/\/images.sftcdn.net\/images\/t_app-logo-xl,f_auto,dpr_2\/p\/b2253bb6-9b53-11e6-8b9d-00163ed833e7\/219705778\/facebook-icon.png\" alt=\"Facebook\" width=\"100px\" height=\"100px\">\r\n      <\/div>\r\n      <div class=\"sc-card-program__col-title\">\r\n        <span class=\"sc-card-program__title\">Facebook<\/span>\r\n        <a class=\"sc-card-program__button sc-card-program-internal\" href=\"https:\/\/facebook.en.softonic.com\" target=\"_self\" rel=\"noopener noreferrer\">DESCARGAR<\/a>\r\n      <\/div>\r\n      <div class=\"sc-card-program__col-rating\">\r\n        <svg class=\"rating-score__content\" xmlns=\"http:\/\/www.w3.org\/2000\/svg\" version=\"1.1\" x=\"0\" y=\"0\" viewbox=\"0 0 50 50\" enable-background=\"new 0 0 50 50\" xml:space=\"preserve\"><path class=\"rating-score__background rating-score--good\" fill=\"none\" stroke-width=\"6\" stroke-miterlimit=\"10\" d=\"M40 40c8.3-8.3 8.3-21.7 0-30s-21.7-8.3-30 0 -8.3 21.7 0 30\"><\/path><path class=\"rating-score__value rating-score__value--80\" fill=\"none\" stroke-width=\"6\" stroke-dashoffset=\"80\" stroke-miterlimit=\"10\" d=\"M40 40c8.3-8.3 8.3-21.7 0-30s-21.7-8.3-30 0 -8.3 21.7 0 30\"><\/path><text class=\"rating-score__number\" content=\"8\" text-anchor=\"middle\" transform=\"matrix(1 0 0 1 25 31.0837)\" data-auto=\"app-user-score\">8<\/text><\/svg>\r\n      <\/div>\r\n    <\/div>\r\n    <div class=\"sc-card-program__row\">\r\n      <span class=\"sc-card-program__description\"><\/span>\r\n    <\/div>\r\n    <div class=\"sc-card-program__row\">\r\n      <img decoding=\"async\" class=\"sc-card-program__bigpic\" src=\"\" onerror=\"this.style.display='none'\">\r\n    <\/div>\r\n    <a class=\"sc-card-program__link track-link sc-card-program-internal\" href=\"https:\/\/facebook.en.softonic.com\" target=\"_self\" rel=\"noopener noreferrer\"><\/a>\r\n  <\/div>\r\n<\/div>\n\n\n\n<p class=\"wp-block-paragraph\">La gigantesca red social ha dicho p\u00fablicamente que ya han arreglado el problema y tambi\u00e9n han restaurado las publicaciones que hab\u00edan sido se\u00f1aladas err\u00f3neamente por violar las normas. Facebook tom\u00f3 acciones contra unas <strong>2.5 millones de publicaciones<\/strong> que fueron marcadas como odio organizado, en contraposici\u00f3n con las 1.6 millones del \u00faltimo cuarto del a\u00f1o 2021. Tambi\u00e9n fueron marcados <strong>16 millones de posts<\/strong> por contenido terrorista, una cifra mucho m\u00e1s elevada que los 7.7 millones que se detectaron previamente en 2021 tambi\u00e9n. Meta atribuy\u00f3 estos elevados n\u00fameros a este bug en su nuevo tecnolog\u00eda para detectar contenido malicioso.<\/p>\n\n\n\n<p class=\"wp-block-paragraph\">Actualmente, <strong>m\u00e1s 400.000 publicaciones han sido ya restauradas <\/strong>y otras muchas m\u00e1s est\u00e1n en camino. Instagram tambi\u00e9n ha sido afectada por el bug y esto es algo que los usuarios ya hab\u00edan notado previamente. <\/p>\n\n\n\n<p class=\"wp-block-paragraph\">Estos errores nos hacen preguntarnos sobre la eficacia de estas nuevas tecnolog\u00edas de detecci\u00f3n de contenido y si hay otros bugs que no se hayan detectado a\u00fan. Meta ha declarado que est\u00e1 tomando en consideraci\u00f3n toda esta situaci\u00f3n y que tambi\u00e9n est\u00e1 realizando cambios para no repetir estos errores de moderaci\u00f3n en el futuro. <\/p>\n\n\n\n<p class=\"wp-block-paragraph\">A\u00fan as\u00ed, por ahora la situaci\u00f3n no pinta muy bien para Facebook. A parte de las numerosas cr\u00edticas a las que se enfrenta cada d\u00eda la plataforma, <strong>Facebook tambi\u00e9n est\u00e1 bajo escrutinio por no remover contenido terrorista <\/strong>antes de que se haga viral. El pasado fin de semana, un joven mat\u00f3 a 10 personas por motivos racistas y lo emiti\u00f3 por streaming. El v\u00eddeo circul\u00f3 por Facebook y <strong>permaneci\u00f3 m\u00e1s de 10 horas subido a la plataforma<\/strong>. Cuando la compa\u00f1\u00eda fue consciente del suceso, los empleados marcaron el v\u00eddeo como ataque terrorista y fue retirado de la plataforma, aunque ya era demasiado tarde.<\/p>\n","protected":false},"excerpt":{"rendered":"<p>El padre de Meta, Facebook, comunic\u00f3 este martes que la plataforma sufr\u00eda un grave bug. Dicho bug se llev\u00f3 borrando contenido de forma err\u00f3nea durante los tres primeros meses de este a\u00f1o, pero parece que ya tiene soluci\u00f3n. La gigantesca red social ha dicho p\u00fablicamente que ya han arreglado el problema y tambi\u00e9n han restaurado &hellip; <a href=\"https:\/\/cms-articles.softonic.io\/es\/error-facebook-elimina-contenido\/\" class=\"more-link\">Continue reading<span class=\"screen-reader-text\"> &#8220;Un error en Facebook elimina el contenido de la plataforma&#8221;<\/span><\/a><\/p>\n","protected":false},"author":9211,"featured_media":249941,"comment_status":"closed","ping_status":"closed","sticky":false,"template":"","format":"standard","meta":{"footnotes":"","wpcf-pageviews":0},"categories":[9317],"tags":[9686],"usertag":[],"vertical":[],"content-category":[],"class_list":["post-249900","post","type-post","status-publish","format-standard","has-post-thumbnail","hentry","category-news","tag-app-subdomain-redirectionfacebook"],"aioseo_notices":[],"_links":{"self":[{"href":"https:\/\/cms-articles.softonic.io\/es\/wp-json\/wp\/v2\/posts\/249900","targetHints":{"allow":["GET"]}}],"collection":[{"href":"https:\/\/cms-articles.softonic.io\/es\/wp-json\/wp\/v2\/posts"}],"about":[{"href":"https:\/\/cms-articles.softonic.io\/es\/wp-json\/wp\/v2\/types\/post"}],"author":[{"embeddable":true,"href":"https:\/\/cms-articles.softonic.io\/es\/wp-json\/wp\/v2\/users\/9211"}],"replies":[{"embeddable":true,"href":"https:\/\/cms-articles.softonic.io\/es\/wp-json\/wp\/v2\/comments?post=249900"}],"version-history":[{"count":0,"href":"https:\/\/cms-articles.softonic.io\/es\/wp-json\/wp\/v2\/posts\/249900\/revisions"}],"wp:featuredmedia":[{"embeddable":true,"href":"https:\/\/cms-articles.softonic.io\/es\/wp-json\/wp\/v2\/media\/249941"}],"wp:attachment":[{"href":"https:\/\/cms-articles.softonic.io\/es\/wp-json\/wp\/v2\/media?parent=249900"}],"wp:term":[{"taxonomy":"category","embeddable":true,"href":"https:\/\/cms-articles.softonic.io\/es\/wp-json\/wp\/v2\/categories?post=249900"},{"taxonomy":"post_tag","embeddable":true,"href":"https:\/\/cms-articles.softonic.io\/es\/wp-json\/wp\/v2\/tags?post=249900"},{"taxonomy":"usertag","embeddable":true,"href":"https:\/\/cms-articles.softonic.io\/es\/wp-json\/wp\/v2\/usertag?post=249900"},{"taxonomy":"vertical","embeddable":true,"href":"https:\/\/cms-articles.softonic.io\/es\/wp-json\/wp\/v2\/vertical?post=249900"},{"taxonomy":"content-category","embeddable":true,"href":"https:\/\/cms-articles.softonic.io\/es\/wp-json\/wp\/v2\/content-category?post=249900"}],"curies":[{"name":"wp","href":"https:\/\/api.w.org\/{rel}","templated":true}]}}