{"id":268144,"date":"2023-01-24T09:19:17","date_gmt":"2023-01-24T09:19:17","guid":{"rendered":"https:\/\/sftarticles.wpenginepowered.com\/es\/?p=268144"},"modified":"2025-06-12T21:26:40","modified_gmt":"2025-06-12T19:26:40","slug":"layoffs-fyi-web-controlar-despidos-industria-tecnologica","status":"publish","type":"post","link":"https:\/\/cms-articles.softonic.io\/es\/layoffs-fyi-web-controlar-despidos-industria-tecnologica\/","title":{"rendered":"Sigue todos los despidos de Microsoft, Google y Spotify en directo"},"content":{"rendered":"\n<p class=\"wp-block-paragraph\">La pandemia de la <strong>COVID-19<\/strong> ha afectado enormemente a la econom\u00eda mundial, y eso no excluye ni tan siquiera a las grandes compa\u00f1\u00edas tecnol\u00f3gicas. Entre 2022 y 2023, los efectos de una <strong>recesi\u00f3n econ\u00f3mica<\/strong> que va cada vez a m\u00e1s, agravada por acontecimientos como la <strong>guerra en Ucrania<\/strong>, han tocado de lleno a grandes nombres de la industria, que ponen en marcha planes de reducciones de costes que suelen implicar <strong>despidos generalizados<\/strong>.<\/p>\n\n\n\n<p class=\"wp-block-paragraph\">Una sucesi\u00f3n de despidos que afecta no solo a las marcas m\u00e1s conocidas, sino tambi\u00e9n a otras <strong>empresas de mayor o menor tama\u00f1o de la industria tecnol\u00f3gica<\/strong>. Son tantas actualmente que, como no pod\u00eda ser de otra forma en los tiempos que corren, se ha tenido que crear una web donde se pueden controlar todos los despidos realizados por las compa\u00f1\u00edas de este sector.<\/p>\n\n\n\n<h2 class=\"wp-block-heading\">Una forma de seguir todos los despidos que est\u00e1n teniendo lugar en la industria<\/h2>\n\n\n\n<p class=\"wp-block-paragraph\">La web <a href=\"https:\/\/layoffs.fyi\/\" target=\"_blank\" rel=\"noreferrer noopener nofollow\"><strong>Layoffs.fyi<\/strong><\/a>, de la que tambi\u00e9n se han hecho eco grandes medios como <strong>Bloomberg<\/strong>, <strong>The Wall Street Journal<\/strong> y <strong>TechCrunch<\/strong>, permite ver de un plumazo todos los despidos realizados por la industria tecnol\u00f3gica <strong>desde los comienzos de la pandemia<\/strong>, en marzo de 2020, hasta la actualidad.<\/p>\n\n\n\n<div class=\"wp-block-image\"><figure class=\"aligncenter size-large\"><img decoding=\"async\" src=\"https:\/\/articles-img.sftcdn.net\/sft\/articles\/auto-mapping-folder\/sites\/2\/2023\/01\/Tabla-despidos-1024x901.png\" alt=\"\" class=\"wp-image-268146\" \/><\/figure><\/div>\n\n\n\n<p class=\"wp-block-paragraph\">Entre otras opciones, permite <strong>visualizar y ordenar tablas<\/strong> seg\u00fan la fecha, el n\u00famero de personas despedidas (si el dato es de conocimiento p\u00fablico), el lugar o incluso el sector al que pertenecen. Tambi\u00e9n pone a disposici\u00f3n del p\u00fablico <strong>diversos gr\u00e1ficos<\/strong> donde se puede ver y comparar la cantidad de despidos llevados a cabo por las empresas en un mes o trimestre, y los empleados despedidos en dicha franja de tiempo.<\/p>\n\n\n\n<div class=\"wp-block-image\"><figure class=\"aligncenter size-full\"><img loading=\"lazy\" decoding=\"async\" width=\"922\" height=\"398\" src=\"https:\/\/articles-img.sftcdn.net\/sft\/articles\/auto-mapping-folder\/sites\/2\/2023\/01\/Grafico-despidos-desde-COVID.jpg\" alt=\"\" class=\"wp-image-268147\" \/><\/figure><\/div>\n\n\n\n<p class=\"wp-block-paragraph\">Una web que permite apreciar una situaci\u00f3n completamente asoladora en la que hasta las compa\u00f1\u00edas m\u00e1s grandes del mundo han tenido que reducir su plantilla para hacer frente al contexto socioecon\u00f3mico. Sin ir m\u00e1s lejos, la propia <strong>Microsoft<\/strong>, cuyos beneficios vivieron una desaceleraci\u00f3n tras la pandemia, <a href=\"https:\/\/www.softonic.com\/articulos\/microsoft-esta-reduciendo-su-fuerza-laboral\" target=\"_blank\" rel=\"noreferrer noopener\">anunci\u00f3 hace unos d\u00edas un recorte del 5% de su plantilla<\/a>, <strong>dejando as\u00ed sin trabajo a unas 10.000 personas<\/strong>.<\/p>\n\n\n\n<p class=\"wp-block-paragraph\">Tan solo un d\u00eda despu\u00e9s del anuncio, la gigante <strong>Alphabet<\/strong>, conocida por ser la empresa matriz de <strong>Google<\/strong>, <a href=\"https:\/\/www.softonic.com\/articulos\/google-planea-despedir-12000-empleados\" target=\"_blank\" rel=\"noreferrer noopener\">comunic\u00f3 que tomaba la \u201cdif\u00edcil decisi\u00f3n\u201d de <strong>despedir a 12.000 personas<\/strong><\/a> con el fin de sobrevivir y crecer en este 2023. Un anuncio que el propio <strong>Sundar Pichai<\/strong>, director ejecutivo de Google y Alphabet, comunic\u00f3 a sus empleados v\u00eda email.<\/p>\n\n\n\n<div class=\"wp-block-image\"><figure class=\"aligncenter size-full\"><img loading=\"lazy\" decoding=\"async\" width=\"922\" height=\"398\" src=\"https:\/\/articles-img.sftcdn.net\/sft\/articles\/auto-mapping-folder\/sites\/2\/2023\/01\/Grafico-despidos-2022-2023.jpg\" alt=\"\" class=\"wp-image-268148\" \/><\/figure><\/div>\n\n\n\n<p class=\"wp-block-paragraph\">Dos pesos pesados que, sin embargo, siguen una tendencia de otros grandes de la industria, como <a href=\"https:\/\/techcrunch.com\/2022\/11\/09\/meta-confirms-11000-layoffs-amounting-to-13-of-its-workforce\/\" target=\"_blank\" rel=\"noreferrer noopener nofollow\"><strong>Meta<\/strong>, que anunci\u00f3 en noviembre que despedir\u00eda a 11.000 trabajadores<\/a> en todo el mundo; tambi\u00e9n la mastod\u00f3ntica <a href=\"https:\/\/www.reuters.com\/business\/retail-consumer\/amazon-lay-off-over-17000-workers-wsj-2023-01-04\/\" target=\"_blank\" rel=\"noreferrer noopener nofollow\"><strong>Amazon<\/strong>, que a principios de mes despidi\u00f3 a 18.000 empleados<\/a>, y m\u00e1s recientemente <a href=\"https:\/\/www.softonic.com\/articulos\/spotify-reduccion-de-plantilla\" target=\"_blank\" rel=\"noreferrer noopener\"><strong>Spotify<\/strong>, que anunci\u00f3 una reducci\u00f3n de su plantilla<\/a>, aunque sin especificar ninguna cifra.<\/p>\n","protected":false},"excerpt":{"rendered":"<p>Layoffs.fyi es una web que permite visualizar todos los despidos llevados a cabo por las compa\u00f1\u00edas tecnol\u00f3gicas desde el comienzo de la pandemia<\/p>\n","protected":false},"author":9256,"featured_media":268251,"comment_status":"closed","ping_status":"closed","sticky":false,"template":"","format":"standard","meta":{"footnotes":"","wpcf-pageviews":0},"categories":[9317],"tags":[],"usertag":[],"vertical":[],"content-category":[],"class_list":["post-268144","post","type-post","status-publish","format-standard","has-post-thumbnail","hentry","category-news"],"aioseo_notices":[],"_links":{"self":[{"href":"https:\/\/cms-articles.softonic.io\/es\/wp-json\/wp\/v2\/posts\/268144","targetHints":{"allow":["GET"]}}],"collection":[{"href":"https:\/\/cms-articles.softonic.io\/es\/wp-json\/wp\/v2\/posts"}],"about":[{"href":"https:\/\/cms-articles.softonic.io\/es\/wp-json\/wp\/v2\/types\/post"}],"author":[{"embeddable":true,"href":"https:\/\/cms-articles.softonic.io\/es\/wp-json\/wp\/v2\/users\/9256"}],"replies":[{"embeddable":true,"href":"https:\/\/cms-articles.softonic.io\/es\/wp-json\/wp\/v2\/comments?post=268144"}],"version-history":[{"count":1,"href":"https:\/\/cms-articles.softonic.io\/es\/wp-json\/wp\/v2\/posts\/268144\/revisions"}],"predecessor-version":[{"id":366517,"href":"https:\/\/cms-articles.softonic.io\/es\/wp-json\/wp\/v2\/posts\/268144\/revisions\/366517"}],"wp:featuredmedia":[{"embeddable":true,"href":"https:\/\/cms-articles.softonic.io\/es\/wp-json\/wp\/v2\/media\/268251"}],"wp:attachment":[{"href":"https:\/\/cms-articles.softonic.io\/es\/wp-json\/wp\/v2\/media?parent=268144"}],"wp:term":[{"taxonomy":"category","embeddable":true,"href":"https:\/\/cms-articles.softonic.io\/es\/wp-json\/wp\/v2\/categories?post=268144"},{"taxonomy":"post_tag","embeddable":true,"href":"https:\/\/cms-articles.softonic.io\/es\/wp-json\/wp\/v2\/tags?post=268144"},{"taxonomy":"usertag","embeddable":true,"href":"https:\/\/cms-articles.softonic.io\/es\/wp-json\/wp\/v2\/usertag?post=268144"},{"taxonomy":"vertical","embeddable":true,"href":"https:\/\/cms-articles.softonic.io\/es\/wp-json\/wp\/v2\/vertical?post=268144"},{"taxonomy":"content-category","embeddable":true,"href":"https:\/\/cms-articles.softonic.io\/es\/wp-json\/wp\/v2\/content-category?post=268144"}],"curies":[{"name":"wp","href":"https:\/\/api.w.org\/{rel}","templated":true}]}}