{"id":275856,"date":"2023-03-10T11:15:12","date_gmt":"2023-03-10T10:15:12","guid":{"rendered":"https:\/\/sftarticles.wpenginepowered.com\/es\/?p=275856"},"modified":"2025-06-12T20:55:15","modified_gmt":"2025-06-12T18:55:15","slug":"iphone-14-amarillo-reservas","status":"publish","type":"post","link":"https:\/\/cms-articles.softonic.io\/es\/iphone-14-amarillo-reservas\/","title":{"rendered":"El iPhone 14 amarillo llega hoy. \u00bfA qu\u00e9 hora podemos reservarlo?"},"content":{"rendered":"\n<p class=\"wp-block-paragraph\">El iPhone 14 y el iPhone 14 Plus en color amarillo abren hoy sus reservas. Despu\u00e9s de la presentaci\u00f3n sorpresa de esta semana, <strong>hoy se abrir\u00e1 la reserva del nuevo color de primavera de los iPhone 14<\/strong>. Un color amarillo vibrante que ha captado la atenci\u00f3n de muchos usuarios. Estos dispositivos ya estaban disponibles en otros colores, pero este nuevo tono est\u00e1 generando una gran expectativa.<\/p>\n\n\n\n<!--more-->\n\n\n\n<p class=\"wp-block-paragraph\">A partir de <strong>hoy, viernes 10 de marzo, se podr\u00e1n hacer las reservas<\/strong> para el <a href=\"https:\/\/www.softonic.com\/articulos\/iphone-14-amarillo\">iPhone 14 y el iPhone 14 Plus en su nueva versi\u00f3n amarilla<\/a>. Podremos hacerla a trav\u00e9s de la p\u00e1gina web de Apple o mediante la aplicaci\u00f3n de la Apple Store que podemos descargar del App Store en nuestro iPhone o iPad.<\/p>\n\n\n\n<h2 class=\"wp-block-heading\">Varias cosas a tener en cuenta para una reserva fluida<\/h2>\n\n\n\n<p class=\"wp-block-paragraph\">El proceso de reserva es de lo m\u00e1s simple y si conseguimos hacernos con una de las primeras unidades, recibiremos nuestro <strong>nuevo iPhone el pr\u00f3ximo martes d\u00eda 14 de marzo<\/strong>. Eso s\u00ed, previendo una considerable demanda de estos nuevos iPhone, si queremos asegurarnos recibirlo lo antes posible, es m\u00e1s que recomendable que realicemos la reserva puntualmente. Estas son las horas de apertura del proceso:<\/p>\n\n\n\n<ul class=\"wp-block-list\"><li><strong>Espa\u00f1a<\/strong>: 14:00h<\/li><li><strong>M\u00e9xico<\/strong>: 07:00h<\/li><li><strong>Estados<\/strong> <strong>Unidos<\/strong> (costa oeste): 05:00h<\/li><li><strong>Estados<\/strong> <strong>Unidos<\/strong> (costa este): 08:00h<\/li><li><strong>Argentina<\/strong>: 10:00h<\/li><\/ul>\n\n\n\n<p class=\"wp-block-paragraph\">Para agilizar el proceso, lo mejor que podemos hacer es asegurarnos de que <strong>guardamos el iPhone ya configurado en nuestra lista de deseos<\/strong>, para encontrarlo r\u00e1pidamente. De igual manera, asegur\u00e9monos de tener configurada una forma de pago v\u00e1lida y que esta est\u00e1 actualizada. Por \u00faltimo, si vamos a hacer la reserva a trav\u00e9s de Apple.com, lo mejor es que dejemos la sesi\u00f3n de nuestro Apple ID iniciada.<\/p>\n\n\n\n<figure class=\"wp-block-image size-full\"><img decoding=\"async\" src=\"https:\/\/articles-img.sftcdn.net\/sft\/articles\/auto-mapping-folder\/sites\/2\/2023\/03\/Imagen-1-1.jpg\" alt=\"\" class=\"wp-image-275862\" \/><\/figure>\n\n\n\n<p class=\"wp-block-paragraph\">Yendo un poco m\u00e1s all\u00e1, y con el objetivo siempre de hacernos con las primeras unidades, consideremos <strong>consultar tanto la web como la aplicaci\u00f3n de Apple a la hora se\u00f1alada<\/strong>. A veces ambos sistemas se abren con un ligero desfase del que podemos sacar mucho partido.<\/p>\n\n\n\n<p class=\"wp-block-paragraph\">Por \u00faltimo, recordemos que ser\u00e1 a partir del pr\u00f3ximo 14 de marzo cuando podremos ir a ver los nuevos iPhone 14 y iPhone 14 Pro en color amarillo en las Apple Store. Una buena forma de comprobar la tonalidad por nosotros mismos antes de decidir hacernos con \u00e9l. Mientras, y esperando tambi\u00e9n al <a href=\"https:\/\/www.softonic.com\/articulos\/iphone-15-cambios-usb\">iPhone 15 y su redise\u00f1o<\/a>, tambi\u00e9n podemos echar un vistazo a los <strong>m\u00e1s de 30 colores y dise\u00f1os de fundas, correas para el Apple Watch<\/strong> e incluso llaveros para el AirTag que pueden ser un muy buen conjunto de nuestro nuevo iPhone.<\/p>\n","protected":false},"excerpt":{"rendered":"<p>Hoy es el d\u00eda, el iPhone 14 y el iPhone 14 Plus estrenan un nuevo color amarillo y se abren las reservas. \u00bfTodos listos?<\/p>\n","protected":false},"author":9262,"featured_media":275863,"comment_status":"closed","ping_status":"closed","sticky":false,"template":"","format":"standard","meta":{"footnotes":"","wpcf-pageviews":0},"categories":[9317],"tags":[10551,10552],"usertag":[],"vertical":[],"content-category":[],"class_list":["post-275856","post","type-post","status-publish","format-standard","has-post-thumbnail","hentry","category-news","tag-iphone-14","tag-iphone-14-plus"],"aioseo_notices":[],"_links":{"self":[{"href":"https:\/\/cms-articles.softonic.io\/es\/wp-json\/wp\/v2\/posts\/275856","targetHints":{"allow":["GET"]}}],"collection":[{"href":"https:\/\/cms-articles.softonic.io\/es\/wp-json\/wp\/v2\/posts"}],"about":[{"href":"https:\/\/cms-articles.softonic.io\/es\/wp-json\/wp\/v2\/types\/post"}],"author":[{"embeddable":true,"href":"https:\/\/cms-articles.softonic.io\/es\/wp-json\/wp\/v2\/users\/9262"}],"replies":[{"embeddable":true,"href":"https:\/\/cms-articles.softonic.io\/es\/wp-json\/wp\/v2\/comments?post=275856"}],"version-history":[{"count":1,"href":"https:\/\/cms-articles.softonic.io\/es\/wp-json\/wp\/v2\/posts\/275856\/revisions"}],"predecessor-version":[{"id":365806,"href":"https:\/\/cms-articles.softonic.io\/es\/wp-json\/wp\/v2\/posts\/275856\/revisions\/365806"}],"wp:featuredmedia":[{"embeddable":true,"href":"https:\/\/cms-articles.softonic.io\/es\/wp-json\/wp\/v2\/media\/275863"}],"wp:attachment":[{"href":"https:\/\/cms-articles.softonic.io\/es\/wp-json\/wp\/v2\/media?parent=275856"}],"wp:term":[{"taxonomy":"category","embeddable":true,"href":"https:\/\/cms-articles.softonic.io\/es\/wp-json\/wp\/v2\/categories?post=275856"},{"taxonomy":"post_tag","embeddable":true,"href":"https:\/\/cms-articles.softonic.io\/es\/wp-json\/wp\/v2\/tags?post=275856"},{"taxonomy":"usertag","embeddable":true,"href":"https:\/\/cms-articles.softonic.io\/es\/wp-json\/wp\/v2\/usertag?post=275856"},{"taxonomy":"vertical","embeddable":true,"href":"https:\/\/cms-articles.softonic.io\/es\/wp-json\/wp\/v2\/vertical?post=275856"},{"taxonomy":"content-category","embeddable":true,"href":"https:\/\/cms-articles.softonic.io\/es\/wp-json\/wp\/v2\/content-category?post=275856"}],"curies":[{"name":"wp","href":"https:\/\/api.w.org\/{rel}","templated":true}]}}