{"id":282354,"date":"2023-04-11T15:35:20","date_gmt":"2023-04-11T13:35:20","guid":{"rendered":"https:\/\/sftarticles.wpenginepowered.com\/es\/?p=282354"},"modified":"2025-06-12T20:31:01","modified_gmt":"2025-06-12T18:31:01","slug":"iphone-15","status":"publish","type":"post","link":"https:\/\/cms-articles.softonic.io\/es\/iphone-15\/","title":{"rendered":"iPhone 15, todo lo que sabemos: dise\u00f1o, caracter\u00edsticas, precio y fecha de lanzamiento"},"content":{"rendered":"\n<p>El lanzamiento de los nuevos modelos de iPhone es uno de los eventos m\u00e1s esperados en el mundo de la tecnolog\u00eda. A pesar de que el iPhone 14 y sus variantes a\u00fan son recientes en el mercado, ya circulan rumores y filtraciones acerca del iPhone 15 y iPhone 15 Pro. Exploremos <strong>todo lo que se sabe hasta ahora sobre estos dispositivos<\/strong>, incluyendo dise\u00f1o, c\u00e1maras, caracter\u00edsticas y precios, entre varios otros aspectos.<\/p>\n\n\n\n<!--more-->\n\n\n\n<h2 class=\"wp-block-heading\">\u00bfQu\u00e9 dise\u00f1o tendr\u00e1n los iPhone 15 y iPhone 15 Pro?<\/h2>\n\n\n\n<p>Los tama\u00f1os de pantalla del iPhone 15 y iPhone 15 Pro <strong>se mantendr\u00e1n iguales a los de sus predecesores<\/strong>, con 6.1 pulgadas para el iPhone 15 y el iPhone 15 Pro y 6.7 pulgadas para el iPhone 15 Plus y el iPhone 15 Pro Max. Se espera que los modelos con apellido Pro presenten un dise\u00f1o actualizado, con biseles m\u00e1s delgados y curvos, y un nuevo chasis de titanio, que no solo proporcionar\u00e1 una apariencia m\u00e1s elegante sino tambi\u00e9n mayor resistencia. Adem\u00e1s, Apple podr\u00eda incorporar <a href=\"https:\/\/www.softonic.com\/articulos\/iphone-15-pro-botones-personalizables\">botones de estado s\u00f3lido personalizables<\/a> que utilicen una respuesta h\u00e1ptica para simular la sensaci\u00f3n de presionar un bot\u00f3n, <a href=\"https:\/\/www.softonic.com\/articulos\/iphone-15-pro-botones-chip-apagado\">incluso estando apagados<\/a>.<\/p>\n\n\n\n<figure class=\"wp-block-image size-full\"><img decoding=\"async\" src=\"https:\/\/articles-img.sftcdn.net\/sft\/articles\/auto-mapping-folder\/sites\/2\/2023\/04\/Imagen-4-11423-1532.jpg\" alt=\"\" class=\"wp-image-282362\" \/><\/figure>\n\n\n\n<p>En l\u00edneas generales, se espera que el dise\u00f1o del iPhone 15 y iPhone 15 Pro sea similar al de los modelos iPhone 14 Pro <strong>gozando ambos modelos de la Dynamic Island<\/strong>. Sin embargo, se prev\u00e9n algunas modificaciones en el chasis de los dos modelos Pro que mejorar\u00e1n tanto la est\u00e9tica como la funcionalidad del dispositivo.<\/p>\n\n\n\n<p>En cuanto a los bordes, esperamos que los modelos iPhone 15 Pro tengan bordes m\u00e1s delgados y curvos en comparaci\u00f3n con los modelos anteriores. A pesar de los bordes m\u00e1s delgados y curvados, las pantallas seguir\u00e1n siendo planas, un dise\u00f1o que se asemeja, hasta donde sabemos, a los Apple Watch Series 7 y Series 8. Se espera que los bordes del iPhone 15 Pro tengan un grosor de 1,55 mm, lo que significa que el dispositivo establecer\u00e1 un nuevo r\u00e9cord en cuanto a los bordes m\u00e1s delgados en un tel\u00e9fono inteligente. En comparaci\u00f3n, los bordes del iPhone 14 Pro tienen un grosor de 2,17 mm.<\/p>\n\n\n\n<p>En los iPhone 15 Pro, otro cambio significativo en el dise\u00f1o ser\u00e1 la <strong>adopci\u00f3n de un chasis de titanio<\/strong> en lugar de uno de acero inoxidable como hasta ahora. El titanio es m\u00e1s ligero y resistente que el acero, aunque tambi\u00e9n es m\u00e1s costoso debido a la dificultad de trabajar con este material. Se espera que los modelos iPhone 15 Pro y Pro Max sean m\u00e1s livianos que sus predecesores gracias al uso de este material. El peso final, pero, depender\u00e1 mucho de la aleaci\u00f3n que Apple utilice.<\/p>\n\n\n<div class=\"sc-card-program\">\r\n  <div class=\"sc-card-program__body\">\r\n    <div class=\"sc-card-program__row clearfix\">\r\n      <div class=\"sc-card-program__col-logo\">\r\n        <img decoding=\"async\" class=\"sc-card-program__img\" src=\"https:\/\/images.sftcdn.net\/images\/t_app-icon-s\/p\/b2ebcb51-1909-41c6-b6ac-2b0958b355a8\/3216486378\/apple-tv-plus-aatv.jpg\" alt=\"AppleTV+\" width=\"100px\" height=\"100px\">\r\n      <\/div>\r\n      <div class=\"sc-card-program__col-title\">\r\n        <span class=\"sc-card-program__title\">AppleTV+<\/span>\r\n        <a class=\"sc-card-program__button sc-card-program-internal\" href=\"https:\/\/apple-tv-plus.softonic.com\/mac\" target=\"_self\" rel=\"noopener noreferrer\">DESCARGAR<\/a>\r\n      <\/div>\r\n      <div class=\"sc-card-program__col-rating\">\r\n        <svg class=\"rating-score__content\" xmlns=\"http:\/\/www.w3.org\/2000\/svg\" version=\"1.1\" x=\"0\" y=\"0\" viewbox=\"0 0 50 50\" enable-background=\"new 0 0 50 50\" xml:space=\"preserve\"><path class=\"rating-score__background rating-score--good\" fill=\"none\" stroke-width=\"6\" stroke-miterlimit=\"10\" d=\"M40 40c8.3-8.3 8.3-21.7 0-30s-21.7-8.3-30 0 -8.3 21.7 0 30\"><\/path><path class=\"rating-score__value rating-score__value--0\" fill=\"none\" stroke-width=\"6\" stroke-dashoffset=\"0\" stroke-miterlimit=\"10\" d=\"M40 40c8.3-8.3 8.3-21.7 0-30s-21.7-8.3-30 0 -8.3 21.7 0 30\"><\/path><text class=\"rating-score__number\" content=\"\" text-anchor=\"middle\" transform=\"matrix(1 0 0 1 25 31.0837)\" data-auto=\"app-user-score\"><\/text><\/svg>\r\n      <\/div>\r\n    <\/div>\r\n    <div class=\"sc-card-program__row\">\r\n      <span class=\"sc-card-program__description\"><\/span>\r\n    <\/div>\r\n    <div class=\"sc-card-program__row\">\r\n      <img decoding=\"async\" class=\"sc-card-program__bigpic\" src=\"\" onerror=\"this.style.display='none'\">\r\n    <\/div>\r\n    <a class=\"sc-card-program__link track-link sc-card-program-internal\" href=\"https:\/\/apple-tv-plus.softonic.com\/mac\" target=\"_self\" rel=\"noopener noreferrer\"><\/a>\r\n  <\/div>\r\n<\/div>\n\n\n\n<p>El titanio ya se utiliza en la l\u00ednea de Apple Watch y se han presentado dos colores de titanio en el pasado: un color natural plateado y una versi\u00f3n negra m\u00e1s oscura. El color oscuro, sin embargo, ha desaparecido con la llegada del Apple Watch Ultra. Dicho esto, es bastante posible que Apple utilice estos mismos colores en los modelos iPhone 15 Pro. El titanio, en lugar de ser brillante, presenta <strong>una textura mate que no es susceptible a las huellas dactilares<\/strong> de la misma manera que el marco de acero inoxidable.<\/p>\n\n\n\n<p>El \u00faltimo cambio rumoreado en cuanto al dise\u00f1o est\u00e1 en los botones del dispositivo. Los modelos iPhone 15 Pro <strong>no tendr\u00e1n los mismos botones f\u00edsicos<\/strong> que los iPhone 14 Pro o los iPhone 15, ya que Apple adoptar\u00e1 botones de estado s\u00f3lido con respuesta h\u00e1ptica. Estos botones se pueden utilizar de la misma manera que un bot\u00f3n f\u00edsico, pero no hay un verdadero movimiento del bot\u00f3n al presionarlo. En su lugar, se utiliza una vibraci\u00f3n h\u00e1ptica para simular la sensaci\u00f3n de presionar un bot\u00f3n, incluso cuando no hay movimiento f\u00edsico del mismo.<\/p>\n\n\n\n<p>Esta tecnolog\u00eda mejora la protecci\u00f3n contra el polvo y el agua al no requerir un mecanismo de presi\u00f3n f\u00edsica, aunque s\u00ed requiere hardware adicional en el interior del iPhone, como dos nuevos Taptic engines. Junto a este redise\u00f1o de los botones, esperamos que los iPhone 15 Pro cambien por completo el interruptor de silencio por un bot\u00f3n que, seg\u00fan los rumores, podr\u00eda darnos acceso a mucho m\u00e1s que simplemente silenciar nuestro tel\u00e9fono.<\/p>\n\n\n\n<h2 class=\"wp-block-heading\">\u00bfQu\u00e9 colores tendr\u00e1n los iPhone 15 y iPhone 15 Pro?<\/h2>\n\n\n\n<p>Adem\u00e1s de los colores que ya conocemos, es de esperar que los nuevos iPhone traigan colores exclusivos. En cuanto a los modelos iPhone 15, estos podr\u00edan estar disponibles en opciones de <strong>colores rosa oscuro y azul claro<\/strong>. Apple suele ofrecer los modelos est\u00e1ndar de iPhone en una gama de colores brillantes, y este a\u00f1o no ser\u00eda la excepci\u00f3n.<\/p>\n\n\n\n<figure class=\"wp-block-image size-large\"><img decoding=\"async\" src=\"https:\/\/articles-img.sftcdn.net\/sft\/articles\/auto-mapping-folder\/sites\/2\/2023\/04\/Imagen-3-11423-1532-1024x427.jpg\" alt=\"\" class=\"wp-image-282363\" \/><\/figure>\n\n\n\n<p>Estos llamativos tonos rosa y azul ser\u00edan una adici\u00f3n interesante a la l\u00ednea del iPhone, atrayendo a aquellos que desean un dispositivo m\u00e1s colorido y personal. Los colores rosa y azul vibrantes probablemente estar\u00e1n disponibles junto con las opciones de color est\u00e1ndar gris espacial, blanco estrella y PRODUCT(RED), brindando a los usuarios una amplia gama de opciones para elegir y adaptarse a sus estilos personales.<\/p>\n\n\n\n<p>Los modelos <strong>iPhone 15 Pro podr\u00edan estrenar un tono rojo oscuro<\/strong>, cercano al granate o al burdeos. Apple suele presentar un nuevo color cada a\u00f1o, y los rumores sugieren que el color de este a\u00f1o ser\u00e1 un rojo intenso. Este tono se sumar\u00eda a la paleta de colores dhabitual de color plata, oro y gris espacial.<\/p>\n\n\n\n<h2 class=\"wp-block-heading\">\u00bfQu\u00e9 novedades esperamos en las c\u00e1maras de los iPhone 15?<\/h2>\n\n\n\n<p>El iPhone 15 contar\u00e1 con la configuraci\u00f3n de doble c\u00e1mara que ya conocemos, mientras que el iPhone 15 Pro y Pro Max tendr\u00e1n una matriz de tres c\u00e1maras. En ambos modelos Pro se incluir\u00e1 la tecnolog\u00eda de lentes de telefoto, pero solo el iPhone 15 Pro Max contar\u00e1 con una <strong>lente de periscopio que permitir\u00e1 un zoom \u00f3ptico de 6x<\/strong> \u2014puede que incluso 10x\u2014, una mejora significativa sobre el zoom de 3x en los modelos iPhone 14 Pro.<\/p>\n\n\n\n<p>Es de esperar algunos otros cambios en las lentes y en los sensores. Todav\u00eda no tenemos detalles sobre ellos, pero los renders de los iPhone 15 Pro y Pro Max muestran que el m\u00f3dulo de c\u00e1maras sobresale m\u00e1s respecto el cuerpo del tel\u00e9fono que en la generaci\u00f3n actual.<\/p>\n\n\n\n<h2 class=\"wp-block-heading\">\u00bfQu\u00e9 esperamos en memoria RAM, almacenamiento y del nuevo chip A17?<\/h2>\n\n\n\n<p><strong>El chip A17 de 3 nan\u00f3metros ser\u00e1 exclusivo para los modelos iPhone 15 Pro<\/strong> y Pro Max. Mientras los iPhone 15 y 15 Plus utilizar\u00e1n el mismo chip A16 que se encuentra en los iPhone con apellido Pro de la generaci\u00f3n actual. Se espera algo m\u00e1s de memoria RAM junto con el chip A17, y tambi\u00e9n que todos los modelos de iPhone 15 utilicen la misma tecnolog\u00eda de m\u00f3dem Qualcomm 5G para la conectividad.<\/p>\n\n\n\n<figure class=\"wp-block-image size-large\"><img decoding=\"async\" src=\"https:\/\/articles-img.sftcdn.net\/sft\/articles\/auto-mapping-folder\/sites\/2\/2023\/04\/Imagen-2-11423-1532-1024x575.jpg\" alt=\"\" class=\"wp-image-282365\" \/><\/figure>\n\n\n\n<p>Volviendo al chip A17, la estrella del espect\u00e1culo, estamos ante un chip desarrollado por TSMC utilizando el avanzado proceso de fabricaci\u00f3n de 3 nm. Un chip que promete llevar la potencia y eficiencia energ\u00e9tica de los modelos iPhone 15 Pro y Pro Max a un nuevo nivel. Esta tecnolog\u00eda nos disfrutar de <strong>un rendimiento que aumenta entre un 10 y un 15 por ciento<\/strong>, mientras que tambi\u00e9n se reduce el consumo de energ\u00eda en hasta un 30 por ciento en comparaci\u00f3n con los chips anteriores.<\/p>\n\n\n\n<p>Debido al coste adicional asociado con la fabricaci\u00f3n de chips de 3 nm, Apple habr\u00eda decidido incluir el chip A17 exclusivamente en los modelos iPhone 15 Pro y Pro Max en 2023. Los modelos est\u00e1ndar de iPhone 15 seguir\u00e1n utilizando el chip A16, que ya ofrece un rendimiento y eficiencia energ\u00e9tica notables.<\/p>\n\n\n\n<p>En cuanto al almacenamiento, se espera que Apple mantenga las mismas opciones de capacidad que en los modelos anteriores, ofreciendo versiones de 128 GB, 256 GB y 512 GB para el iPhone 15, mientras que los modelos iPhone 15 Pro y Pro Max podr\u00edan contar con opciones de 128 GB, 256 GB, 512 GB y 1 TB.<\/p>\n\n\n\n<h2 class=\"wp-block-heading\">\u00bfTodos los modelos tendr\u00e1n conector USB-C?<\/h2>\n\n\n\n<p>La transici\u00f3n al <strong>puerto USB-C en todos los modelos de iPhone 15<\/strong> es una novedad importante en la l\u00ednea de dispositivos Apple. Esta decisi\u00f3n se debe en parte a las regulaciones en Europa, que exigen un puerto de carga universal para todos los dispositivos. En lugar de dise\u00f1ar un iPhone exclusivo para Europa, Apple habr\u00eda optado por implementar el puerto USB-C a nivel mundial en su l\u00ednea del iPhone 15. Adem\u00e1s de que seguramente <a href=\"https:\/\/www.softonic.com\/articulos\/iphone-15-usb-c-cable-carga-mfi\">necesitaremos un nuevo cargador<\/a>, esto permitir\u00e1 utilizar el mismo cargador y cable para iPhone, iPad y Mac, as\u00ed como para otros dispositivos que usen USB-C.<\/p>\n\n\n\n<p>Si bien todos los modelos de iPhone 15 contar\u00e1n con USB-C, los rumores apuntan a que los modelos de iPhone 15 Pro ofrecer\u00e1n velocidades de transferencia de datos m\u00e1s r\u00e1pidas, compatibles con USB 3.2 o Thunderbolt 3. Esto significa velocidades m\u00ednimas de 20 Gb\/s o hasta 40 Gb\/s si se admite Thunderbolt. Los modelos est\u00e1ndar de iPhone 15 estar\u00edan ofreciendo velocidades de transferencia USB 2.0 de hasta 480 Mb\/s.<\/p>\n\n\n\n<h2 class=\"wp-block-heading\">\u00bfQu\u00e9 modelos de iPhone 15 tendr\u00e1n Wi-Fi 6E? \u00bfTendr\u00e1n SIM?<\/h2>\n\n\n\n<p>Apple podr\u00eda extender la <strong>eliminaci\u00f3n del compartimento de la tarjeta SIM en los modelos iPhone 15 y iPhone 15 Pro a m\u00e1s pa\u00edses<\/strong>. Con el lanzamiento de los modelos iPhone 14, Apple ya elimin\u00f3 la bandeja de la tarjeta SIM en dispositivos vendidos en Estados Unidos. Los rumores actuales sugieren que <a href=\"https:\/\/www.softonic.com\/articulos\/iphone-15-esim\">tambi\u00e9n podr\u00eda ser eliminada en Francia<\/a>, y si ese fuera el caso, es probable que se retire en dispositivos vendidos en otros pa\u00edses europeos como Alemania, Italia, Espa\u00f1a, Portugal y el Reino Unido. La eliminaci\u00f3n de la bandeja de la tarjeta SIM podr\u00eda deberse a la creciente adopci\u00f3n de eSIM, una tecnolog\u00eda que nos permite utilizar cualquier operador de telefon\u00eda m\u00f3vil sin necesidad de una tarjeta SIM f\u00edsica.<\/p>\n\n\n\n<p>En relaci\u00f3n a la conectividad Wi-Fi, se ha filtrado informaci\u00f3n que confirmar\u00eda que Apple va a actualizar los modelos de <strong>iPhone 15 Pro y iPhone 15 Pro Max con Wi-Fi 6E<\/strong>, mientras que los modelos est\u00e1ndar de iPhone 15 continuar\u00e1n utilizando Wi-Fi 6. Comparado con Wi-Fi 6, el Wi-Fi 6E ofrece mayor ancho de banda, proporcionando velocidades de conexi\u00f3n m\u00e1s r\u00e1pidas, menor latencia y mayor capacidad.<\/p>\n\n\n\n<h2 class=\"wp-block-heading\">\u00bfQu\u00e9 pasa con el iPhone 15 Ultra?<\/h2>\n\n\n\n<p>La posibilidad de un iPhone 15 Ultra ha generado cierta expectaci\u00f3n entre los rumores. Si bien Mark Gurman sugiri\u00f3 en septiembre que Apple podr\u00eda lanzar un iPhone 15 &#8220;Ultra&#8221;, posteriormente rectific\u00f3 esta afirmaci\u00f3n en febrero. Seg\u00fan Gurman, Apple s\u00ed est\u00e1 trabajando en un modelo de iPhone de gama alta y mayor precio que podr\u00eda ser comercializado como &#8220;Ultra&#8221;, pero <strong>espera que este iPhone se lance en 2024 como parte de la l\u00ednea del iPhone 16<\/strong>.<\/p>\n\n\n\n<figure class=\"wp-block-image size-large\"><img loading=\"lazy\" decoding=\"async\" width=\"1024\" height=\"576\" src=\"https:\/\/articles-img.sftcdn.net\/sft\/articles\/auto-mapping-folder\/sites\/2\/2023\/04\/npbdwvb42hs35xt49hfmrt-1200-80-1024x576.jpg\" alt=\"\" class=\"wp-image-282367\" srcset=\"https:\/\/articles-img.sftcdn.net\/auto-mapping-folder\/sites\/2\/2023\/04\/npbdwvb42hs35xt49hfmrt-1200-80-1024x576.jpg 1024w, https:\/\/articles-img.sftcdn.net\/auto-mapping-folder\/sites\/2\/2023\/04\/npbdwvb42hs35xt49hfmrt-1200-80-300x169.jpg 300w, https:\/\/articles-img.sftcdn.net\/auto-mapping-folder\/sites\/2\/2023\/04\/npbdwvb42hs35xt49hfmrt-1200-80-768x433.jpg 768w, https:\/\/articles-img.sftcdn.net\/auto-mapping-folder\/sites\/2\/2023\/04\/npbdwvb42hs35xt49hfmrt-1200-80-800x450.jpg 800w, https:\/\/articles-img.sftcdn.net\/auto-mapping-folder\/sites\/2\/2023\/04\/npbdwvb42hs35xt49hfmrt-1200-80-664x374.jpg 664w, https:\/\/articles-img.sftcdn.net\/auto-mapping-folder\/sites\/2\/2023\/04\/npbdwvb42hs35xt49hfmrt-1200-80-238x134.jpg 238w, https:\/\/articles-img.sftcdn.net\/auto-mapping-folder\/sites\/2\/2023\/04\/npbdwvb42hs35xt49hfmrt-1200-80-436x246.jpg 436w, https:\/\/articles-img.sftcdn.net\/auto-mapping-folder\/sites\/2\/2023\/04\/npbdwvb42hs35xt49hfmrt-1200-80-370x208.jpg 370w, https:\/\/articles-img.sftcdn.net\/auto-mapping-folder\/sites\/2\/2023\/04\/npbdwvb42hs35xt49hfmrt-1200-80-304x170.jpg 304w, https:\/\/articles-img.sftcdn.net\/auto-mapping-folder\/sites\/2\/2023\/04\/npbdwvb42hs35xt49hfmrt-1200-80-18x10.jpg 18w, https:\/\/articles-img.sftcdn.net\/auto-mapping-folder\/sites\/2\/2023\/04\/npbdwvb42hs35xt49hfmrt-1200-80-150x84.jpg 150w, https:\/\/articles-img.sftcdn.net\/auto-mapping-folder\/sites\/2\/2023\/04\/npbdwvb42hs35xt49hfmrt-1200-80.jpg 1200w\" sizes=\"auto, (max-width: 1024px) 100vw, 1024px\" \/><\/figure>\n\n\n\n<p>Por esta raz\u00f3n, Apple seguramente mantendr\u00eda los nombres de iPhone 15, iPhone 15 Plus, iPhone 15 Pro y iPhone 15 Pro Max este a\u00f1o. Aunque la idea de un iPhone 15 Ultra no puede descartarse por completo, pues cabr\u00eda la remota posibilidad de que el iPhone 15 Pro Max viera su nombre sustituido a iPhone 15 Ultra.<\/p>\n\n\n\n<h2 class=\"wp-block-heading\">\u00bfCu\u00e1ndo se presentar\u00e1n los iPhone 15?<\/h2>\n\n\n\n<p>Siguiendo el calendario habitual, los iPhone 15 se presentar\u00e1n en el Apple Park alrededor de la <strong>segunda semana del pr\u00f3ximo mes de septiembre<\/strong>. Es de esperar que, una semana despu\u00e9s del lanzamiento se abran las reservas para todos los modelos y, dos semanas despu\u00e9s, estos lleguen a las tiendas y a los primeros clientes.<\/p>\n\n\n\n<h2 class=\"wp-block-heading\">\u00bfQu\u00e9 precio tendr\u00e1n los iPhone 15?<\/h2>\n\n\n\n<p>Algunos rumores sugieren que los modelos iPhone 15 Pro y Pro Max <strong>podr\u00edan ser m\u00e1s caros<\/strong> que los iPhone 14 Pro y Pro Max debido a las mejoras en sus componentes y caracter\u00edsticas, como el marco de titanio, los botones de estado s\u00f3lido y el chip A17.<\/p>\n\n\n\n<figure class=\"wp-block-image size-large\"><img decoding=\"async\" src=\"https:\/\/articles-img.sftcdn.net\/sft\/articles\/auto-mapping-folder\/sites\/2\/2023\/04\/Imagen-1-11423-1532-1024x451.jpg\" alt=\"\" class=\"wp-image-282366\" \/><\/figure>\n\n\n\n<p>Desconocemos a cu\u00e1nto podr\u00eda ascender la nueva cifra, aunque estar\u00edamos hablando, como mucho de unos 200 o 300 d\u00f3lares. En todo caso, tambi\u00e9n esperamos que los precios de los modelos de iPhone 15 se mantengan en l\u00ednea con los de la generaci\u00f3n anterior, con el el iPhone 15 con un precio inicial de 799 d\u00f3lares y el iPhone 15 Plus comenzando en 899 d\u00f3lares.<\/p>\n\n\n<div class=\"sc-card-program\">\r\n  <div class=\"sc-card-program__body\">\r\n    <div class=\"sc-card-program__row clearfix\">\r\n      <div class=\"sc-card-program__col-logo\">\r\n        <img decoding=\"async\" class=\"sc-card-program__img\" src=\"https:\/\/images.sftcdn.net\/images\/t_app-icon-s\/p\/b2ebcb51-1909-41c6-b6ac-2b0958b355a8\/3216486378\/apple-tv-plus-aatv.jpg\" alt=\"AppleTV+\" width=\"100px\" height=\"100px\">\r\n      <\/div>\r\n      <div class=\"sc-card-program__col-title\">\r\n        <span class=\"sc-card-program__title\">AppleTV+<\/span>\r\n        <a class=\"sc-card-program__button sc-card-program-internal\" href=\"https:\/\/apple-tv-plus.softonic.com\/mac\" target=\"_self\" rel=\"noopener noreferrer\">DESCARGAR<\/a>\r\n      <\/div>\r\n      <div class=\"sc-card-program__col-rating\">\r\n        <svg class=\"rating-score__content\" xmlns=\"http:\/\/www.w3.org\/2000\/svg\" version=\"1.1\" x=\"0\" y=\"0\" viewbox=\"0 0 50 50\" enable-background=\"new 0 0 50 50\" xml:space=\"preserve\"><path class=\"rating-score__background rating-score--good\" fill=\"none\" stroke-width=\"6\" stroke-miterlimit=\"10\" d=\"M40 40c8.3-8.3 8.3-21.7 0-30s-21.7-8.3-30 0 -8.3 21.7 0 30\"><\/path><path class=\"rating-score__value rating-score__value--0\" fill=\"none\" stroke-width=\"6\" stroke-dashoffset=\"0\" stroke-miterlimit=\"10\" d=\"M40 40c8.3-8.3 8.3-21.7 0-30s-21.7-8.3-30 0 -8.3 21.7 0 30\"><\/path><text class=\"rating-score__number\" content=\"\" text-anchor=\"middle\" transform=\"matrix(1 0 0 1 25 31.0837)\" data-auto=\"app-user-score\"><\/text><\/svg>\r\n      <\/div>\r\n    <\/div>\r\n    <div class=\"sc-card-program__row\">\r\n      <span class=\"sc-card-program__description\"><\/span>\r\n    <\/div>\r\n    <div class=\"sc-card-program__row\">\r\n      <img decoding=\"async\" class=\"sc-card-program__bigpic\" src=\"\" onerror=\"this.style.display='none'\">\r\n    <\/div>\r\n    <a class=\"sc-card-program__link track-link sc-card-program-internal\" href=\"https:\/\/apple-tv-plus.softonic.com\/mac\" target=\"_self\" rel=\"noopener noreferrer\"><\/a>\r\n  <\/div>\r\n<\/div>\n\n\n\n<p>Mientras <a href=\"https:\/\/www.softonic.com\/articulos\/aun-esperamos-el-iphone-15-y-los-rumores-del-iphone-17-ya-cambian-por-completo-la-historia-esto-es-todo-lo-que-sabemos\">los rumores del iPhone 17 eclipsan la espera del iPhone 15<\/a>, el lanzamiento de estos modelos promete traer numerosas mejoras y cambios interesantes en dise\u00f1o, c\u00e1maras, caracter\u00edsticas y opciones de color. Con avances en la tecnolog\u00eda de chips y conectividad, as\u00ed como en el dise\u00f1o de chasis y botones, estos nuevos dispositivos apuntan a mejorar y mucho la l\u00ednea que ya conocemos. A medida que se acerca la fecha de lanzamiento, m\u00e1s detalles y rumores seguir\u00e1n apareciendo, pero con todo lo que ya sabemos hasta ahora, est\u00e1 claro que los iPhone de este a\u00f1o est\u00e1n llamados a ser dispositivos muy interesantes. Sin duda, costar\u00e1 esperar a ver c\u00f3mo estos nuevos iPhones se materializan en un escenario en Cupertino dentro de unos meses.<\/p>\n\n\n\n<p><em>Algunos de los enlaces a\u00f1adidos en el art\u00edculo forman parte de campa\u00f1as de afiliaci\u00f3n y pueden representar beneficios para Softonic.<\/em><\/p>\n","protected":false},"excerpt":{"rendered":"<p>Los iPhone 15 se acercan y casi cada d\u00eda aparecen nuevos rumores. Esto es todo lo que sabemos de los nuevos tel\u00e9fonos de Apple de este oto\u00f1o.<\/p>\n","protected":false},"author":9262,"featured_media":282360,"comment_status":"closed","ping_status":"closed","sticky":false,"template":"","format":"standard","meta":{"footnotes":"","wpcf-pageviews":1},"categories":[9317],"tags":[10811,10558],"usertag":[],"vertical":[],"content-category":[],"class_list":["post-282354","post","type-post","status-publish","format-standard","has-post-thumbnail","hentry","category-news","tag-guia-2","tag-iphone-15"],"aioseo_notices":[],"_links":{"self":[{"href":"https:\/\/cms-articles.softonic.io\/es\/wp-json\/wp\/v2\/posts\/282354","targetHints":{"allow":["GET"]}}],"collection":[{"href":"https:\/\/cms-articles.softonic.io\/es\/wp-json\/wp\/v2\/posts"}],"about":[{"href":"https:\/\/cms-articles.softonic.io\/es\/wp-json\/wp\/v2\/types\/post"}],"author":[{"embeddable":true,"href":"https:\/\/cms-articles.softonic.io\/es\/wp-json\/wp\/v2\/users\/9262"}],"replies":[{"embeddable":true,"href":"https:\/\/cms-articles.softonic.io\/es\/wp-json\/wp\/v2\/comments?post=282354"}],"version-history":[{"count":1,"href":"https:\/\/cms-articles.softonic.io\/es\/wp-json\/wp\/v2\/posts\/282354\/revisions"}],"predecessor-version":[{"id":365104,"href":"https:\/\/cms-articles.softonic.io\/es\/wp-json\/wp\/v2\/posts\/282354\/revisions\/365104"}],"wp:featuredmedia":[{"embeddable":true,"href":"https:\/\/cms-articles.softonic.io\/es\/wp-json\/wp\/v2\/media\/282360"}],"wp:attachment":[{"href":"https:\/\/cms-articles.softonic.io\/es\/wp-json\/wp\/v2\/media?parent=282354"}],"wp:term":[{"taxonomy":"category","embeddable":true,"href":"https:\/\/cms-articles.softonic.io\/es\/wp-json\/wp\/v2\/categories?post=282354"},{"taxonomy":"post_tag","embeddable":true,"href":"https:\/\/cms-articles.softonic.io\/es\/wp-json\/wp\/v2\/tags?post=282354"},{"taxonomy":"usertag","embeddable":true,"href":"https:\/\/cms-articles.softonic.io\/es\/wp-json\/wp\/v2\/usertag?post=282354"},{"taxonomy":"vertical","embeddable":true,"href":"https:\/\/cms-articles.softonic.io\/es\/wp-json\/wp\/v2\/vertical?post=282354"},{"taxonomy":"content-category","embeddable":true,"href":"https:\/\/cms-articles.softonic.io\/es\/wp-json\/wp\/v2\/content-category?post=282354"}],"curies":[{"name":"wp","href":"https:\/\/api.w.org\/{rel}","templated":true}]}}