{"id":284496,"date":"2023-04-21T09:38:58","date_gmt":"2023-04-21T07:38:58","guid":{"rendered":"https:\/\/sftarticles.wpenginepowered.com\/es\/?p=284496"},"modified":"2025-06-12T20:24:58","modified_gmt":"2025-06-12T18:24:58","slug":"los-serrano-videoclip-fran-perea","status":"publish","type":"post","link":"https:\/\/cms-articles.softonic.io\/es\/los-serrano-videoclip-fran-perea\/","title":{"rendered":"Los Serrano al completo est\u00e1n de vuelta en el videoclip so\u00f1ado por los fans de la serie"},"content":{"rendered":"\n<p>Hace unos d\u00edas anunci\u00e1bamos que <strong><a href=\"https:\/\/www.softonic.com\/articulos\/los-serrano-serie-espana-2000\" title=\"Los Serrano\">Los Serrano<\/a>, la serie que marc\u00f3 varias generaciones de espa\u00f1oles a principios de los a\u00f1os 2000, <a href=\"https:\/\/www.softonic.com\/articulos\/vuelve-los-serrano-la-serie-de-tu-adolescencia-vuelve-20-anos-despues\" title=\"estaba de vuelta\">estaba de vuelta<\/a><\/strong>. La serie protagonizada por Antonio Resines y Bel\u00e9n Rueda fue una de las m\u00e1s importantes de la historia de Espa\u00f1a, y hasta ahora no hab\u00edamos visto un reencuentro entre sus protagonistas.<\/p>\n\n\n<div class=\"sc-card-program\">\r\n  <div class=\"sc-card-program__body\">\r\n    <div class=\"sc-card-program__row clearfix\">\r\n      <div class=\"sc-card-program__col-logo\">\r\n        <img decoding=\"async\" class=\"sc-card-program__img\" src=\"https:\/\/images.sftcdn.net\/images\/t_app-icon-m\/p\/c162012f-3d10-436b-a6b5-fde423154d8c\/1515453778\/amazon-prime-video-Amazon%20Prime%20Video_logo.png\" alt=\"Amazon Prime Video\" width=\"100px\" height=\"100px\">\r\n      <\/div>\r\n      <div class=\"sc-card-program__col-title\">\r\n        <span class=\"sc-card-program__title\">Amazon Prime Video<\/span>\r\n        <a class=\"sc-card-program__button sc-card-program-internal\" href=\"https:\/\/amazon-prime-video.softonic.com\/\" target=\"_self\" rel=\"noopener noreferrer\">Descargar<\/a>\r\n      <\/div>\r\n      <div class=\"sc-card-program__col-rating\">\r\n        <svg class=\"rating-score__content\" xmlns=\"http:\/\/www.w3.org\/2000\/svg\" version=\"1.1\" x=\"0\" y=\"0\" viewbox=\"0 0 50 50\" enable-background=\"new 0 0 50 50\" xml:space=\"preserve\"><path class=\"rating-score__background rating-score--good\" fill=\"none\" stroke-width=\"6\" stroke-miterlimit=\"10\" d=\"M40 40c8.3-8.3 8.3-21.7 0-30s-21.7-8.3-30 0 -8.3 21.7 0 30\"><\/path><path class=\"rating-score__value rating-score__value--0\" fill=\"none\" stroke-width=\"6\" stroke-dashoffset=\"0\" stroke-miterlimit=\"10\" d=\"M40 40c8.3-8.3 8.3-21.7 0-30s-21.7-8.3-30 0 -8.3 21.7 0 30\"><\/path><text class=\"rating-score__number\" content=\"\" text-anchor=\"middle\" transform=\"matrix(1 0 0 1 25 31.0837)\" data-auto=\"app-user-score\"><\/text><\/svg>\r\n      <\/div>\r\n    <\/div>\r\n    <div class=\"sc-card-program__row\">\r\n      <span class=\"sc-card-program__description\"><\/span>\r\n    <\/div>\r\n    <div class=\"sc-card-program__row\">\r\n      <img decoding=\"async\" class=\"sc-card-program__bigpic\" src=\"\" onerror=\"this.style.display='none'\">\r\n    <\/div>\r\n    <a class=\"sc-card-program__link track-link sc-card-program-internal\" href=\"https:\/\/amazon-prime-video.softonic.com\/\" target=\"_self\" rel=\"noopener noreferrer\"><\/a>\r\n  <\/div>\r\n<\/div>\n\n\n\n<p>Ha sido a trav\u00e9s del <strong>videoclip de la nueva versi\u00f3n de <a href=\"https:\/\/www.softonic.com\/articulos\/vuelve-fran-perea-y-la-cancion-mas-mitica-de-los-serrano-version-2-0\" title=\"Uno m\u00e1s uno son siete\">Uno m\u00e1s uno son siete<\/a><\/strong>, interpretado por Fran Perea \u2014cantante original\u2014 y Despistaos donde hemos podido ver su vuelta. En el v\u00eddeo, ya disponible en YouTube, vemos c\u00f3mo la familia original al completo vuelve, y cada uno lo hace con su propia procedencia. Vemos, por ejemplo, c\u00f3mo V\u00edctor El\u00edas (Guille) se ha convertido en pianista y Natalia S\u00e1nchez (Tet\u00e9) en actriz de teatro.<\/p>\n\n\n\n<figure class=\"wp-block-embed is-type-video is-provider-youtube wp-block-embed-youtube wp-embed-aspect-16-9 wp-has-aspect-ratio\"><div class=\"wp-block-embed__wrapper\">\n<iframe loading=\"lazy\" title=\"Fran Perea, Despistaos - Uno m\u00e1s uno son 7 (Videoclip oficial)\" width=\"840\" height=\"473\" src=\"https:\/\/www.youtube.com\/embed\/WoE6sG2JBrg?feature=oembed\" frameborder=\"0\" allow=\"accelerometer; autoplay; clipboard-write; encrypted-media; gyroscope; picture-in-picture; web-share\" allowfullscreen><\/iframe>\n<\/div><\/figure>\n\n\n\n<h2 class=\"wp-block-heading\">Un videoclip que no viene solo<\/h2>\n\n\n\n<p>El videoclip cuenta ya con casi 100.000 visitas y sus comentarios no podr\u00edan ser m\u00e1s nost\u00e1lgicos. &#8220;<strong>Me acabo de transportar a esa magn\u00edfica canci\u00f3n y a esa serie inolvidable,que recuerdos tan maravillosos. Gracias a todos<\/strong>&#8221; comenta una fan de la serie. &#8220;Llorando de la emoci\u00f3n\u2026 qu\u00e9 bonito ha sido! no me cansar\u00e9 de verlo y recordar aquella bonita \u00e9poca&#8221;, completa otra.<\/p>\n\n\n\n<p>Sin duda, para quienes cada semana trasnoch\u00e1bamos para ver la historia de esta familia de un barrio ficticio de Madrid, ver este videoclip ha sido un jarro de agua fr\u00eda. Pensar que <strong>ya han pasado dos d\u00e9cadas<\/strong> se hace duro, aunque ver de nuevo las caras conocidas que tanto tiempo atr\u00e1s nos acompa\u00f1aron es precioso.<\/p>\n\n\n\n<figure class=\"wp-block-image\"><img decoding=\"async\" src=\"https:\/\/www.cadenadial.com\/wp-content\/uploads\/2023\/04\/Despistaos-y-Fran-Perea.jpg\" alt=\"Uno m\u00e1s uno son 7: El ic\u00f3nico tema Fran Perea incluir\u00e1 la voz de Despistaos  en su nueva versi\u00f3n - Cadena Dial\" \/><\/figure>\n\n\n\n<p>Adem\u00e1s, <strong>despu\u00e9s del videoclip llegar\u00e1 un especial en Telecinco y Factor\u00eda de Ficci\u00f3n<\/strong> en el que se celebran los 20 a\u00f1os de Los Serrano con un reencuentro. Llegar\u00e1 el 22 de abril, as\u00ed que estamos atentos por ver qu\u00e9 m\u00e1s nos queda por ver de esta genuina serie que fue un gran \u00e9xito internacional. Adem\u00e1s, la serie est\u00e1 disponible en <a href=\"https:\/\/www.softonic.com\/articulos\/cuando-se-estrena-operacion-triunfo-amazon-prime\" title=\"Amazon Prime Video\">Amazon Prime Video<\/a>.<\/p>\n\n\n<div class=\"sc-card-program\">\r\n  <div class=\"sc-card-program__body\">\r\n    <div class=\"sc-card-program__row clearfix\">\r\n      <div class=\"sc-card-program__col-logo\">\r\n        <img decoding=\"async\" class=\"sc-card-program__img\" src=\"https:\/\/images.sftcdn.net\/images\/t_app-icon-m\/p\/c162012f-3d10-436b-a6b5-fde423154d8c\/1515453778\/amazon-prime-video-Amazon%20Prime%20Video_logo.png\" alt=\"Amazon Prime Video\" width=\"100px\" height=\"100px\">\r\n      <\/div>\r\n      <div class=\"sc-card-program__col-title\">\r\n        <span class=\"sc-card-program__title\">Amazon Prime Video<\/span>\r\n        <a class=\"sc-card-program__button sc-card-program-internal\" href=\"https:\/\/amazon-prime-video.softonic.com\/\" target=\"_self\" rel=\"noopener noreferrer\">Descargar<\/a>\r\n      <\/div>\r\n      <div class=\"sc-card-program__col-rating\">\r\n        <svg class=\"rating-score__content\" xmlns=\"http:\/\/www.w3.org\/2000\/svg\" version=\"1.1\" x=\"0\" y=\"0\" viewbox=\"0 0 50 50\" enable-background=\"new 0 0 50 50\" xml:space=\"preserve\"><path class=\"rating-score__background rating-score--good\" fill=\"none\" stroke-width=\"6\" stroke-miterlimit=\"10\" d=\"M40 40c8.3-8.3 8.3-21.7 0-30s-21.7-8.3-30 0 -8.3 21.7 0 30\"><\/path><path class=\"rating-score__value rating-score__value--0\" fill=\"none\" stroke-width=\"6\" stroke-dashoffset=\"0\" stroke-miterlimit=\"10\" d=\"M40 40c8.3-8.3 8.3-21.7 0-30s-21.7-8.3-30 0 -8.3 21.7 0 30\"><\/path><text class=\"rating-score__number\" content=\"\" text-anchor=\"middle\" transform=\"matrix(1 0 0 1 25 31.0837)\" data-auto=\"app-user-score\"><\/text><\/svg>\r\n      <\/div>\r\n    <\/div>\r\n    <div class=\"sc-card-program__row\">\r\n      <span class=\"sc-card-program__description\"><\/span>\r\n    <\/div>\r\n    <div class=\"sc-card-program__row\">\r\n      <img decoding=\"async\" class=\"sc-card-program__bigpic\" src=\"\" onerror=\"this.style.display='none'\">\r\n    <\/div>\r\n    <a class=\"sc-card-program__link track-link sc-card-program-internal\" href=\"https:\/\/amazon-prime-video.softonic.com\/\" target=\"_self\" rel=\"noopener noreferrer\"><\/a>\r\n  <\/div>\r\n<\/div>\n\n\n\n<p><em>Algunos de los enlaces a\u00f1adidos en el art\u00edculo forman parte de campa\u00f1as de afiliaci\u00f3n y pueden representar beneficios para Softonic.<\/em><\/p>\n","protected":false},"excerpt":{"rendered":"<p>Los Serrano est\u00e1n de vuelta con el videoclip de Fran Perea Uno m\u00e1s uno son siete, junto a Despistaos. La familia al completo vuelve.<\/p>\n","protected":false},"author":9257,"featured_media":284498,"comment_status":"closed","ping_status":"closed","sticky":false,"template":"","format":"standard","meta":{"footnotes":"","wpcf-pageviews":0},"categories":[9317],"tags":[],"usertag":[],"vertical":[],"content-category":[],"class_list":["post-284496","post","type-post","status-publish","format-standard","has-post-thumbnail","hentry","category-news"],"aioseo_notices":[],"_links":{"self":[{"href":"https:\/\/cms-articles.softonic.io\/es\/wp-json\/wp\/v2\/posts\/284496","targetHints":{"allow":["GET"]}}],"collection":[{"href":"https:\/\/cms-articles.softonic.io\/es\/wp-json\/wp\/v2\/posts"}],"about":[{"href":"https:\/\/cms-articles.softonic.io\/es\/wp-json\/wp\/v2\/types\/post"}],"author":[{"embeddable":true,"href":"https:\/\/cms-articles.softonic.io\/es\/wp-json\/wp\/v2\/users\/9257"}],"replies":[{"embeddable":true,"href":"https:\/\/cms-articles.softonic.io\/es\/wp-json\/wp\/v2\/comments?post=284496"}],"version-history":[{"count":1,"href":"https:\/\/cms-articles.softonic.io\/es\/wp-json\/wp\/v2\/posts\/284496\/revisions"}],"predecessor-version":[{"id":364858,"href":"https:\/\/cms-articles.softonic.io\/es\/wp-json\/wp\/v2\/posts\/284496\/revisions\/364858"}],"wp:featuredmedia":[{"embeddable":true,"href":"https:\/\/cms-articles.softonic.io\/es\/wp-json\/wp\/v2\/media\/284498"}],"wp:attachment":[{"href":"https:\/\/cms-articles.softonic.io\/es\/wp-json\/wp\/v2\/media?parent=284496"}],"wp:term":[{"taxonomy":"category","embeddable":true,"href":"https:\/\/cms-articles.softonic.io\/es\/wp-json\/wp\/v2\/categories?post=284496"},{"taxonomy":"post_tag","embeddable":true,"href":"https:\/\/cms-articles.softonic.io\/es\/wp-json\/wp\/v2\/tags?post=284496"},{"taxonomy":"usertag","embeddable":true,"href":"https:\/\/cms-articles.softonic.io\/es\/wp-json\/wp\/v2\/usertag?post=284496"},{"taxonomy":"vertical","embeddable":true,"href":"https:\/\/cms-articles.softonic.io\/es\/wp-json\/wp\/v2\/vertical?post=284496"},{"taxonomy":"content-category","embeddable":true,"href":"https:\/\/cms-articles.softonic.io\/es\/wp-json\/wp\/v2\/content-category?post=284496"}],"curies":[{"name":"wp","href":"https:\/\/api.w.org\/{rel}","templated":true}]}}