{"id":284674,"date":"2023-04-22T10:00:00","date_gmt":"2023-04-22T08:00:00","guid":{"rendered":"https:\/\/sftarticles.wpenginepowered.com\/es\/?p=284674"},"modified":"2025-06-12T20:24:09","modified_gmt":"2025-06-12T18:24:09","slug":"que-ha-pasado-con-joss-whedon","status":"publish","type":"post","link":"https:\/\/cms-articles.softonic.io\/es\/que-ha-pasado-con-joss-whedon\/","title":{"rendered":"\u00bfQu\u00e9 ha pasado con Joss Whedon? De dirigir Vengadores a desaparecer del mapa"},"content":{"rendered":"\n<p><strong>En 2012, <a href=\"https:\/\/spider-man.softonic.com\/articulos\/spider-man-lejos-de-casa-escena-post-creditos-impacto\" title=\"Joss Whedon\">Joss Whedon<\/a> era envidiado por los cineastas de todo el mundo<\/strong>. No por nada acababa de dirigir <a href=\"https:\/\/marvels-avengers.softonic.com\/\" title=\"Vengadores\">Vengadores<\/a>, la pel\u00edcula que revent\u00f3 la taquilla superando todos los r\u00e9cords en ese momento y que dio paso al Universo Cinematogr\u00e1fico de Marvel. <\/p>\n\n\n\n<p>Despu\u00e9s de demostrar su val\u00eda como showrunner de <a href=\"https:\/\/buffy-screensaver.softonic.com\/\" title=\"Buffy, cazavampiros\">Buffy, cazavampiros<\/a>, y tras haber participado en <strong>The Office, Glee y Firefly<\/strong>, el director tuvo la oportunidad de enfrentarse a una pel\u00edcula de gran escala, y super\u00f3 con creces las expectativas del p\u00fablico. Tanto es as\u00ed que pronto dirigi\u00f3 <a href=\"https:\/\/www.softonic.com\/articulos\/los-vengadores-2-era-de-ultron-juegos-estreno\">Vengadores: La era de Ultr\u00f3n<\/a> (2015) y se puso al bordo de Agents of SHIELD.<\/p>\n\n\n\n<p>Sin embargo, de un tiempo a esta parte Whedon ha desaparecido del mapa, o al menos es lo que parece. Ya no es que no participe en m\u00e1s pel\u00edculas de <a href=\"https:\/\/www.softonic.com\/articulos\/marvel-studios-jefe-planificacion-futuro-universo-cinematografico\" title=\"Marvel Studios\">Marvel Studios<\/a>, sino que su carrera ha sufrido un par\u00f3n importante<strong>. \u00bfA qu\u00e9 se debe esta invisibilizaci\u00f3n de uno de los directores m\u00e1s importantes de las \u00faltimas d\u00e9cadas?<\/strong><\/p>\n\n\n\n<p>Todo tiene una explicaci\u00f3n.<\/p>\n\n\n\n<figure class=\"wp-block-image\"><img decoding=\"async\" src=\"https:\/\/static1.srcdn.com\/wordpress\/wp-content\/uploads\/2021\/02\/Joss-Whedon-Buffy-the-Vampire-Slayer-Cast.jpg\" alt=\"Buffy Controversy Explained: All The Allegations Against Joss Whedon\" \/><\/figure>\n\n\n\n<h2 class=\"wp-block-heading\">Casos de abuso y relaciones t\u00f3xicas<\/h2>\n\n\n\n<p>&#8220;Joss Whedon y nosotros <strong>hemos tomado caminos separados<\/strong>. Seguimos entusiasmados con el futuro de\u00a0The Nevers\u00a0y estamos impacientes ante su estreno&#8221;. Estas palabras son de <a href=\"https:\/\/www.softonic.com\/articulos\/hbo-max-convierte-max-todo-lo-que-debes-saber-nueva-plataforma-streaming\" title=\"HBO\">HBO<\/a> y datan de 2021. En aquel momento, Whedon acababa de dirigir su \u00faltimo gran proyecto, la serie The Nevers.<\/p>\n\n\n\n<p>Pero, por culpa de la mala prensa que se hab\u00eda ganado poco antes, decidieron retirarlo del proyecto y hacer como si no hubiera tenido nada que ver con la serie. Ya teniendo esto en cuenta os pod\u00e9is imaginar la dimensi\u00f3n del asunto, pero en los \u00faltimos meses <strong>han seguido saliendo a la luz m\u00e1s y m\u00e1s declaraciones en contra del director.<\/strong><\/p>\n\n\n\n<figure class=\"wp-block-image\"><img decoding=\"async\" src=\"https:\/\/ichef.bbci.co.uk\/news\/976\/cpsprodpb\/E894\/production\/_116904595_gettyimages-112387895_cut.jpg\" alt=\"Joss Whedon: Buffy stars accuse TV show's 'cruel' creator - BBC News\" \/><\/figure>\n\n\n\n<p>La primera gran controversia en torno a Whedon surgi\u00f3 en 2017, cuando <strong>su exesposa Kai Cole public\u00f3 una carta en la que acusaba al director de haberle sido infiel en varias ocasiones a lo largo de su matrimonio de 16 a\u00f1os<\/strong>. Cole tambi\u00e9n aleg\u00f3 que Whedon hab\u00eda sido un hip\u00f3crita, promoviendo p\u00fablicamente valores feministas mientras en privado hab\u00eda sido un marido infiel y mentiroso.<\/p>\n\n\n\n<p>A pesar de que estas declaraciones quedaron como algo puntual, se sumaron a otras que ven\u00edan de mucho antes, concretamente de 2004. Mientras Whedon dirig\u00eda la serie Angel en esta \u00e9poca, Charisma Carpenter, quien hab\u00eda interpretado a Cordelia Chase en la serie, afirm\u00f3 que <strong>Whedon la hab\u00eda maltratado en el set<\/strong> y la hab\u00eda despedido de la serie despu\u00e9s de que quedara embarazada. Carpenter tambi\u00e9n afirm\u00f3 que Whedon hab\u00eda sido un jefe t\u00f3xico y que hab\u00eda creado un ambiente de trabajo hostil en el set de la serie.<\/p>\n\n\n\n<figure class=\"wp-block-image\"><img decoding=\"async\" src=\"https:\/\/imagesvc.meredithcorp.io\/v3\/mm\/image?url=https%3A%2F%2Fstatic.onecms.io%2Fwp-content%2Fuploads%2Fsites%2F6%2F2014%2F03%2Fjoss-whedon-avengers.jpg&amp;q=60\" alt=\"Captain America 2': Joss Whedon directed a post-credits scene | EW.com\" \/><\/figure>\n\n\n\n<h2 class=\"wp-block-heading\">El peor rodaje de la historia<\/h2>\n\n\n\n<p>En aquel momento, nadie escuch\u00f3 las declaraciones de Carpenter, pero volvieron a salir a la luz por un rodaje en concreto: <strong>el de <a href=\"https:\/\/www.softonic.com\/articulos\/suicide-squad-kill-the-justice-league-nuevo-borderlands\" title=\"La Liga de la Justicia\">La Liga de la Justicia<\/a>.<\/strong> En 2017, la hija de <a href=\"https:\/\/www.softonic.com\/articulos\/darkseid-voz-snyder-liga-de-la-justicia-release\" title=\"Zack Snyder\">Zack Snyder<\/a> se suicidi\u00f3, as\u00ed que el director, que estaba en vuelto en ese momento en el rodaje de Liga de la Justicia, abandon\u00f3 el rodaje.<\/p>\n\n\n\n<p>Fue tal palo para Snyder que tard\u00f3 en recuperarse, y para poder continuar adelante con el proyecto desde Warner le buscaron a un sustituto: Joss Whedon. <strong>La elecci\u00f3n parec\u00eda perfecta, pero pronto qued\u00f3 claro que no lo era en absoluto.<\/strong> No es solo que acabara convirtiendo la cinta en algo esperp\u00e9ntico, sino que adem\u00e1s provoc\u00f3 que el ambiente en el set fuera un desastre.<\/p>\n\n\n\n<p><strong>El primero en sacar a la luz lo ocurrido en La Liga de la Justicia fue Ray Fisher<\/strong>, que interpreta a Cyborg. Fisher acus\u00f3 a Whedon de comportamiento abusivo y poco profesional en el set de rodaje. Afirm\u00f3, sin pelos en la lengua, que Whedon hab\u00eda sido &#8220;abusivo, poco profesional y completamente inaceptable&#8221; durante el rodaje de la pel\u00edcula, y tambi\u00e9n acus\u00f3 al productor Geoff Johns y al presidente de DC Films, Walter Hamada, de encubrir su comportamientos. <\/p>\n\n\n\n<p>Adem\u00e1s, Fisher tambi\u00e9n aleg\u00f3 que el comportamiento de Whedon hab\u00eda sido <strong>el motivo de su despido de la pel\u00edcula <a href=\"https:\/\/www.softonic.com\/articulos\/the-flash-ezra-miller-se-declara-culpable-allanamiento-de-morada-evitar-carcel\" title=\"The Flash\">The Flash<\/a><\/strong>, que todav\u00eda est\u00e1 por estrenar.<\/p>\n\n\n\n<figure class=\"wp-block-image\"><img decoding=\"async\" src=\"https:\/\/www.egames.news\/__export\/1642437976358\/sites\/debate\/img\/2022\/01\/17\/joss-whedon-justice-league-1.jpg_242310155.jpg\" alt=\"Joss Whedon culpa a Zack Snyder por su Justice League\" \/><\/figure>\n\n\n\n<p>Las acusaciones de Fisher llevaron a <strong>una investigaci\u00f3n por parte de Warner Bros<\/strong>., que concluy\u00f3 su relaci\u00f3n con el director en diciembre de 2020, sin hacer comentarios sobre la veracidad de las acusaciones. Sin embargo, Fisher mantuvo sus acusaciones y continu\u00f3 hablando p\u00fablicamente sobre su experiencia negativa trabajando con Whedon. Y no ha sido el \u00fanico.<\/p>\n\n\n\n<p>Despu\u00e9s de Fisher, gran parte del elenco principal del filme se ha sumado a sus declaraciones. Entre otras cosas, se ha descubierto que <strong>Whedon lleg\u00f3 a amenazar a Gal Gadot con destruir su carrera<\/strong> si se negaba a declamar los di\u00e1logos de una escena tal cual estaban escritos, ya que los hab\u00eda cambiado un poco. <\/p>\n\n\n\n<p>Sobre esto, Whedon ha declarado que se le malinterpret\u00f3 cuando dijo que &#8220;la atar\u00eda a una v\u00eda&#8221;, y dijo lo siguiente: &#8220;<strong>Yo no amenazo a la gente.<\/strong> \u00bfQui\u00e9n hace eso? El ingl\u00e9s no es su lengua materna, y \u200b\u200btiendo a ser bastante florido en mi habla&#8221;. Pero tampoco ha sido la \u00fanica en salir a la palestra.<\/p>\n\n\n\n<figure class=\"wp-block-image\"><img decoding=\"async\" src=\"https:\/\/s.yimg.com\/ny\/api\/res\/1.2\/VapsYYGVd38JL4DbpyHmoA--\/YXBwaWQ9aGlnaGxhbmRlcjt3PTY0MDtoPTMyMA--\/https:\/\/media.zenfs.com\/es\/tomatazos_56\/dfbc3194a1a4abd462bedfc9af955443\" alt=\"Ben Affleck culpa a Joss Whedon de abandonar The Batman y el cine de  superh\u00e9roes\" \/><\/figure>\n\n\n\n<p><a href=\"https:\/\/www.softonic.com\/articulos\/ben-affleck-batman-the-flash\" title=\"Ben Affleck, en una entrevista reciente\">Ben Affleck, en una entrevista reciente<\/a>, ha hablado largo y tendido sobre ello:<\/p>\n\n\n\n<p>\u201cDesde la producci\u00f3n hasta las malas decisiones y la horrible tragedia personal, terminando con el\u00a0sabor m\u00e1s monstruoso en mi boca&#8230; Iba a dirigir una de Batman, pero Liga de la Justicia me hizo decir: \u2018Estoy fuera\u2019. <strong>No quiero volver a hacer nada de esto nunca m\u00e1s. No soy el adecuado<\/strong>. Fue la\u00a0peor experiencia que he visto\u00a0en un negocio que est\u00e1 lleno de experiencias de mierda.\u00a0Me rompi\u00f3 el coraz\u00f3n. Hubo una idea de que alguien [Joss Whedon] entrar\u00eda, como: \u2018Te rescatar\u00e9 y haremos 60 d\u00edas de rodaje y escribir\u00e9 todo sobre lo que tienes. Tengo el secreto\u2019. Y no era el secreto.\u00a0Fue dif\u00edcil\u201d.<\/p>\n\n\n\n<p>Sin duda, todo esto ha acabado llevando a Joss Whedon a un lugar complejo. \u00c9l sigue en sus trece y ha declarado que los actores de Liga de la Justicia son el peor elenco con el que se ha encontrado nunca, pero <strong>cuando el r\u00edo suena agua lleva&#8230; <\/strong>y todo parece indicar a que las declaraciones de abuso son bien reales.<\/p>\n\n\n<div class=\"sc-card-program\">\r\n  <div class=\"sc-card-program__body\">\r\n    <div class=\"sc-card-program__row clearfix\">\r\n      <div class=\"sc-card-program__col-logo\">\r\n        <img decoding=\"async\" class=\"sc-card-program__img\" src=\"https:\/\/images.sftcdn.net\/images\/t_app-icon-s\/p\/a2f73840-9b6e-11e6-a5b8-00163ec9f5fa\/1641088715\/hbo-max-logo\" alt=\"HBO Max\" width=\"100px\" height=\"100px\">\r\n      <\/div>\r\n      <div class=\"sc-card-program__col-title\">\r\n        <span class=\"sc-card-program__title\">HBO Max<\/span>\r\n        <a class=\"sc-card-program__button sc-card-program-internal\" href=\"https:\/\/hbo-max.softonic.com\/android\" target=\"_self\" rel=\"noopener noreferrer\">Descargar<\/a>\r\n      <\/div>\r\n      <div class=\"sc-card-program__col-rating\">\r\n        <svg class=\"rating-score__content\" xmlns=\"http:\/\/www.w3.org\/2000\/svg\" version=\"1.1\" x=\"0\" y=\"0\" viewbox=\"0 0 50 50\" enable-background=\"new 0 0 50 50\" xml:space=\"preserve\"><path class=\"rating-score__background rating-score--good\" fill=\"none\" stroke-width=\"6\" stroke-miterlimit=\"10\" d=\"M40 40c8.3-8.3 8.3-21.7 0-30s-21.7-8.3-30 0 -8.3 21.7 0 30\"><\/path><path class=\"rating-score__value rating-score__value--0\" fill=\"none\" stroke-width=\"6\" stroke-dashoffset=\"0\" stroke-miterlimit=\"10\" d=\"M40 40c8.3-8.3 8.3-21.7 0-30s-21.7-8.3-30 0 -8.3 21.7 0 30\"><\/path><text class=\"rating-score__number\" content=\"\" text-anchor=\"middle\" transform=\"matrix(1 0 0 1 25 31.0837)\" data-auto=\"app-user-score\"><\/text><\/svg>\r\n      <\/div>\r\n    <\/div>\r\n    <div class=\"sc-card-program__row\">\r\n      <span class=\"sc-card-program__description\"><\/span>\r\n    <\/div>\r\n    <div class=\"sc-card-program__row\">\r\n      <img decoding=\"async\" class=\"sc-card-program__bigpic\" src=\"\" onerror=\"this.style.display='none'\">\r\n    <\/div>\r\n    <a class=\"sc-card-program__link track-link sc-card-program-internal\" href=\"https:\/\/hbo-max.softonic.com\/android\" target=\"_self\" rel=\"noopener noreferrer\"><\/a>\r\n  <\/div>\r\n<\/div>\n\n\n\n<p><em>Algunos de los enlaces a\u00f1adidos en el art\u00edculo forman parte de campa\u00f1as de afiliaci\u00f3n y pueden representar beneficios para Softonic.<\/em><\/p>\n","protected":false},"excerpt":{"rendered":"<p>Auge y ca\u00edda del director Joss Whedon. \u00bfQu\u00e9 ha ocurrido con el realizador que se encarg\u00f3 de Vengadores y Buffy cazavampiros?<\/p>\n","protected":false},"author":9257,"featured_media":284684,"comment_status":"closed","ping_status":"closed","sticky":false,"template":"","format":"standard","meta":{"footnotes":"","wpcf-pageviews":1},"categories":[9317],"tags":[],"usertag":[],"vertical":[],"content-category":[],"class_list":["post-284674","post","type-post","status-publish","format-standard","has-post-thumbnail","hentry","category-news"],"aioseo_notices":[],"_links":{"self":[{"href":"https:\/\/cms-articles.softonic.io\/es\/wp-json\/wp\/v2\/posts\/284674","targetHints":{"allow":["GET"]}}],"collection":[{"href":"https:\/\/cms-articles.softonic.io\/es\/wp-json\/wp\/v2\/posts"}],"about":[{"href":"https:\/\/cms-articles.softonic.io\/es\/wp-json\/wp\/v2\/types\/post"}],"author":[{"embeddable":true,"href":"https:\/\/cms-articles.softonic.io\/es\/wp-json\/wp\/v2\/users\/9257"}],"replies":[{"embeddable":true,"href":"https:\/\/cms-articles.softonic.io\/es\/wp-json\/wp\/v2\/comments?post=284674"}],"version-history":[{"count":1,"href":"https:\/\/cms-articles.softonic.io\/es\/wp-json\/wp\/v2\/posts\/284674\/revisions"}],"predecessor-version":[{"id":364828,"href":"https:\/\/cms-articles.softonic.io\/es\/wp-json\/wp\/v2\/posts\/284674\/revisions\/364828"}],"wp:featuredmedia":[{"embeddable":true,"href":"https:\/\/cms-articles.softonic.io\/es\/wp-json\/wp\/v2\/media\/284684"}],"wp:attachment":[{"href":"https:\/\/cms-articles.softonic.io\/es\/wp-json\/wp\/v2\/media?parent=284674"}],"wp:term":[{"taxonomy":"category","embeddable":true,"href":"https:\/\/cms-articles.softonic.io\/es\/wp-json\/wp\/v2\/categories?post=284674"},{"taxonomy":"post_tag","embeddable":true,"href":"https:\/\/cms-articles.softonic.io\/es\/wp-json\/wp\/v2\/tags?post=284674"},{"taxonomy":"usertag","embeddable":true,"href":"https:\/\/cms-articles.softonic.io\/es\/wp-json\/wp\/v2\/usertag?post=284674"},{"taxonomy":"vertical","embeddable":true,"href":"https:\/\/cms-articles.softonic.io\/es\/wp-json\/wp\/v2\/vertical?post=284674"},{"taxonomy":"content-category","embeddable":true,"href":"https:\/\/cms-articles.softonic.io\/es\/wp-json\/wp\/v2\/content-category?post=284674"}],"curies":[{"name":"wp","href":"https:\/\/api.w.org\/{rel}","templated":true}]}}