{"id":284923,"date":"2023-04-24T08:35:49","date_gmt":"2023-04-24T06:35:49","guid":{"rendered":"https:\/\/sftarticles.wpenginepowered.com\/es\/?p=284923"},"modified":"2025-06-12T20:23:34","modified_gmt":"2025-06-12T18:23:34","slug":"ipados-17-soporte-compatibilidad","status":"publish","type":"post","link":"https:\/\/cms-articles.softonic.io\/es\/ipados-17-soporte-compatibilidad\/","title":{"rendered":"iPadOS 17 se acerca, \u00bfser\u00e1 mi iPad compatible?"},"content":{"rendered":"\n<p>Como siempre que se acerca una pr\u00f3xima gran versi\u00f3n de los sistemas operativos, hay rumores que apuntan a que Apple podr\u00eda <strong>dejar de ofrecer soporte a ciertos modelos de iPad<\/strong> con la llegada de iPadOS 17. Seg\u00fan informes de <a href=\"https:\/\/iphonesoft.fr\/2023\/04\/22\/liste-ipad-compatibles-ipados-17\">fuentes de iPhoneSoft<\/a>, tres modelos de iPad podr\u00edan quedar fuera en t\u00e9rminos de compatibilidad con el nuevo software.<\/p>\n\n\n<div class=\"sc-card-program\">\r\n  <div class=\"sc-card-program__body\">\r\n    <div class=\"sc-card-program__row clearfix\">\r\n      <div class=\"sc-card-program__col-logo\">\r\n        <img decoding=\"async\" class=\"sc-card-program__img\" src=\"https:\/\/images.sftcdn.net\/images\/t_app-icon-m\/p\/933e1ce5-2062-40e7-8619-6978c3fdce16\/1997379573\/freeform-logo\" alt=\"Freeform\" width=\"100px\" height=\"100px\">\r\n      <\/div>\r\n      <div class=\"sc-card-program__col-title\">\r\n        <span class=\"sc-card-program__title\">Freeform<\/span>\r\n        <a class=\"sc-card-program__button sc-card-program-internal\" href=\"https:\/\/freeform.softonic.com\/iphone?ex=CS-987.2\" target=\"_self\" rel=\"noopener noreferrer\">Descargar<\/a>\r\n      <\/div>\r\n      <div class=\"sc-card-program__col-rating\">\r\n        <svg class=\"rating-score__content\" xmlns=\"http:\/\/www.w3.org\/2000\/svg\" version=\"1.1\" x=\"0\" y=\"0\" viewbox=\"0 0 50 50\" enable-background=\"new 0 0 50 50\" xml:space=\"preserve\"><path class=\"rating-score__background rating-score--good\" fill=\"none\" stroke-width=\"6\" stroke-miterlimit=\"10\" d=\"M40 40c8.3-8.3 8.3-21.7 0-30s-21.7-8.3-30 0 -8.3 21.7 0 30\"><\/path><path class=\"rating-score__value rating-score__value--0\" fill=\"none\" stroke-width=\"6\" stroke-dashoffset=\"0\" stroke-miterlimit=\"10\" d=\"M40 40c8.3-8.3 8.3-21.7 0-30s-21.7-8.3-30 0 -8.3 21.7 0 30\"><\/path><text class=\"rating-score__number\" content=\"\" text-anchor=\"middle\" transform=\"matrix(1 0 0 1 25 31.0837)\" data-auto=\"app-user-score\"><\/text><\/svg>\r\n      <\/div>\r\n    <\/div>\r\n    <div class=\"sc-card-program__row\">\r\n      <span class=\"sc-card-program__description\"><\/span>\r\n    <\/div>\r\n    <div class=\"sc-card-program__row\">\r\n      <img decoding=\"async\" class=\"sc-card-program__bigpic\" src=\"\" onerror=\"this.style.display='none'\">\r\n    <\/div>\r\n    <a class=\"sc-card-program__link track-link sc-card-program-internal\" href=\"https:\/\/freeform.softonic.com\/iphone?ex=CS-987.2\" target=\"_self\" rel=\"noopener noreferrer\"><\/a>\r\n  <\/div>\r\n<\/div>\n\n\n\n<h2 class=\"wp-block-heading\">Tres iPad que dicen adi\u00f3s a iPadOS 17<\/h2>\n\n\n\n<p>Recordemos que fue en abril cuando apareci\u00f3 el primer rumor sobre qu\u00e9 modelos de iPhone y iPad perder\u00edan soporte de iOS 17 e iPadOS 17. Este rumor proven\u00eda de una cuenta de Twitter an\u00f3nima que, aunque hab\u00eda predicho correctamente algunos detalles, no ofrec\u00eda m\u00e1s garant\u00eda sobre la fiabilidad de sus afirmaciones. Ahora, desde iPhoneSoft &#8220;confirman&#8221;, entre comillas, pues seguimos hablando de rumores, <strong>qu\u00e9 modelos de iPad quedar\u00e1n atr\u00e1s<\/strong>.<\/p>\n\n\n\n<figure class=\"wp-block-embed is-type-video is-provider-youtube wp-block-embed-youtube wp-embed-aspect-16-9 wp-has-aspect-ratio\"><div class=\"wp-block-embed__wrapper\">\n<iframe loading=\"lazy\" title=\"Meet the all-new iPad and iPad Pro | Apple\" width=\"840\" height=\"473\" src=\"https:\/\/www.youtube.com\/embed\/yUKRkPKg5_U?feature=oembed\" frameborder=\"0\" allow=\"accelerometer; autoplay; clipboard-write; encrypted-media; gyroscope; picture-in-picture; web-share\" allowfullscreen><\/iframe>\n<\/div><\/figure>\n\n\n\n<p>Desde iPhoneSoft ya han predecidlo correctamente el alcance de la compatibilidad de iOS 13, 14 y 16, por lo que hemos de tomar lo que ahora comentan sobre iPadOS 17 con bastante confianza. Seg\u00fan el medio, estos son los tres modelos de iPad que, seg\u00fan los rumores, quedar\u00edan excluidos con iPadOS 17:<\/p>\n\n\n\n<ul class=\"wp-block-list\"><li>iPad de 5\u00aa generaci\u00f3n.<\/li><li>iPad Pro de 9.7 pulgadas de 1\u00aa generaci\u00f3n.<\/li><li>iPad Pro de 12.9 pulgadas de 1\u00aa generaci\u00f3n.<\/li><\/ul>\n\n\n\n<p>Dicho de otro modo, estos ser\u00edan los iPad que, seg\u00fan se informa, <strong>seguir\u00edan siendo compatibles con iPadOS 17<\/strong>:<\/p>\n\n\n\n<ul class=\"wp-block-list\"><li>iPad Air de 3\u00aa generaci\u00f3n y posteriores.<\/li><li>iPad de 6\u00aa generaci\u00f3n y posteriores.<\/li><li>iPad mini de 5\u00aa generaci\u00f3n y posteriores.<\/li><li>iPad Pro 2017 y posteriores.<\/li><\/ul>\n\n\n\n<p>As\u00ed, la <strong>mayor\u00eda de modelos de iPad de 2017 y posteriores soportar\u00edan iPadOS 17<\/strong>. Eso s\u00ed, seguramente no todas sus funciones. Recordemos, por ejemplo, como Stage Manager est\u00e1 limitado a algunos modelos, mientras que la posibilidad de usar Stage Manager con pantalla externas es exclusivo de los iPad con chips de la serie M.<\/p>\n\n\n\n<p>Mientras esperamos noticias sobre la compatibilidad de los iPhone con iOS 17, algo en lo que los rumores est\u00e1n contradici\u00e9ndose, est\u00e1 claro que iPadOS 17 va a traer bastantes cambios. Hasta donde sabemos, podr\u00edamos ver una actualizaci\u00f3n que, tras la cantidad de novedades que llegaron al iPhone con iOS 16, se ponga ahora a la altura.<\/p>\n\n\n\n<p>En todo caso, pero, y aunque estos rumores provienen de fuentes confiables, es importante recordar que <strong>Apple no ha confirmado oficialmente qu\u00e9 dispositivos tendr\u00e1n compatibilidad<\/strong>. Algo que solo sabremos el pr\u00f3ximo 5 de junio, cuando, en la pr\u00f3xima <a href=\"https:\/\/www.softonic.com\/articulos\/wwdc-que-es\">conferencia de desarrolladores<\/a>, la <a href=\"https:\/\/www.softonic.com\/articulos\/wwdc-2023-fecha-oficial\">WWDC 2023<\/a>, Apple anuncie todas las novedades.<\/p>\n\n\n<div class=\"sc-card-program\">\r\n  <div class=\"sc-card-program__body\">\r\n    <div class=\"sc-card-program__row clearfix\">\r\n      <div class=\"sc-card-program__col-logo\">\r\n        <img decoding=\"async\" class=\"sc-card-program__img\" src=\"https:\/\/images.sftcdn.net\/images\/t_app-icon-m\/p\/933e1ce5-2062-40e7-8619-6978c3fdce16\/1997379573\/freeform-logo\" alt=\"Freeform\" width=\"100px\" height=\"100px\">\r\n      <\/div>\r\n      <div class=\"sc-card-program__col-title\">\r\n        <span class=\"sc-card-program__title\">Freeform<\/span>\r\n        <a class=\"sc-card-program__button sc-card-program-internal\" href=\"https:\/\/freeform.softonic.com\/iphone?ex=CS-987.2\" target=\"_self\" rel=\"noopener noreferrer\">Descargar<\/a>\r\n      <\/div>\r\n      <div class=\"sc-card-program__col-rating\">\r\n        <svg class=\"rating-score__content\" xmlns=\"http:\/\/www.w3.org\/2000\/svg\" version=\"1.1\" x=\"0\" y=\"0\" viewbox=\"0 0 50 50\" enable-background=\"new 0 0 50 50\" xml:space=\"preserve\"><path class=\"rating-score__background rating-score--good\" fill=\"none\" stroke-width=\"6\" stroke-miterlimit=\"10\" d=\"M40 40c8.3-8.3 8.3-21.7 0-30s-21.7-8.3-30 0 -8.3 21.7 0 30\"><\/path><path class=\"rating-score__value rating-score__value--0\" fill=\"none\" stroke-width=\"6\" stroke-dashoffset=\"0\" stroke-miterlimit=\"10\" d=\"M40 40c8.3-8.3 8.3-21.7 0-30s-21.7-8.3-30 0 -8.3 21.7 0 30\"><\/path><text class=\"rating-score__number\" content=\"\" text-anchor=\"middle\" transform=\"matrix(1 0 0 1 25 31.0837)\" data-auto=\"app-user-score\"><\/text><\/svg>\r\n      <\/div>\r\n    <\/div>\r\n    <div class=\"sc-card-program__row\">\r\n      <span class=\"sc-card-program__description\"><\/span>\r\n    <\/div>\r\n    <div class=\"sc-card-program__row\">\r\n      <img decoding=\"async\" class=\"sc-card-program__bigpic\" src=\"\" onerror=\"this.style.display='none'\">\r\n    <\/div>\r\n    <a class=\"sc-card-program__link track-link sc-card-program-internal\" href=\"https:\/\/freeform.softonic.com\/iphone?ex=CS-987.2\" target=\"_self\" rel=\"noopener noreferrer\"><\/a>\r\n  <\/div>\r\n<\/div>\n\n\n\n<p><em>Algunos de los enlaces a\u00f1adidos en el art\u00edculo forman parte de campa\u00f1as de afiliaci\u00f3n y pueden representar beneficios para Softonic.<\/em><\/p>\n","protected":false},"excerpt":{"rendered":"<p>Como siempre que se acerca una pr\u00f3xima gran versi\u00f3n de los sistemas operativos, hay rumores que apuntan a que Apple podr\u00eda dejar de ofrecer soporte a ciertos modelos de iPad con la llegada de iPadOS 17.<\/p>\n","protected":false},"author":9262,"featured_media":284926,"comment_status":"closed","ping_status":"closed","sticky":false,"template":"","format":"standard","meta":{"footnotes":"","wpcf-pageviews":0},"categories":[9317],"tags":[10869,10587,10566],"usertag":[],"vertical":[],"content-category":[],"class_list":["post-284923","post","type-post","status-publish","format-standard","has-post-thumbnail","hentry","category-news","tag-ipados","tag-ipados-17","tag-wwdc-2023"],"aioseo_notices":[],"_links":{"self":[{"href":"https:\/\/cms-articles.softonic.io\/es\/wp-json\/wp\/v2\/posts\/284923","targetHints":{"allow":["GET"]}}],"collection":[{"href":"https:\/\/cms-articles.softonic.io\/es\/wp-json\/wp\/v2\/posts"}],"about":[{"href":"https:\/\/cms-articles.softonic.io\/es\/wp-json\/wp\/v2\/types\/post"}],"author":[{"embeddable":true,"href":"https:\/\/cms-articles.softonic.io\/es\/wp-json\/wp\/v2\/users\/9262"}],"replies":[{"embeddable":true,"href":"https:\/\/cms-articles.softonic.io\/es\/wp-json\/wp\/v2\/comments?post=284923"}],"version-history":[{"count":1,"href":"https:\/\/cms-articles.softonic.io\/es\/wp-json\/wp\/v2\/posts\/284923\/revisions"}],"predecessor-version":[{"id":364802,"href":"https:\/\/cms-articles.softonic.io\/es\/wp-json\/wp\/v2\/posts\/284923\/revisions\/364802"}],"wp:featuredmedia":[{"embeddable":true,"href":"https:\/\/cms-articles.softonic.io\/es\/wp-json\/wp\/v2\/media\/284926"}],"wp:attachment":[{"href":"https:\/\/cms-articles.softonic.io\/es\/wp-json\/wp\/v2\/media?parent=284923"}],"wp:term":[{"taxonomy":"category","embeddable":true,"href":"https:\/\/cms-articles.softonic.io\/es\/wp-json\/wp\/v2\/categories?post=284923"},{"taxonomy":"post_tag","embeddable":true,"href":"https:\/\/cms-articles.softonic.io\/es\/wp-json\/wp\/v2\/tags?post=284923"},{"taxonomy":"usertag","embeddable":true,"href":"https:\/\/cms-articles.softonic.io\/es\/wp-json\/wp\/v2\/usertag?post=284923"},{"taxonomy":"vertical","embeddable":true,"href":"https:\/\/cms-articles.softonic.io\/es\/wp-json\/wp\/v2\/vertical?post=284923"},{"taxonomy":"content-category","embeddable":true,"href":"https:\/\/cms-articles.softonic.io\/es\/wp-json\/wp\/v2\/content-category?post=284923"}],"curies":[{"name":"wp","href":"https:\/\/api.w.org\/{rel}","templated":true}]}}