{"id":288487,"date":"2023-05-10T07:40:17","date_gmt":"2023-05-10T05:40:17","guid":{"rendered":"http:\/\/sftarticles.wpenginepowered.com\/es\/?p=288487"},"modified":"2025-06-12T20:13:26","modified_gmt":"2025-06-12T18:13:26","slug":"iphone-15-rumores-iphone-16","status":"publish","type":"post","link":"https:\/\/cms-articles.softonic.io\/es\/iphone-15-rumores-iphone-16\/","title":{"rendered":"El iPhone 15 a\u00fan no ha salido, pero ya tenemos los primeros rumores del iPhone 16"},"content":{"rendered":"\n<p class=\"wp-block-paragraph\">Aunque el <strong><a href=\"https:\/\/www.softonic.com\/articulos\/el-iphone-15-pro-max-llegaria-con-una-camara-extragrande-segun-los-rumores\" target=\"_blank\" rel=\"noreferrer noopener\" title=\"iPhone 15\">iPhone 15<\/a><\/strong> no ha sido siquiera anunciado, los rumores que apuntan a su sucesor ya est\u00e1n aqu\u00ed. Si bien el sucesor del iPhone 14 ya vendr\u00eda con una gran cantidad de cambios, parece que el <strong>iPhone 16<\/strong> tendr\u00eda a\u00fan m\u00e1s si cabe. <\/p>\n\n\n<div class=\"sc-card-program\">\r\n  <div class=\"sc-card-program__body\">\r\n    <div class=\"sc-card-program__row clearfix\">\r\n      <div class=\"sc-card-program__col-logo\">\r\n        <img decoding=\"async\" class=\"sc-card-program__img\" src=\"https:\/\/images.sftcdn.net\/images\/t_app-icon-m\/p\/136f0b86-36a2-484c-98df-49fc90b365b6\/2187633187\/ios-16-iOS%2016-icon.jpg\" alt=\"iOS 16\" width=\"100px\" height=\"100px\">\r\n      <\/div>\r\n      <div class=\"sc-card-program__col-title\">\r\n        <span class=\"sc-card-program__title\">iOS 16<\/span>\r\n        <a class=\"sc-card-program__button sc-card-program-internal\" href=\"https:\/\/ios-16.softonic.com\/iphone\" target=\"_self\" rel=\"noopener noreferrer\">Descargar<\/a>\r\n      <\/div>\r\n      <div class=\"sc-card-program__col-rating\">\r\n        <svg class=\"rating-score__content\" xmlns=\"http:\/\/www.w3.org\/2000\/svg\" version=\"1.1\" x=\"0\" y=\"0\" viewbox=\"0 0 50 50\" enable-background=\"new 0 0 50 50\" xml:space=\"preserve\"><path class=\"rating-score__background rating-score--good\" fill=\"none\" stroke-width=\"6\" stroke-miterlimit=\"10\" d=\"M40 40c8.3-8.3 8.3-21.7 0-30s-21.7-8.3-30 0 -8.3 21.7 0 30\"><\/path><path class=\"rating-score__value rating-score__value--0\" fill=\"none\" stroke-width=\"6\" stroke-dashoffset=\"0\" stroke-miterlimit=\"10\" d=\"M40 40c8.3-8.3 8.3-21.7 0-30s-21.7-8.3-30 0 -8.3 21.7 0 30\"><\/path><text class=\"rating-score__number\" content=\"\" text-anchor=\"middle\" transform=\"matrix(1 0 0 1 25 31.0837)\" data-auto=\"app-user-score\"><\/text><\/svg>\r\n      <\/div>\r\n    <\/div>\r\n    <div class=\"sc-card-program__row\">\r\n      <span class=\"sc-card-program__description\"><\/span>\r\n    <\/div>\r\n    <div class=\"sc-card-program__row\">\r\n      <img decoding=\"async\" class=\"sc-card-program__bigpic\" src=\"\" onerror=\"this.style.display='none'\">\r\n    <\/div>\r\n    <a class=\"sc-card-program__link track-link sc-card-program-internal\" href=\"https:\/\/ios-16.softonic.com\/iphone\" target=\"_self\" rel=\"noopener noreferrer\"><\/a>\r\n  <\/div>\r\n<\/div>\n\n\n\n<p class=\"wp-block-paragraph\">Uno de los aspectos que menos suele cambiar en los <a href=\"https:\/\/www.softonic.com\/articulos\/tienes-problemas-en-tu-iphone-para-ver-el-tiempo-aqui-tienes-algunas-soluciones\" target=\"_blank\" rel=\"noreferrer noopener\" title=\"iPhone\">iPhone<\/a> es su <strong>tama\u00f1o<\/strong>. Desde la salida del iPhone 12, se han mantenido pr\u00e1cticamente igual , con solo ligeros cambios en el notch. Ahora, el analista Ross Young ha dejado caer que <strong>los pr\u00f3ximos iPhone 16 Pro y iPhone 16 Pro Max montar\u00edan pantallas de 6,3 y 6,9 pulgadas,<\/strong> respectivamente. De los modelos est\u00e1ndar no se sabe nada, pero se puede intuir que seguir\u00edan el mismo camino que los modelos Pro. <\/p>\n\n\n\n<p class=\"wp-block-paragraph\">Si esto resulta ser cierto, estar\u00edamos ante <strong>los <a href=\"https:\/\/www.softonic.com\/articulos\/tendremos-un-nuevo-boton-en-los-iphone-15-pro\" target=\"_blank\" rel=\"noreferrer noopener\" title=\"iPhone\">iPhone<\/a> m\u00e1s grandes de la historia de Apple<\/strong>. A d\u00eda de hoy, los <a href=\"https:\/\/www.softonic.com\/articulos\/samsung-galaxy-s23-vs-iphone-14-pro-cual-es-mejor\" target=\"_blank\" rel=\"noreferrer noopener\" title=\"iPhone 14 y iPhone 14 Pro Max\">iPhone 14 y iPhone 14 Pro Max<\/a> se venden con pantallas de 6,1 y 6,7 pulgadas, algo que no cambiar\u00eda en los <a href=\"https:\/\/www.softonic.com\/articulos\/iphone-15\" target=\"_blank\" rel=\"noreferrer noopener\" title=\"pr\u00f3ximos iPhone 15\">pr\u00f3ximos iPhone 15<\/a> (al menos que sepamos).<\/p>\n\n\n\n<figure class=\"wp-block-image size-large\"><img loading=\"lazy\" decoding=\"async\" width=\"1024\" height=\"576\" src=\"https:\/\/articles-img.sftcdn.net\/sft\/articles\/auto-mapping-folder\/sites\/2\/2019\/02\/fondos-pantalla-iphone-header-1-1024x576.jpg\" alt=\"\" class=\"wp-image-283997\" srcset=\"https:\/\/articles-img.sftcdn.net\/auto-mapping-folder\/sites\/2\/2019\/02\/fondos-pantalla-iphone-header-1-1024x576.jpg 1024w, https:\/\/articles-img.sftcdn.net\/auto-mapping-folder\/sites\/2\/2019\/02\/fondos-pantalla-iphone-header-1-300x169.jpg 300w, https:\/\/articles-img.sftcdn.net\/auto-mapping-folder\/sites\/2\/2019\/02\/fondos-pantalla-iphone-header-1-768x433.jpg 768w, https:\/\/articles-img.sftcdn.net\/auto-mapping-folder\/sites\/2\/2019\/02\/fondos-pantalla-iphone-header-1-800x450.jpg 800w, https:\/\/articles-img.sftcdn.net\/auto-mapping-folder\/sites\/2\/2019\/02\/fondos-pantalla-iphone-header-1-664x374.jpg 664w, https:\/\/articles-img.sftcdn.net\/auto-mapping-folder\/sites\/2\/2019\/02\/fondos-pantalla-iphone-header-1-238x134.jpg 238w, https:\/\/articles-img.sftcdn.net\/auto-mapping-folder\/sites\/2\/2019\/02\/fondos-pantalla-iphone-header-1-436x246.jpg 436w, https:\/\/articles-img.sftcdn.net\/auto-mapping-folder\/sites\/2\/2019\/02\/fondos-pantalla-iphone-header-1-370x208.jpg 370w, https:\/\/articles-img.sftcdn.net\/auto-mapping-folder\/sites\/2\/2019\/02\/fondos-pantalla-iphone-header-1-304x170.jpg 304w, https:\/\/articles-img.sftcdn.net\/auto-mapping-folder\/sites\/2\/2019\/02\/fondos-pantalla-iphone-header-1-18x10.jpg 18w, https:\/\/articles-img.sftcdn.net\/auto-mapping-folder\/sites\/2\/2019\/02\/fondos-pantalla-iphone-header-1-150x84.jpg 150w, https:\/\/articles-img.sftcdn.net\/auto-mapping-folder\/sites\/2\/2019\/02\/fondos-pantalla-iphone-header-1.jpg 1200w\" sizes=\"auto, (max-width: 1024px) 100vw, 1024px\" \/><\/figure>\n\n\n\n<p class=\"wp-block-paragraph\">Aunque todo son rumores, lo cierto es que el analista Ross Young ya ha filtrado informaci\u00f3n en el pasado que result\u00f3 ser cierta. Por ejemplo, el fue qui\u00e9n revel\u00f3 la llegada de la tecnolog\u00eda ProMotion a los iPhone 13 Pro y a los <a href=\"https:\/\/www.softonic.com\/articulos\/macbook-air-15-pulgadas-wwdc-2023\" target=\"_blank\" rel=\"noreferrer noopener\" title=\"MacBook Pro\">MacBook Pro<\/a> de 14 y 16 pulgadas.<\/p>\n\n\n\n<p class=\"wp-block-paragraph\">\u00bfAprovechar\u00e1 Apple este espacio extra con nuevas funcionalidades como hizo con la <a href=\"https:\/\/www.softonic.com\/articulos\/cambios-dynamic-island-iphone-15\" target=\"_blank\" rel=\"noreferrer noopener\" title=\"Dynamic Island\">Dynamic Island<\/a>? De momento, todo lo que podemos hacer es <strong>especular<\/strong>. Lo que si sabemos es que la compa\u00f1\u00eda de la manzana mordida <strong>celebrar\u00e1 el pr\u00f3ximo 5 de junio la WWDC 2023<\/strong>. Durante la conferencia, veremos el nuevo iOS 17, iPad OS 17, tvOS 17 y watchOS 10, que no es poco. Aunque la conferencia empezar\u00e1 el 5 de junio, durar\u00e1 hasta el 9 de junio.<\/p>\n\n\n<div class=\"sc-card-program\">\r\n  <div class=\"sc-card-program__body\">\r\n    <div class=\"sc-card-program__row clearfix\">\r\n      <div class=\"sc-card-program__col-logo\">\r\n        <img decoding=\"async\" class=\"sc-card-program__img\" src=\"https:\/\/images.sftcdn.net\/images\/t_app-icon-m\/p\/136f0b86-36a2-484c-98df-49fc90b365b6\/2187633187\/ios-16-iOS%2016-icon.jpg\" alt=\"iOS 16\" width=\"100px\" height=\"100px\">\r\n      <\/div>\r\n      <div class=\"sc-card-program__col-title\">\r\n        <span class=\"sc-card-program__title\">iOS 16<\/span>\r\n        <a class=\"sc-card-program__button sc-card-program-internal\" href=\"https:\/\/ios-16.softonic.com\/iphone\" target=\"_self\" rel=\"noopener noreferrer\">Descargar<\/a>\r\n      <\/div>\r\n      <div class=\"sc-card-program__col-rating\">\r\n        <svg class=\"rating-score__content\" xmlns=\"http:\/\/www.w3.org\/2000\/svg\" version=\"1.1\" x=\"0\" y=\"0\" viewbox=\"0 0 50 50\" enable-background=\"new 0 0 50 50\" xml:space=\"preserve\"><path class=\"rating-score__background rating-score--good\" fill=\"none\" stroke-width=\"6\" stroke-miterlimit=\"10\" d=\"M40 40c8.3-8.3 8.3-21.7 0-30s-21.7-8.3-30 0 -8.3 21.7 0 30\"><\/path><path class=\"rating-score__value rating-score__value--0\" fill=\"none\" stroke-width=\"6\" stroke-dashoffset=\"0\" stroke-miterlimit=\"10\" d=\"M40 40c8.3-8.3 8.3-21.7 0-30s-21.7-8.3-30 0 -8.3 21.7 0 30\"><\/path><text class=\"rating-score__number\" content=\"\" text-anchor=\"middle\" transform=\"matrix(1 0 0 1 25 31.0837)\" data-auto=\"app-user-score\"><\/text><\/svg>\r\n      <\/div>\r\n    <\/div>\r\n    <div class=\"sc-card-program__row\">\r\n      <span class=\"sc-card-program__description\"><\/span>\r\n    <\/div>\r\n    <div class=\"sc-card-program__row\">\r\n      <img decoding=\"async\" class=\"sc-card-program__bigpic\" src=\"\" onerror=\"this.style.display='none'\">\r\n    <\/div>\r\n    <a class=\"sc-card-program__link track-link sc-card-program-internal\" href=\"https:\/\/ios-16.softonic.com\/iphone\" target=\"_self\" rel=\"noopener noreferrer\"><\/a>\r\n  <\/div>\r\n<\/div>\n\n\n\n<p class=\"wp-block-paragraph\"><em>Algunos de los enlaces a\u00f1adidos en el art\u00edculo forman parte de campa\u00f1as de afiliaci\u00f3n y pueden representar beneficios para Softonic.<\/em><\/p>\n","protected":false},"excerpt":{"rendered":"<p>Aunque no haya salido el iPhone 15, ya tenemos los primeros rumores acerca del iPhone 16.<\/p>\n","protected":false},"author":9211,"featured_media":288530,"comment_status":"closed","ping_status":"closed","sticky":false,"template":"","format":"standard","meta":{"footnotes":"","wpcf-pageviews":0},"categories":[9317],"tags":[9403,10538,10558,11007],"usertag":[],"vertical":[],"content-category":[],"class_list":["post-288487","post","type-post","status-publish","format-standard","has-post-thumbnail","hentry","category-news","tag-ios","tag-iphone","tag-iphone-15","tag-iphone-16"],"aioseo_notices":[],"_links":{"self":[{"href":"https:\/\/cms-articles.softonic.io\/es\/wp-json\/wp\/v2\/posts\/288487","targetHints":{"allow":["GET"]}}],"collection":[{"href":"https:\/\/cms-articles.softonic.io\/es\/wp-json\/wp\/v2\/posts"}],"about":[{"href":"https:\/\/cms-articles.softonic.io\/es\/wp-json\/wp\/v2\/types\/post"}],"author":[{"embeddable":true,"href":"https:\/\/cms-articles.softonic.io\/es\/wp-json\/wp\/v2\/users\/9211"}],"replies":[{"embeddable":true,"href":"https:\/\/cms-articles.softonic.io\/es\/wp-json\/wp\/v2\/comments?post=288487"}],"version-history":[{"count":1,"href":"https:\/\/cms-articles.softonic.io\/es\/wp-json\/wp\/v2\/posts\/288487\/revisions"}],"predecessor-version":[{"id":364442,"href":"https:\/\/cms-articles.softonic.io\/es\/wp-json\/wp\/v2\/posts\/288487\/revisions\/364442"}],"wp:featuredmedia":[{"embeddable":true,"href":"https:\/\/cms-articles.softonic.io\/es\/wp-json\/wp\/v2\/media\/288530"}],"wp:attachment":[{"href":"https:\/\/cms-articles.softonic.io\/es\/wp-json\/wp\/v2\/media?parent=288487"}],"wp:term":[{"taxonomy":"category","embeddable":true,"href":"https:\/\/cms-articles.softonic.io\/es\/wp-json\/wp\/v2\/categories?post=288487"},{"taxonomy":"post_tag","embeddable":true,"href":"https:\/\/cms-articles.softonic.io\/es\/wp-json\/wp\/v2\/tags?post=288487"},{"taxonomy":"usertag","embeddable":true,"href":"https:\/\/cms-articles.softonic.io\/es\/wp-json\/wp\/v2\/usertag?post=288487"},{"taxonomy":"vertical","embeddable":true,"href":"https:\/\/cms-articles.softonic.io\/es\/wp-json\/wp\/v2\/vertical?post=288487"},{"taxonomy":"content-category","embeddable":true,"href":"https:\/\/cms-articles.softonic.io\/es\/wp-json\/wp\/v2\/content-category?post=288487"}],"curies":[{"name":"wp","href":"https:\/\/api.w.org\/{rel}","templated":true}]}}