{"id":291345,"date":"2022-05-29T21:07:00","date_gmt":"2022-05-29T19:07:00","guid":{"rendered":"https:\/\/sftarticles.wpenginepowered.com\/es\/?p=291345"},"modified":"2024-08-13T06:49:49","modified_gmt":"2024-08-13T04:49:49","slug":"succession-la-vida-de-los-personajes-detras-de-las-camaras","status":"publish","type":"post","link":"https:\/\/cms-articles.softonic.io\/es\/succession-la-vida-de-los-personajes-detras-de-las-camaras\/","title":{"rendered":"Succession: la vida de los personajes detr\u00e1s de las c\u00e1maras"},"content":{"rendered":"\n<p class=\"wp-block-paragraph\">La serie de moda en todo el mundo es Succession. Esta serie de HBO Max lleva cuatro temporadas triunfando como la espuma. Su guion lleno de giros, su di\u00e1logos llenos de palabrotas, sus ostentosos coches y casas&#8230; es ver a ricos siendo ricos y preocup\u00e1ndose por ser a\u00fan m\u00e1s ricos.<\/p>\n\n\n\n<p class=\"wp-block-paragraph\">Succession ha conseguido enganchar a millones de espectadores, tanto que a d\u00eda de hoy no hay serie que tenga m\u00e1s \u00e9xito dentro de la plataforma, ni Juego de Tronos ha conseguido la audiencia de esta serie que va camino de ser historia de la televisi\u00f3n.<\/p>\n\n\n\n<p class=\"wp-block-paragraph\">Por ese motivo, much\u00edsima gente se pregunta qu\u00e9 es de los actores que dan vida a estos personajes tan interesantes en la vida real. Todos tienen nombres y apellidos y sus vidas son de lo m\u00e1s curiosas. Algunos son hermanos de actores famos\u00edsimos y otros son pareja en el mundo real. Vamos a verlos todos, algunos te sorprender\u00e1n:<\/p>\n\n\n\n<h2 class=\"wp-block-heading\">Brian Cox (Logan Roy)<\/h2>\n\n\n\n<figure class=\"wp-block-image size-large\"><img loading=\"lazy\" decoding=\"async\" width=\"1024\" height=\"569\" src=\"https:\/\/articles-img.sftcdn.net\/sft\/articles\/auto-mapping-folder\/sites\/2\/2023\/05\/Brian-Coxinterview-1024x569.jpg\" alt=\"\" class=\"wp-image-291347\" srcset=\"https:\/\/articles-img.sftcdn.net\/auto-mapping-folder\/sites\/2\/2023\/05\/Brian-Coxinterview-1024x569.jpg 1024w, https:\/\/articles-img.sftcdn.net\/auto-mapping-folder\/sites\/2\/2023\/05\/Brian-Coxinterview-300x167.jpg 300w, https:\/\/articles-img.sftcdn.net\/auto-mapping-folder\/sites\/2\/2023\/05\/Brian-Coxinterview-768x427.jpg 768w, https:\/\/articles-img.sftcdn.net\/auto-mapping-folder\/sites\/2\/2023\/05\/Brian-Coxinterview-304x170.jpg 304w, https:\/\/articles-img.sftcdn.net\/auto-mapping-folder\/sites\/2\/2023\/05\/Brian-Coxinterview-18x10.jpg 18w, https:\/\/articles-img.sftcdn.net\/auto-mapping-folder\/sites\/2\/2023\/05\/Brian-Coxinterview-150x83.jpg 150w, https:\/\/articles-img.sftcdn.net\/auto-mapping-folder\/sites\/2\/2023\/05\/Brian-Coxinterview.jpg 1200w\" sizes=\"auto, (max-width: 1024px) 100vw, 1024px\" \/><\/figure>\n\n\n\n<p class=\"wp-block-paragraph\">El padre de la familia, el fundador de la empresa Waystar Royco que tantos miles de millones de d\u00f3lares vale en el mercado. Este hombre es el motivo por el cual la serie Succession se mantiene en pie. \u00c9l lo es todo, no sus hijos. Como actor, su vida es de lo m\u00e1s curiosa.<\/p>\n\n\n\n<p class=\"wp-block-paragraph\">Brian Cox, de 76 a\u00f1os, naci\u00f3 en Dundee (Escocia), el mismo lugar que su hom\u00f3logo de ficci\u00f3n en Succession. Mientras que Logan Roy desprecia su ciudad natal, Cox siente todo lo contrario. Eso s\u00ed, su visa fue muy dura.<\/p>\n\n\n\n<figure class=\"wp-block-image size-full\"><img loading=\"lazy\" decoding=\"async\" width=\"976\" height=\"549\" src=\"https:\/\/articles-img.sftcdn.net\/sft\/articles\/auto-mapping-folder\/sites\/2\/2023\/06\/Brian-Cox-1.jpg\" alt=\"\" class=\"wp-image-292582\" srcset=\"https:\/\/articles-img.sftcdn.net\/auto-mapping-folder\/sites\/2\/2023\/06\/Brian-Cox-1.jpg 976w, https:\/\/articles-img.sftcdn.net\/auto-mapping-folder\/sites\/2\/2023\/06\/Brian-Cox-1-300x169.jpg 300w, https:\/\/articles-img.sftcdn.net\/auto-mapping-folder\/sites\/2\/2023\/06\/Brian-Cox-1-768x433.jpg 768w, https:\/\/articles-img.sftcdn.net\/auto-mapping-folder\/sites\/2\/2023\/06\/Brian-Cox-1-800x450.jpg 800w, https:\/\/articles-img.sftcdn.net\/auto-mapping-folder\/sites\/2\/2023\/06\/Brian-Cox-1-664x374.jpg 664w, https:\/\/articles-img.sftcdn.net\/auto-mapping-folder\/sites\/2\/2023\/06\/Brian-Cox-1-238x134.jpg 238w, https:\/\/articles-img.sftcdn.net\/auto-mapping-folder\/sites\/2\/2023\/06\/Brian-Cox-1-436x246.jpg 436w, https:\/\/articles-img.sftcdn.net\/auto-mapping-folder\/sites\/2\/2023\/06\/Brian-Cox-1-370x208.jpg 370w, https:\/\/articles-img.sftcdn.net\/auto-mapping-folder\/sites\/2\/2023\/06\/Brian-Cox-1-304x170.jpg 304w, https:\/\/articles-img.sftcdn.net\/auto-mapping-folder\/sites\/2\/2023\/06\/Brian-Cox-1-18x10.jpg 18w, https:\/\/articles-img.sftcdn.net\/auto-mapping-folder\/sites\/2\/2023\/06\/Brian-Cox-1-150x84.jpg 150w\" sizes=\"auto, (max-width: 976px) 100vw, 976px\" \/><\/figure>\n\n\n\n<p class=\"wp-block-paragraph\">El padre de Brian Cox, Charles McArdle Campbell Cox, muri\u00f3 de c\u00e1ncer de p\u00e1ncreas cuando Cox ten\u00eda s\u00f3lo 8 a\u00f1os. Por aquel entonces, su madre, Mary Ann Guillerline, empez\u00f3 a sufrir crisis mentales, por lo que Cox tuvo que ser criado principalmente por sus tres hermanas mayores.<\/p>\n\n\n\n<p class=\"wp-block-paragraph\">Cox dice que busc\u00f3 formas de escapar de la realidad de estas dificultades, lo que le llev\u00f3 a inclinarse por la actuaci\u00f3n. &#8220;Creo que es un mecanismo de defensa de la infancia que me hizo decir: &#8216;No puedo con esto, as\u00ed que me ausentar\u00e9'&#8221;, afirma.<\/p>\n\n\n\n<figure class=\"wp-block-image size-full\"><img loading=\"lazy\" decoding=\"async\" width=\"980\" height=\"652\" src=\"https:\/\/articles-img.sftcdn.net\/sft\/articles\/auto-mapping-folder\/sites\/2\/2023\/05\/Brian-Cox-de-joven.jpg\" alt=\"\" class=\"wp-image-291350\" srcset=\"https:\/\/articles-img.sftcdn.net\/auto-mapping-folder\/sites\/2\/2023\/05\/Brian-Cox-de-joven.jpg 980w, https:\/\/articles-img.sftcdn.net\/auto-mapping-folder\/sites\/2\/2023\/05\/Brian-Cox-de-joven-300x200.jpg 300w, https:\/\/articles-img.sftcdn.net\/auto-mapping-folder\/sites\/2\/2023\/05\/Brian-Cox-de-joven-768x511.jpg 768w, https:\/\/articles-img.sftcdn.net\/auto-mapping-folder\/sites\/2\/2023\/05\/Brian-Cox-de-joven-18x12.jpg 18w, https:\/\/articles-img.sftcdn.net\/auto-mapping-folder\/sites\/2\/2023\/05\/Brian-Cox-de-joven-150x100.jpg 150w\" sizes=\"auto, (max-width: 980px) 100vw, 980px\" \/><\/figure>\n\n\n\n<p class=\"wp-block-paragraph\">A los 15 a\u00f1os, tras abandonar los estudios, Cox consigui\u00f3 un trabajo haciendo recados en el Dundee Repertory Theater. Normalmente cambiaba de sitio las piezas del decorado y fregaba el suelo. Se sent\u00eda a gusto en el teatro, donde a veces incluso dorm\u00eda, seg\u00fan The Telegraph.<\/p>\n\n\n\n<p class=\"wp-block-paragraph\">Dos a\u00f1os m\u00e1s tarde, consigui\u00f3 una beca en la London Academy of Music &amp; Dramatic Art, y su carrera como actor comenz\u00f3 oficialmente. Se convirti\u00f3 en un consumado actor de Shakespeare, alabado por sus interpretaciones en la Royal Shakespeare Company y el Royal National Theatre, sobre todo por el papel del Rey Lear.<\/p>\n\n\n\n<figure class=\"wp-block-image size-large\"><img loading=\"lazy\" decoding=\"async\" width=\"1024\" height=\"596\" src=\"https:\/\/articles-img.sftcdn.net\/sft\/articles\/auto-mapping-folder\/sites\/2\/2023\/06\/Brian-Cox-2-1024x596.jpg\" alt=\"\" class=\"wp-image-292584\" srcset=\"https:\/\/articles-img.sftcdn.net\/auto-mapping-folder\/sites\/2\/2023\/06\/Brian-Cox-2-1024x596.jpg 1024w, https:\/\/articles-img.sftcdn.net\/auto-mapping-folder\/sites\/2\/2023\/06\/Brian-Cox-2-300x175.jpg 300w, https:\/\/articles-img.sftcdn.net\/auto-mapping-folder\/sites\/2\/2023\/06\/Brian-Cox-2-768x447.jpg 768w, https:\/\/articles-img.sftcdn.net\/auto-mapping-folder\/sites\/2\/2023\/06\/Brian-Cox-2-18x10.jpg 18w, https:\/\/articles-img.sftcdn.net\/auto-mapping-folder\/sites\/2\/2023\/06\/Brian-Cox-2-150x87.jpg 150w, https:\/\/articles-img.sftcdn.net\/auto-mapping-folder\/sites\/2\/2023\/06\/Brian-Cox-2.jpg 1200w\" sizes=\"auto, (max-width: 1024px) 100vw, 1024px\" \/><\/figure>\n\n\n\n<p class=\"wp-block-paragraph\">Como curiosidad, Cox interpret\u00f3 a Hannibal Lecter en Manhunter (1988), cinco a\u00f1os antes de que Anthony Hopkins interpretara al asesino en serie can\u00edbal en El silencio de los corderos (1991). Manhunter se basaba en la novela de Thomas Harris Drag\u00f3n Rojo, que tiene lugar antes de los acontecimientos de la pel\u00edcula.<\/p>\n\n\n\n<p class=\"wp-block-paragraph\">A una an\u00e9cdota que contaremos m\u00e1s adelante, un actor de la serie dijo que Brian Cox se hab\u00eda ganado el derecho &#8220;a decir lo que le salga de los cojones&#8221;. Ahora ver\u00e1s qui\u00e9n lo dijo.<\/p>\n\n\n\n<h2 class=\"wp-block-heading\">Kieran Culkin (Roman Roy)<\/h2>\n\n\n\n<figure class=\"wp-block-image size-large\"><img loading=\"lazy\" decoding=\"async\" width=\"1024\" height=\"768\" src=\"https:\/\/articles-img.sftcdn.net\/sft\/articles\/auto-mapping-folder\/sites\/2\/2023\/05\/Kieran-Culkin-vida-y-obra-del-actor-1024x768.jpg\" alt=\"\" class=\"wp-image-291351\" srcset=\"https:\/\/articles-img.sftcdn.net\/auto-mapping-folder\/sites\/2\/2023\/05\/Kieran-Culkin-vida-y-obra-del-actor-1024x768.jpg 1024w, https:\/\/articles-img.sftcdn.net\/auto-mapping-folder\/sites\/2\/2023\/05\/Kieran-Culkin-vida-y-obra-del-actor-300x225.jpg 300w, https:\/\/articles-img.sftcdn.net\/auto-mapping-folder\/sites\/2\/2023\/05\/Kieran-Culkin-vida-y-obra-del-actor-768x576.jpg 768w, https:\/\/articles-img.sftcdn.net\/auto-mapping-folder\/sites\/2\/2023\/05\/Kieran-Culkin-vida-y-obra-del-actor-16x12.jpg 16w, https:\/\/articles-img.sftcdn.net\/auto-mapping-folder\/sites\/2\/2023\/05\/Kieran-Culkin-vida-y-obra-del-actor-150x112.jpg 150w, https:\/\/articles-img.sftcdn.net\/auto-mapping-folder\/sites\/2\/2023\/05\/Kieran-Culkin-vida-y-obra-del-actor.jpg 1067w\" sizes=\"auto, (max-width: 1024px) 100vw, 1024px\" \/><\/figure>\n\n\n\n<p class=\"wp-block-paragraph\">Como puedes ver por la foto, Kieran Culkin es el derecha, ese chico de pelo moreno tan parecido al de la izquierda. S\u00ed, has visto bien, su hermano es Macaulay Culkin, el verdadero ni\u00f1o prodigio de los 90.<\/p>\n\n\n\n<p class=\"wp-block-paragraph\">El actor, de 40 a\u00f1os (30 de septiembre de 1982), debut\u00f3 junto a su famoso hermano Macaulay Culkin en el cl\u00e1sico navide\u00f1o de los noventa Solo en casa y consigui\u00f3 dar el salto de estrella infantil a actor de pleno derecho a lo largo de la d\u00e9cada de los noventa.<\/p>\n\n\n\n<p class=\"wp-block-paragraph\">El actor es ahora un habitual de la televisi\u00f3n, con apariciones en series como Fargo, Frasier y, por supuesto, Succession.<\/p>\n\n\n\n<figure class=\"wp-block-image size-large\"><img loading=\"lazy\" decoding=\"async\" width=\"1024\" height=\"614\" src=\"https:\/\/articles-img.sftcdn.net\/sft\/articles\/auto-mapping-folder\/sites\/2\/2023\/06\/Kieran-Culkin-1024x614.jpg\" alt=\"\" class=\"wp-image-292585\" srcset=\"https:\/\/articles-img.sftcdn.net\/auto-mapping-folder\/sites\/2\/2023\/06\/Kieran-Culkin-1024x614.jpg 1024w, https:\/\/articles-img.sftcdn.net\/auto-mapping-folder\/sites\/2\/2023\/06\/Kieran-Culkin-300x180.jpg 300w, https:\/\/articles-img.sftcdn.net\/auto-mapping-folder\/sites\/2\/2023\/06\/Kieran-Culkin-768x461.jpg 768w, https:\/\/articles-img.sftcdn.net\/auto-mapping-folder\/sites\/2\/2023\/06\/Kieran-Culkin-18x12.jpg 18w, https:\/\/articles-img.sftcdn.net\/auto-mapping-folder\/sites\/2\/2023\/06\/Kieran-Culkin-150x90.jpg 150w, https:\/\/articles-img.sftcdn.net\/auto-mapping-folder\/sites\/2\/2023\/06\/Kieran-Culkin.jpg 1200w\" sizes=\"auto, (max-width: 1024px) 100vw, 1024px\" \/><\/figure>\n\n\n\n<p class=\"wp-block-paragraph\">Kieran es uno de ocho hermanos. Tanto \u00e9l como sus siete hermanos Shane, Dakota, Macaulay, Quinn, Christian, Rory y su hermanastra Jennifer fueron educados como artistas desde muy peque\u00f1os.<\/p>\n\n\n\n<p class=\"wp-block-paragraph\">Los ni\u00f1os fueron animados a actuar por su padre, Christopher &#8220;Kit&#8221; Culkin, que, junto con su hermana Bonnie Bedelia, tambi\u00e9n era actor.<\/p>\n\n\n\n<p class=\"wp-block-paragraph\">\u00bfPor qu\u00e9 Kieran Culkin est\u00e1 distanciado de su familia? En sus memorias de 2007, Macauley, el famoso hermano de Kieran, afirmaba que su padre era &#8220;f\u00edsica y mentalmente abusivo&#8221; con \u00e9l y le hizo emanciparse de sus padres.<\/p>\n\n\n\n<figure class=\"wp-block-image size-full\"><img loading=\"lazy\" decoding=\"async\" width=\"775\" height=\"747\" src=\"https:\/\/articles-img.sftcdn.net\/sft\/articles\/auto-mapping-folder\/sites\/2\/2023\/05\/Kieran-Culkin-en-una-sesion-de-fotos.jpg\" alt=\"\" class=\"wp-image-291352\" srcset=\"https:\/\/articles-img.sftcdn.net\/auto-mapping-folder\/sites\/2\/2023\/05\/Kieran-Culkin-en-una-sesion-de-fotos.jpg 775w, https:\/\/articles-img.sftcdn.net\/auto-mapping-folder\/sites\/2\/2023\/05\/Kieran-Culkin-en-una-sesion-de-fotos-300x289.jpg 300w, https:\/\/articles-img.sftcdn.net\/auto-mapping-folder\/sites\/2\/2023\/05\/Kieran-Culkin-en-una-sesion-de-fotos-768x740.jpg 768w, https:\/\/articles-img.sftcdn.net\/auto-mapping-folder\/sites\/2\/2023\/05\/Kieran-Culkin-en-una-sesion-de-fotos-12x12.jpg 12w, https:\/\/articles-img.sftcdn.net\/auto-mapping-folder\/sites\/2\/2023\/05\/Kieran-Culkin-en-una-sesion-de-fotos-150x145.jpg 150w\" sizes=\"auto, (max-width: 775px) 100vw, 775px\" \/><\/figure>\n\n\n\n<p class=\"wp-block-paragraph\">Aunque Kieran insiste en que no tuvo las mismas &#8220;experiencias locas, negativas, horribles y traum\u00e1ticas como actor infantil&#8221; que Macaulay, s\u00ed declar\u00f3 a The Hollywood Reporter que su padre &#8220;no era una buena persona y, s\u00ed, probablemente tampoco un buen padre&#8221;.<\/p>\n\n\n\n<p class=\"wp-block-paragraph\"><strong>\u00bfQu\u00e9 fue de la familia de Kieran y Macaulay Culkin? <\/strong>La familia Culkin sufri\u00f3 una tragedia en 2008, cuando la hermana de Kieran, Dakota, a la que la familia se refer\u00eda como Cody, muri\u00f3 tristemente a la edad de 29 a\u00f1os tras verse implicada en un accidente de coche.<\/p>\n\n\n\n<figure class=\"wp-block-image size-large\"><img loading=\"lazy\" decoding=\"async\" width=\"1024\" height=\"538\" src=\"https:\/\/articles-img.sftcdn.net\/sft\/articles\/auto-mapping-folder\/sites\/2\/2023\/06\/Kieran-Culkin-2-1024x538.jpg\" alt=\"\" class=\"wp-image-292586\" srcset=\"https:\/\/articles-img.sftcdn.net\/auto-mapping-folder\/sites\/2\/2023\/06\/Kieran-Culkin-2-1024x538.jpg 1024w, https:\/\/articles-img.sftcdn.net\/auto-mapping-folder\/sites\/2\/2023\/06\/Kieran-Culkin-2-300x158.jpg 300w, https:\/\/articles-img.sftcdn.net\/auto-mapping-folder\/sites\/2\/2023\/06\/Kieran-Culkin-2-768x403.jpg 768w, https:\/\/articles-img.sftcdn.net\/auto-mapping-folder\/sites\/2\/2023\/06\/Kieran-Culkin-2-18x9.jpg 18w, https:\/\/articles-img.sftcdn.net\/auto-mapping-folder\/sites\/2\/2023\/06\/Kieran-Culkin-2-150x79.jpg 150w, https:\/\/articles-img.sftcdn.net\/auto-mapping-folder\/sites\/2\/2023\/06\/Kieran-Culkin-2.jpg 1200w\" sizes=\"auto, (max-width: 1024px) 100vw, 1024px\" \/><\/figure>\n\n\n\n<p class=\"wp-block-paragraph\">&#8220;Es lo peor que me ha pasado en la vida, y no hay manera de endulzarlo&#8221;, dijo Kieran en la misma entrevista con Hollywood Reporter, y a\u00f1adi\u00f3: &#8220;Siempre ser\u00e1 devastador. Todav\u00eda lloro por ello. Se me viene a la cabeza algo gracioso que hizo y me hace re\u00edr, y entonces lloro&#8221;.<\/p>\n\n\n\n<p class=\"wp-block-paragraph\">Su vida no solo est\u00e1 marcada por la muerte de una hermana, tambi\u00e9n de una hermanastra: Jennifer Adamson, tambi\u00e9n muri\u00f3 en 2000, cuando tambi\u00e9n ten\u00eda 29 a\u00f1os.<\/p>\n\n\n\n<h2 class=\"wp-block-heading\">Sarah Snook (Shiv Roy)<\/h2>\n\n\n\n<figure class=\"wp-block-image size-large\"><img loading=\"lazy\" decoding=\"async\" width=\"1024\" height=\"683\" src=\"https:\/\/articles-img.sftcdn.net\/sft\/articles\/auto-mapping-folder\/sites\/2\/2023\/05\/Sarah-Snook-actriz-de-Shic-en-Succession-1024x683.jpg\" alt=\"\" class=\"wp-image-291353\" srcset=\"https:\/\/articles-img.sftcdn.net\/auto-mapping-folder\/sites\/2\/2023\/05\/Sarah-Snook-actriz-de-Shic-en-Succession-1024x683.jpg 1024w, https:\/\/articles-img.sftcdn.net\/auto-mapping-folder\/sites\/2\/2023\/05\/Sarah-Snook-actriz-de-Shic-en-Succession-300x200.jpg 300w, https:\/\/articles-img.sftcdn.net\/auto-mapping-folder\/sites\/2\/2023\/05\/Sarah-Snook-actriz-de-Shic-en-Succession-768x512.jpg 768w, https:\/\/articles-img.sftcdn.net\/auto-mapping-folder\/sites\/2\/2023\/05\/Sarah-Snook-actriz-de-Shic-en-Succession-18x12.jpg 18w, https:\/\/articles-img.sftcdn.net\/auto-mapping-folder\/sites\/2\/2023\/05\/Sarah-Snook-actriz-de-Shic-en-Succession-150x100.jpg 150w, https:\/\/articles-img.sftcdn.net\/auto-mapping-folder\/sites\/2\/2023\/05\/Sarah-Snook-actriz-de-Shic-en-Succession.jpg 1200w\" sizes=\"auto, (max-width: 1024px) 100vw, 1024px\" \/><\/figure>\n\n\n\n<p class=\"wp-block-paragraph\">Sarah Snook es una actriz australiana conocida por sus interpretaciones en las pel\u00edculas &#8220;Sisters of War&#8221;, &#8220;These Final Hours&#8221;, &#8220;Steve Jobs&#8221; y &#8220;Predestination&#8221;.<\/p>\n\n\n\n<p class=\"wp-block-paragraph\">Nacida en Adelaida el 1 de diciembre de 1987 empez\u00f3 a interesarse por las artes esc\u00e9nicas muy joven. Tras obtener una beca en el Scotch College, asisti\u00f3 al Instituto Nacional de Arte Dram\u00e1tico, donde se licenci\u00f3 en Bellas Artes en la especialidad de interpretaci\u00f3n.<\/p>\n\n\n\n<figure class=\"wp-block-image size-full\"><img loading=\"lazy\" decoding=\"async\" width=\"800\" height=\"450\" src=\"https:\/\/articles-img.sftcdn.net\/sft\/articles\/auto-mapping-folder\/sites\/2\/2023\/05\/Sarah-Snook.jpg\" alt=\"\" class=\"wp-image-291356\" srcset=\"https:\/\/articles-img.sftcdn.net\/auto-mapping-folder\/sites\/2\/2023\/05\/Sarah-Snook.jpg 800w, https:\/\/articles-img.sftcdn.net\/auto-mapping-folder\/sites\/2\/2023\/05\/Sarah-Snook-300x169.jpg 300w, https:\/\/articles-img.sftcdn.net\/auto-mapping-folder\/sites\/2\/2023\/05\/Sarah-Snook-768x433.jpg 768w, https:\/\/articles-img.sftcdn.net\/auto-mapping-folder\/sites\/2\/2023\/05\/Sarah-Snook-664x374.jpg 664w, https:\/\/articles-img.sftcdn.net\/auto-mapping-folder\/sites\/2\/2023\/05\/Sarah-Snook-238x134.jpg 238w, https:\/\/articles-img.sftcdn.net\/auto-mapping-folder\/sites\/2\/2023\/05\/Sarah-Snook-436x246.jpg 436w, https:\/\/articles-img.sftcdn.net\/auto-mapping-folder\/sites\/2\/2023\/05\/Sarah-Snook-370x208.jpg 370w, https:\/\/articles-img.sftcdn.net\/auto-mapping-folder\/sites\/2\/2023\/05\/Sarah-Snook-304x170.jpg 304w, https:\/\/articles-img.sftcdn.net\/auto-mapping-folder\/sites\/2\/2023\/05\/Sarah-Snook-18x10.jpg 18w, https:\/\/articles-img.sftcdn.net\/auto-mapping-folder\/sites\/2\/2023\/05\/Sarah-Snook-150x84.jpg 150w\" sizes=\"auto, (max-width: 800px) 100vw, 800px\" \/><\/figure>\n\n\n\n<p class=\"wp-block-paragraph\">Desde entonces, Snook ha actuado en numerosas pel\u00edculas y programas de televisi\u00f3n en Australia. Tambi\u00e9n ha participado en numerosos proyectos internacionales.<\/p>\n\n\n\n<p class=\"wp-block-paragraph\">Conocida por su impenetrable mirada, se ha convertido en uno de los rostros m\u00e1s populares del cine australiano, junto con Nicole Kidman.<\/p>\n\n\n\n<figure class=\"wp-block-image size-large\"><img loading=\"lazy\" decoding=\"async\" width=\"1024\" height=\"726\" src=\"https:\/\/articles-img.sftcdn.net\/sft\/articles\/auto-mapping-folder\/sites\/2\/2023\/06\/Sarah-Snook-3-1024x726.jpg\" alt=\"\" class=\"wp-image-292587\" srcset=\"https:\/\/articles-img.sftcdn.net\/auto-mapping-folder\/sites\/2\/2023\/06\/Sarah-Snook-3-1024x726.jpg 1024w, https:\/\/articles-img.sftcdn.net\/auto-mapping-folder\/sites\/2\/2023\/06\/Sarah-Snook-3-300x213.jpg 300w, https:\/\/articles-img.sftcdn.net\/auto-mapping-folder\/sites\/2\/2023\/06\/Sarah-Snook-3-768x545.jpg 768w, https:\/\/articles-img.sftcdn.net\/auto-mapping-folder\/sites\/2\/2023\/06\/Sarah-Snook-3-18x12.jpg 18w, https:\/\/articles-img.sftcdn.net\/auto-mapping-folder\/sites\/2\/2023\/06\/Sarah-Snook-3-150x106.jpg 150w, https:\/\/articles-img.sftcdn.net\/auto-mapping-folder\/sites\/2\/2023\/06\/Sarah-Snook-3.jpg 1128w\" sizes=\"auto, (max-width: 1024px) 100vw, 1024px\" \/><\/figure>\n\n\n\n<p class=\"wp-block-paragraph\">En 2016, Sarah Snook hizo una aparici\u00f3n como invitada en el episodio titulado &#8220;Men Against Fire&#8221; de la serie brit\u00e1nica de ciencia ficci\u00f3n &#8216;Black Mirror&#8217;. Ah\u00ed mucha gente se fij\u00f3 por primera vez en ella.<\/p>\n\n\n\n<p class=\"wp-block-paragraph\">Por el momento, la talentosa actriz ha recibido numerosos galardones, entre ellos el premio AACTA a la mejor actriz por su papel en &#8220;Predestination&#8221;. Snook es una mujer polifac\u00e9tica. Adem\u00e1s de actuar, le apasiona la fotograf\u00eda.<\/p>\n\n\n\n<h2 class=\"wp-block-heading\">Jeremy Strong (Kendall Roy)<\/h2>\n\n\n\n<figure class=\"wp-block-image size-large\"><img loading=\"lazy\" decoding=\"async\" width=\"1024\" height=\"664\" src=\"https:\/\/articles-img.sftcdn.net\/sft\/articles\/auto-mapping-folder\/sites\/2\/2023\/05\/Jeremy-Strong-1024x664.jpg\" alt=\"\" class=\"wp-image-291357\" srcset=\"https:\/\/articles-img.sftcdn.net\/auto-mapping-folder\/sites\/2\/2023\/05\/Jeremy-Strong-1024x664.jpg 1024w, https:\/\/articles-img.sftcdn.net\/auto-mapping-folder\/sites\/2\/2023\/05\/Jeremy-Strong-300x195.jpg 300w, https:\/\/articles-img.sftcdn.net\/auto-mapping-folder\/sites\/2\/2023\/05\/Jeremy-Strong-768x498.jpg 768w, https:\/\/articles-img.sftcdn.net\/auto-mapping-folder\/sites\/2\/2023\/05\/Jeremy-Strong-18x12.jpg 18w, https:\/\/articles-img.sftcdn.net\/auto-mapping-folder\/sites\/2\/2023\/05\/Jeremy-Strong-150x97.jpg 150w, https:\/\/articles-img.sftcdn.net\/auto-mapping-folder\/sites\/2\/2023\/05\/Jeremy-Strong.jpg 1200w\" sizes=\"auto, (max-width: 1024px) 100vw, 1024px\" \/><\/figure>\n\n\n\n<p class=\"wp-block-paragraph\">Jeremy Strong, nacido el 25 de diciembre de 1978, es un actor estadounidense conocido por su papel de Kendall Roy en la serie de televisi\u00f3n de HBO Succession, pero no es su primera aparici\u00f3n en la peque\u00f1a y gran pantalla.<\/p>\n\n\n\n<p class=\"wp-block-paragraph\">Strong comenz\u00f3 su carrera como actor en la Yale School of Drama. Tras estudiar brevemente en la Royal Academy of Dramatic Arts de Londres y en la Steppenwolf Theatre Company de Chicago, actu\u00f3 en varias obras del Festival de Teatro de Williamstown.<\/p>\n\n\n\n<figure class=\"wp-block-image size-large\"><img loading=\"lazy\" decoding=\"async\" width=\"1024\" height=\"576\" src=\"https:\/\/articles-img.sftcdn.net\/sft\/articles\/auto-mapping-folder\/sites\/2\/2023\/05\/Jeremy-Strong-como-actor-1024x576.jpg\" alt=\"\" class=\"wp-image-291358\" srcset=\"https:\/\/articles-img.sftcdn.net\/auto-mapping-folder\/sites\/2\/2023\/05\/Jeremy-Strong-como-actor-1024x576.jpg 1024w, https:\/\/articles-img.sftcdn.net\/auto-mapping-folder\/sites\/2\/2023\/05\/Jeremy-Strong-como-actor-300x169.jpg 300w, https:\/\/articles-img.sftcdn.net\/auto-mapping-folder\/sites\/2\/2023\/05\/Jeremy-Strong-como-actor-768x433.jpg 768w, https:\/\/articles-img.sftcdn.net\/auto-mapping-folder\/sites\/2\/2023\/05\/Jeremy-Strong-como-actor-800x450.jpg 800w, https:\/\/articles-img.sftcdn.net\/auto-mapping-folder\/sites\/2\/2023\/05\/Jeremy-Strong-como-actor-664x374.jpg 664w, https:\/\/articles-img.sftcdn.net\/auto-mapping-folder\/sites\/2\/2023\/05\/Jeremy-Strong-como-actor-238x134.jpg 238w, https:\/\/articles-img.sftcdn.net\/auto-mapping-folder\/sites\/2\/2023\/05\/Jeremy-Strong-como-actor-436x246.jpg 436w, https:\/\/articles-img.sftcdn.net\/auto-mapping-folder\/sites\/2\/2023\/05\/Jeremy-Strong-como-actor-370x208.jpg 370w, https:\/\/articles-img.sftcdn.net\/auto-mapping-folder\/sites\/2\/2023\/05\/Jeremy-Strong-como-actor-304x170.jpg 304w, https:\/\/articles-img.sftcdn.net\/auto-mapping-folder\/sites\/2\/2023\/05\/Jeremy-Strong-como-actor-18x10.jpg 18w, https:\/\/articles-img.sftcdn.net\/auto-mapping-folder\/sites\/2\/2023\/05\/Jeremy-Strong-como-actor-150x84.jpg 150w, https:\/\/articles-img.sftcdn.net\/auto-mapping-folder\/sites\/2\/2023\/05\/Jeremy-Strong-como-actor.jpg 1200w\" sizes=\"auto, (max-width: 1024px) 100vw, 1024px\" \/><\/figure>\n\n\n\n<p class=\"wp-block-paragraph\">Su primera actuaci\u00f3n fuera de Broadway fue en Defiance, de John Patrick Shanley, en 2006. Debut\u00f3 en Broadway interpretando a Richard Rich, 1er Bar\u00f3n Rich, en la reposici\u00f3n de 2008 de A Man for All Seasons. Ese mismo a\u00f1o debut\u00f3 en el cine con Humboldt County.<\/p>\n\n\n\n<p class=\"wp-block-paragraph\">Desde entonces, Strong ha aparecido en varias pel\u00edculas aclamadas en las que interpreta a personajes de la vida real, como John George Nicolay en Lincoln (2012), de Steven Spielberg; Lee Harvey Oswald en Parkland (2013), de Peter Landesman; James Reeb en Selma (2014), de Ava DuVernay, y Jerry Rubin en El juicio de los 7 de Chicago (2020), de Aaron Sorkin.<\/p>\n\n\n\n<p class=\"wp-block-paragraph\">Como curiosidad, la prensa americana intent\u00f3 liar al actor con Anne Hathaway por llevarse muy bien y tener fotos juntos, pero luego aclararon que solo son buenos amigos tras protagonizar juntos la pel\u00edcula Armagedoon Time, donde hac\u00edan de marido y mujer.<\/p>\n\n\n\n<figure class=\"wp-block-image size-large\"><img loading=\"lazy\" decoding=\"async\" width=\"1024\" height=\"683\" src=\"https:\/\/articles-img.sftcdn.net\/sft\/articles\/auto-mapping-folder\/sites\/2\/2023\/06\/Jeremy-Strong-2-1024x683.jpg\" alt=\"\" class=\"wp-image-292588\" srcset=\"https:\/\/articles-img.sftcdn.net\/auto-mapping-folder\/sites\/2\/2023\/06\/Jeremy-Strong-2-1024x683.jpg 1024w, https:\/\/articles-img.sftcdn.net\/auto-mapping-folder\/sites\/2\/2023\/06\/Jeremy-Strong-2-300x200.jpg 300w, https:\/\/articles-img.sftcdn.net\/auto-mapping-folder\/sites\/2\/2023\/06\/Jeremy-Strong-2-768x512.jpg 768w, https:\/\/articles-img.sftcdn.net\/auto-mapping-folder\/sites\/2\/2023\/06\/Jeremy-Strong-2-18x12.jpg 18w, https:\/\/articles-img.sftcdn.net\/auto-mapping-folder\/sites\/2\/2023\/06\/Jeremy-Strong-2-150x100.jpg 150w, https:\/\/articles-img.sftcdn.net\/auto-mapping-folder\/sites\/2\/2023\/06\/Jeremy-Strong-2.jpg 1200w\" sizes=\"auto, (max-width: 1024px) 100vw, 1024px\" \/><\/figure>\n\n\n\n<p class=\"wp-block-paragraph\">Jeremy Strong, que gan\u00f3 un Emmy por su interpretaci\u00f3n de Kendall, ha generado mucha atenci\u00f3n por su intensa interpretaci\u00f3n del m\u00e9todo y sus esfuerzos por sumergirse por completo en el papel. Ah\u00ed es donde Brian Cox dijo estas sinceras palabras: &#8220;Es jodidamente molesto. No me hagas hablar de ello&#8221;.<\/p>\n\n\n\n<p class=\"wp-block-paragraph\">Brian Cox ha aclarado que cree que Strong es un actor con talento, pero &#8220;tambi\u00e9n es agotador para el resto de nosotros de vez en cuando. Pero lo sobrellevamos porque le queremos&#8221;. Por su parte, Strong no se siente ofendido por las palabras de Cox, diciendo que se ha ganado el derecho a decir &#8220;lo que le salga de los cojones&#8221;.<\/p>\n\n\n\n<h2 class=\"wp-block-heading\">Alan Ruck (Connor Roy)<\/h2>\n\n\n\n<figure class=\"wp-block-image size-large\"><img loading=\"lazy\" decoding=\"async\" width=\"1024\" height=\"683\" src=\"https:\/\/articles-img.sftcdn.net\/sft\/articles\/auto-mapping-folder\/sites\/2\/2023\/05\/Alan-Ruck-Connor-Roy-1024x683.jpg\" alt=\"\" class=\"wp-image-291360\" srcset=\"https:\/\/articles-img.sftcdn.net\/auto-mapping-folder\/sites\/2\/2023\/05\/Alan-Ruck-Connor-Roy-1024x683.jpg 1024w, https:\/\/articles-img.sftcdn.net\/auto-mapping-folder\/sites\/2\/2023\/05\/Alan-Ruck-Connor-Roy-300x200.jpg 300w, https:\/\/articles-img.sftcdn.net\/auto-mapping-folder\/sites\/2\/2023\/05\/Alan-Ruck-Connor-Roy-768x512.jpg 768w, https:\/\/articles-img.sftcdn.net\/auto-mapping-folder\/sites\/2\/2023\/05\/Alan-Ruck-Connor-Roy-18x12.jpg 18w, https:\/\/articles-img.sftcdn.net\/auto-mapping-folder\/sites\/2\/2023\/05\/Alan-Ruck-Connor-Roy-150x100.jpg 150w, https:\/\/articles-img.sftcdn.net\/auto-mapping-folder\/sites\/2\/2023\/05\/Alan-Ruck-Connor-Roy.jpg 1200w\" sizes=\"auto, (max-width: 1024px) 100vw, 1024px\" \/><\/figure>\n\n\n\n<p class=\"wp-block-paragraph\">El hermano mayor de los Roy es, realmente, mucho mayor que sus hermanos Kendall, Roman y Shiv. Por eso la vida e historia de esta actor de 66 a\u00f1os es de las que tiene para llenar un par de libros.<\/p>\n\n\n\n<p class=\"wp-block-paragraph\">Alan Ruck es un actor estadounidense conocido sobre todo por su interpretaci\u00f3n del mejor amigo de Ferris Buller, Cameron Frye. Si no sabes de lo que hablamos, sigue leyendo que eres muy joven.<\/p>\n\n\n\n<figure class=\"wp-block-image size-large\"><img loading=\"lazy\" decoding=\"async\" width=\"1024\" height=\"768\" src=\"https:\/\/articles-img.sftcdn.net\/sft\/articles\/auto-mapping-folder\/sites\/2\/2023\/06\/Alan-Ruck-2-1024x768.jpg\" alt=\"\" class=\"wp-image-292589\" srcset=\"https:\/\/articles-img.sftcdn.net\/auto-mapping-folder\/sites\/2\/2023\/06\/Alan-Ruck-2-1024x768.jpg 1024w, https:\/\/articles-img.sftcdn.net\/auto-mapping-folder\/sites\/2\/2023\/06\/Alan-Ruck-2-300x225.jpg 300w, https:\/\/articles-img.sftcdn.net\/auto-mapping-folder\/sites\/2\/2023\/06\/Alan-Ruck-2-768x576.jpg 768w, https:\/\/articles-img.sftcdn.net\/auto-mapping-folder\/sites\/2\/2023\/06\/Alan-Ruck-2-1536x1152.jpg 1536w, https:\/\/articles-img.sftcdn.net\/auto-mapping-folder\/sites\/2\/2023\/06\/Alan-Ruck-2-16x12.jpg 16w, https:\/\/articles-img.sftcdn.net\/auto-mapping-folder\/sites\/2\/2023\/06\/Alan-Ruck-2-1200x900.jpg 1200w, https:\/\/articles-img.sftcdn.net\/auto-mapping-folder\/sites\/2\/2023\/06\/Alan-Ruck-2-150x112.jpg 150w, https:\/\/articles-img.sftcdn.net\/auto-mapping-folder\/sites\/2\/2023\/06\/Alan-Ruck-2.jpg 1890w\" sizes=\"auto, (max-width: 1024px) 100vw, 1024px\" \/><\/figure>\n\n\n\n<p class=\"wp-block-paragraph\">Alan naci\u00f3 en Cleveland (Ohio) en 1956, donde se gradu\u00f3 en el instituto y estudi\u00f3 en la Universidad de Illinois, donde se licenci\u00f3 en Arte Dram\u00e1tico en 1979.<\/p>\n\n\n\n<p class=\"wp-block-paragraph\">En 1983, Alan debut\u00f3 en la gran pantalla en la pel\u00edcula Bad Boys (1983) junto a Sean Penn.<\/p>\n\n\n\n<p class=\"wp-block-paragraph\">No fue hasta 1986 cuando Alan ayud\u00f3 a crear uno de los personajes m\u00e1s ic\u00f3nicos del cine. Impuls\u00f3 su carrera al estrellato con su trabajo en la pel\u00edcula Todo en un d\u00eda (1986), interpretando a Cameron Frye, el mejor amigo de Ferris (Matthew Broderick).<\/p>\n\n\n\n<figure class=\"wp-block-image size-large\"><img loading=\"lazy\" decoding=\"async\" width=\"1024\" height=\"576\" src=\"https:\/\/articles-img.sftcdn.net\/sft\/articles\/auto-mapping-folder\/sites\/2\/2023\/05\/Pelicula-con-la-que-salto-a-la-fama-Alan-Ruck-1024x576.jpg\" alt=\"\" class=\"wp-image-291361\" srcset=\"https:\/\/articles-img.sftcdn.net\/auto-mapping-folder\/sites\/2\/2023\/05\/Pelicula-con-la-que-salto-a-la-fama-Alan-Ruck-1024x576.jpg 1024w, https:\/\/articles-img.sftcdn.net\/auto-mapping-folder\/sites\/2\/2023\/05\/Pelicula-con-la-que-salto-a-la-fama-Alan-Ruck-300x169.jpg 300w, https:\/\/articles-img.sftcdn.net\/auto-mapping-folder\/sites\/2\/2023\/05\/Pelicula-con-la-que-salto-a-la-fama-Alan-Ruck-768x433.jpg 768w, https:\/\/articles-img.sftcdn.net\/auto-mapping-folder\/sites\/2\/2023\/05\/Pelicula-con-la-que-salto-a-la-fama-Alan-Ruck-800x450.jpg 800w, https:\/\/articles-img.sftcdn.net\/auto-mapping-folder\/sites\/2\/2023\/05\/Pelicula-con-la-que-salto-a-la-fama-Alan-Ruck-664x374.jpg 664w, https:\/\/articles-img.sftcdn.net\/auto-mapping-folder\/sites\/2\/2023\/05\/Pelicula-con-la-que-salto-a-la-fama-Alan-Ruck-238x134.jpg 238w, https:\/\/articles-img.sftcdn.net\/auto-mapping-folder\/sites\/2\/2023\/05\/Pelicula-con-la-que-salto-a-la-fama-Alan-Ruck-436x246.jpg 436w, https:\/\/articles-img.sftcdn.net\/auto-mapping-folder\/sites\/2\/2023\/05\/Pelicula-con-la-que-salto-a-la-fama-Alan-Ruck-370x208.jpg 370w, https:\/\/articles-img.sftcdn.net\/auto-mapping-folder\/sites\/2\/2023\/05\/Pelicula-con-la-que-salto-a-la-fama-Alan-Ruck-304x170.jpg 304w, https:\/\/articles-img.sftcdn.net\/auto-mapping-folder\/sites\/2\/2023\/05\/Pelicula-con-la-que-salto-a-la-fama-Alan-Ruck-18x10.jpg 18w, https:\/\/articles-img.sftcdn.net\/auto-mapping-folder\/sites\/2\/2023\/05\/Pelicula-con-la-que-salto-a-la-fama-Alan-Ruck-150x84.jpg 150w, https:\/\/articles-img.sftcdn.net\/auto-mapping-folder\/sites\/2\/2023\/05\/Pelicula-con-la-que-salto-a-la-fama-Alan-Ruck.jpg 1200w\" sizes=\"auto, (max-width: 1024px) 100vw, 1024px\" \/><\/figure>\n\n\n\n<p class=\"wp-block-paragraph\">Frye se convirti\u00f3 r\u00e1pidamente en uno de los favoritos de los fans, y se le considera uno de los mejores personajes de toda la pel\u00edcula. Gracias a su talento y a su trabajo como Cameron Frye, Alan disfrutar\u00eda de una larga carrera tanto en el cine como en la televisi\u00f3n durante a\u00f1os.<\/p>\n\n\n\n<p class=\"wp-block-paragraph\">En los a\u00f1os 90, Alan abandon\u00f3 la comedia y demostr\u00f3 su versatilidad como actor, apareciendo en pel\u00edculas como Speed (1994) junto a Keaunu Reeves, Star Trek: Generations (1994) y Twister.<\/p>\n\n\n\n<figure class=\"wp-block-image size-full\"><img loading=\"lazy\" decoding=\"async\" width=\"743\" height=\"454\" src=\"https:\/\/articles-img.sftcdn.net\/sft\/articles\/auto-mapping-folder\/sites\/2\/2023\/06\/Alan-Ruck-3.jpg\" alt=\"\" class=\"wp-image-292590\" srcset=\"https:\/\/articles-img.sftcdn.net\/auto-mapping-folder\/sites\/2\/2023\/06\/Alan-Ruck-3.jpg 743w, https:\/\/articles-img.sftcdn.net\/auto-mapping-folder\/sites\/2\/2023\/06\/Alan-Ruck-3-300x183.jpg 300w, https:\/\/articles-img.sftcdn.net\/auto-mapping-folder\/sites\/2\/2023\/06\/Alan-Ruck-3-18x12.jpg 18w, https:\/\/articles-img.sftcdn.net\/auto-mapping-folder\/sites\/2\/2023\/06\/Alan-Ruck-3-150x92.jpg 150w\" sizes=\"auto, (max-width: 743px) 100vw, 743px\" \/><\/figure>\n\n\n\n<p class=\"wp-block-paragraph\">Alan tambi\u00e9n ha tenido \u00e9xito en la televisi\u00f3n, donde sus cr\u00e9ditos incluyen programas como Spin City (1996-2002) junto a Michael J. Fox y m\u00e1s tarde Charlie Sheen. M\u00e1s recientemente, ha trabajado en la serie El exorcista (2016) para Fox.<\/p>\n\n\n\n<p class=\"wp-block-paragraph\">Alan apareci\u00f3 en el episodio 27 de la primera temporada de The Loud House (2016), lo que le vali\u00f3 una nominaci\u00f3n al premio Behind the Voice Actors a la mejor interpretaci\u00f3n vocal masculina en una serie de televisi\u00f3n en un papel de invitado.<\/p>\n\n\n\n<h2 class=\"wp-block-heading\">Nicholas Braun (Greg)<\/h2>\n\n\n\n<figure class=\"wp-block-image size-large\"><img loading=\"lazy\" decoding=\"async\" width=\"1024\" height=\"683\" src=\"https:\/\/articles-img.sftcdn.net\/sft\/articles\/auto-mapping-folder\/sites\/2\/2023\/05\/Nicholas-Braun-Greg-1024x683.jpg\" alt=\"\" class=\"wp-image-291364\" srcset=\"https:\/\/articles-img.sftcdn.net\/auto-mapping-folder\/sites\/2\/2023\/05\/Nicholas-Braun-Greg-1024x683.jpg 1024w, https:\/\/articles-img.sftcdn.net\/auto-mapping-folder\/sites\/2\/2023\/05\/Nicholas-Braun-Greg-300x200.jpg 300w, https:\/\/articles-img.sftcdn.net\/auto-mapping-folder\/sites\/2\/2023\/05\/Nicholas-Braun-Greg-768x512.jpg 768w, https:\/\/articles-img.sftcdn.net\/auto-mapping-folder\/sites\/2\/2023\/05\/Nicholas-Braun-Greg-18x12.jpg 18w, https:\/\/articles-img.sftcdn.net\/auto-mapping-folder\/sites\/2\/2023\/05\/Nicholas-Braun-Greg-150x100.jpg 150w, https:\/\/articles-img.sftcdn.net\/auto-mapping-folder\/sites\/2\/2023\/05\/Nicholas-Braun-Greg.jpg 1200w\" sizes=\"auto, (max-width: 1024px) 100vw, 1024px\" \/><\/figure>\n\n\n\n<p class=\"wp-block-paragraph\">Este actor es de los menos conocidos de toda la serie, ya que su explosi\u00f3n como interprete ha llegado gracias a Succession, a diferencia del resto de actores y actrices, que s\u00ed eran famosos de antes.<\/p>\n\n\n\n<p class=\"wp-block-paragraph\">Nicholas Joseph Braun, nacido el 1 de mayo de 1988, es un actor estadounidense. Se interes\u00f3 por la interpretaci\u00f3n desde muy joven y empez\u00f3 a actuar en papeles menores en pel\u00edculas y programas de televisi\u00f3n.<\/p>\n\n\n\n<p class=\"wp-block-paragraph\">Empez\u00f3 con Sky High, estrenada en 2005. Pero es conocido por su papel en la serie de HBO Succession, por la que recibi\u00f3 una nominaci\u00f3n al Primetime Emmy Award al Actor de Reparto Sobresaliente en una Serie Dram\u00e1tica en 2020.<\/p>\n\n\n\n<figure class=\"wp-block-image size-large\"><img loading=\"lazy\" decoding=\"async\" width=\"1024\" height=\"683\" src=\"https:\/\/articles-img.sftcdn.net\/sft\/articles\/auto-mapping-folder\/sites\/2\/2023\/05\/Nicholas-Braun-Greg-1-1024x683.jpg\" alt=\"\" class=\"wp-image-291365\" srcset=\"https:\/\/articles-img.sftcdn.net\/auto-mapping-folder\/sites\/2\/2023\/05\/Nicholas-Braun-Greg-1-1024x683.jpg 1024w, https:\/\/articles-img.sftcdn.net\/auto-mapping-folder\/sites\/2\/2023\/05\/Nicholas-Braun-Greg-1-300x200.jpg 300w, https:\/\/articles-img.sftcdn.net\/auto-mapping-folder\/sites\/2\/2023\/05\/Nicholas-Braun-Greg-1-768x512.jpg 768w, https:\/\/articles-img.sftcdn.net\/auto-mapping-folder\/sites\/2\/2023\/05\/Nicholas-Braun-Greg-1-18x12.jpg 18w, https:\/\/articles-img.sftcdn.net\/auto-mapping-folder\/sites\/2\/2023\/05\/Nicholas-Braun-Greg-1-150x100.jpg 150w, https:\/\/articles-img.sftcdn.net\/auto-mapping-folder\/sites\/2\/2023\/05\/Nicholas-Braun-Greg-1.jpg 1200w\" sizes=\"auto, (max-width: 1024px) 100vw, 1024px\" \/><\/figure>\n\n\n\n<p class=\"wp-block-paragraph\">Tambi\u00e9n ha aparecido en varias pel\u00edculas, como Sky High (2005), Princess Protection Program (2009), Red State (2011), Prom (2011), The Perks of Being a Wallflower (2012), Date and Switch (2014), How to Be Single (2016) y Zola (2021).<\/p>\n\n\n\n<p class=\"wp-block-paragraph\">Este actor tiene toda la vida por delante y su \u00e9xito en Succession seguro que le permite alcanzar cotas mucho m\u00e1s altas, con papeles protagonista y en grandes pel\u00edculas. Sin duda, la gran sorpresa de la serie.<\/p>\n\n\n\n<h2 class=\"wp-block-heading\">Matthew Macfadyen (Tom Wambsgans)<\/h2>\n\n\n\n<figure class=\"wp-block-image size-large\"><img loading=\"lazy\" decoding=\"async\" width=\"1024\" height=\"577\" src=\"https:\/\/articles-img.sftcdn.net\/sft\/articles\/auto-mapping-folder\/sites\/2\/2023\/05\/Matthew-Macfadyen-Tom-Wambsgans-1024x577.jpg\" alt=\"\" class=\"wp-image-291366\" srcset=\"https:\/\/articles-img.sftcdn.net\/auto-mapping-folder\/sites\/2\/2023\/05\/Matthew-Macfadyen-Tom-Wambsgans-1024x577.jpg 1024w, https:\/\/articles-img.sftcdn.net\/auto-mapping-folder\/sites\/2\/2023\/05\/Matthew-Macfadyen-Tom-Wambsgans-300x169.jpg 300w, https:\/\/articles-img.sftcdn.net\/auto-mapping-folder\/sites\/2\/2023\/05\/Matthew-Macfadyen-Tom-Wambsgans-768x433.jpg 768w, https:\/\/articles-img.sftcdn.net\/auto-mapping-folder\/sites\/2\/2023\/05\/Matthew-Macfadyen-Tom-Wambsgans-800x450.jpg 800w, https:\/\/articles-img.sftcdn.net\/auto-mapping-folder\/sites\/2\/2023\/05\/Matthew-Macfadyen-Tom-Wambsgans-664x374.jpg 664w, https:\/\/articles-img.sftcdn.net\/auto-mapping-folder\/sites\/2\/2023\/05\/Matthew-Macfadyen-Tom-Wambsgans-238x134.jpg 238w, https:\/\/articles-img.sftcdn.net\/auto-mapping-folder\/sites\/2\/2023\/05\/Matthew-Macfadyen-Tom-Wambsgans-436x246.jpg 436w, https:\/\/articles-img.sftcdn.net\/auto-mapping-folder\/sites\/2\/2023\/05\/Matthew-Macfadyen-Tom-Wambsgans-370x208.jpg 370w, https:\/\/articles-img.sftcdn.net\/auto-mapping-folder\/sites\/2\/2023\/05\/Matthew-Macfadyen-Tom-Wambsgans-304x170.jpg 304w, https:\/\/articles-img.sftcdn.net\/auto-mapping-folder\/sites\/2\/2023\/05\/Matthew-Macfadyen-Tom-Wambsgans-18x10.jpg 18w, https:\/\/articles-img.sftcdn.net\/auto-mapping-folder\/sites\/2\/2023\/05\/Matthew-Macfadyen-Tom-Wambsgans-1200x676.jpg 1200w, https:\/\/articles-img.sftcdn.net\/auto-mapping-folder\/sites\/2\/2023\/05\/Matthew-Macfadyen-Tom-Wambsgans-150x84.jpg 150w, https:\/\/articles-img.sftcdn.net\/auto-mapping-folder\/sites\/2\/2023\/05\/Matthew-Macfadyen-Tom-Wambsgans.jpg 1296w\" sizes=\"auto, (max-width: 1024px) 100vw, 1024px\" \/><\/figure>\n\n\n\n<p class=\"wp-block-paragraph\">El marido de Shiv, el gran personaje que no es familia de sangre de Logan Roy. El agregado, como muchos lo llaman. La historia en Succession de Tom Wambsgans es tremenda y su actuaci\u00f3n una delicia. Este actor te suena de algo.<\/p>\n\n\n\n<p class=\"wp-block-paragraph\"><strong>David Matthew Macfadyen naci\u00f3 el 17 de octubre de 1974 en Norfolk, Inglaterra<\/strong>. Debido a la ocupaci\u00f3n de su padre, Matthew Macfadyen y su familia viajaban con frecuencia, por lo que creci\u00f3 en lugares como Inglaterra, Escocia e Indonesia.<\/p>\n\n\n\n<figure class=\"wp-block-image size-large\"><img loading=\"lazy\" decoding=\"async\" width=\"1024\" height=\"510\" src=\"https:\/\/articles-img.sftcdn.net\/sft\/articles\/auto-mapping-folder\/sites\/2\/2023\/06\/Toms-1024x510.jpg\" alt=\"\" class=\"wp-image-292591\" srcset=\"https:\/\/articles-img.sftcdn.net\/auto-mapping-folder\/sites\/2\/2023\/06\/Toms-1024x510.jpg 1024w, https:\/\/articles-img.sftcdn.net\/auto-mapping-folder\/sites\/2\/2023\/06\/Toms-300x150.jpg 300w, https:\/\/articles-img.sftcdn.net\/auto-mapping-folder\/sites\/2\/2023\/06\/Toms-768x383.jpg 768w, https:\/\/articles-img.sftcdn.net\/auto-mapping-folder\/sites\/2\/2023\/06\/Toms-18x9.jpg 18w, https:\/\/articles-img.sftcdn.net\/auto-mapping-folder\/sites\/2\/2023\/06\/Toms-150x75.jpg 150w, https:\/\/articles-img.sftcdn.net\/auto-mapping-folder\/sites\/2\/2023\/06\/Toms.jpg 1200w\" sizes=\"auto, (max-width: 1024px) 100vw, 1024px\" \/><\/figure>\n\n\n\n<p class=\"wp-block-paragraph\">Fue a la &#8220;Oakham School&#8221; de Rutland, entre otras muchas escuelas. A los 17 a\u00f1os ingres\u00f3 en la Royal Academy of Dramatic Art (RADA) de Londres.<\/p>\n\n\n\n<p class=\"wp-block-paragraph\">En 1995 se gradu\u00f3 en y empez\u00f3 a trabajar con la compa\u00f1\u00eda internacional de teatro Cheek by Jowl. En 1996 colabor\u00f3 con la &#8220;Royal Shakespeare Company&#8221; (RSC) e interpret\u00f3 un papel importante en la obra de William Shakespeare &#8220;El sue\u00f1o de una noche de verano&#8221;. Macfadyen se consolid\u00f3 como actor de teatro de \u00e9xito antes de debutar en la televisi\u00f3n en 1998.<\/p>\n\n\n\n<p class=\"wp-block-paragraph\">Tras debutar en televisi\u00f3n en 1998 en el telefilme de la cadena ITV &#8220;Cumbres borrascosas&#8221;, Macfadyen apareci\u00f3 en miniseries televisivas como &#8220;Murder Rooms: Los oscuros comienzos de Sherlock Holmes&#8221;, &#8220;Perfectos desconocidos&#8221; y &#8220;C\u00f3mo vivimos ahora&#8221;.<\/p>\n\n\n\n<figure class=\"wp-block-image size-large\"><img decoding=\"async\" src=\"https:\/\/articles-img.sftcdn.net\/sft\/articles\/auto-mapping-folder\/sites\/2\/2023\/05\/Actor-de-Succession-Tom-Wambsgans-1024x666.jpg\" alt=\"\" class=\"wp-image-291367\" \/><\/figure>\n\n\n\n<p class=\"wp-block-paragraph\">Su gran salto a la fama se produjo cuando fue elegido para interpretar a Tom Quinn en la serie dram\u00e1tica de la televisi\u00f3n brit\u00e1nica &#8220;Spooks&#8221;.<\/p>\n\n\n\n<p class=\"wp-block-paragraph\">Debut\u00f3 en el cine en 2000 con el papel de Nigel en la comedia brit\u00e1nica &#8220;Maybe Baby&#8221;. En 2005, interpret\u00f3 a Fitzwilliam Darcy en la pel\u00edcula rom\u00e1ntica &#8220;Orgullo y prejuicio&#8221;, dirigida por Joe Wright, por la que fue nominado al premio del C\u00edrculo de Cr\u00edticos de Cine de Londres al &#8220;Mejor actor revelaci\u00f3n brit\u00e1nico del a\u00f1o&#8221;.<\/p>\n\n\n\n<figure class=\"wp-block-image size-large\"><img loading=\"lazy\" decoding=\"async\" width=\"1024\" height=\"768\" src=\"https:\/\/articles-img.sftcdn.net\/sft\/articles\/auto-mapping-folder\/sites\/2\/2023\/06\/Matthew-Macfadyen-2-1024x768.jpg\" alt=\"\" class=\"wp-image-292592\" srcset=\"https:\/\/articles-img.sftcdn.net\/auto-mapping-folder\/sites\/2\/2023\/06\/Matthew-Macfadyen-2-1024x768.jpg 1024w, https:\/\/articles-img.sftcdn.net\/auto-mapping-folder\/sites\/2\/2023\/06\/Matthew-Macfadyen-2-300x225.jpg 300w, https:\/\/articles-img.sftcdn.net\/auto-mapping-folder\/sites\/2\/2023\/06\/Matthew-Macfadyen-2-768x576.jpg 768w, https:\/\/articles-img.sftcdn.net\/auto-mapping-folder\/sites\/2\/2023\/06\/Matthew-Macfadyen-2-16x12.jpg 16w, https:\/\/articles-img.sftcdn.net\/auto-mapping-folder\/sites\/2\/2023\/06\/Matthew-Macfadyen-2-150x112.jpg 150w, https:\/\/articles-img.sftcdn.net\/auto-mapping-folder\/sites\/2\/2023\/06\/Matthew-Macfadyen-2.jpg 1067w\" sizes=\"auto, (max-width: 1024px) 100vw, 1024px\" \/><\/figure>\n\n\n\n<p class=\"wp-block-paragraph\">Regres\u00f3 al teatro en 2005, cuando interpret\u00f3 al pr\u00edncipe Hal en la obra de William Shakespeare Enrique IV para el Royal National Theatre.<\/p>\n\n\n\n<p class=\"wp-block-paragraph\">En 2007 apareci\u00f3 en pel\u00edculas como Grindhouse y Muerte en un funeral. En 2008 particip\u00f3 en tres series de televisi\u00f3n: &#8220;Ashes to Ashes&#8221;, &#8220;Little Dorrit&#8221; y &#8220;Agatha Christie&#8217;s Marple a Pocket Full of Rye&#8221;.<\/p>\n\n\n\n<p class=\"wp-block-paragraph\">En 2009 fue elegido para interpretar a Joe Miller en la popular serie de televisi\u00f3n &#8220;Criminal Justice II&#8221;. Al a\u00f1o siguiente, gan\u00f3 el &#8220;BAFTA TV Award&#8221; al &#8220;Mejor actor de reparto&#8221; por su trabajo.<\/p>\n\n\n\n<p class=\"wp-block-paragraph\">En 2010, interpret\u00f3 al sheriff de Nottingham en la \u00e9pica pel\u00edcula hist\u00f3rica &#8220;Robin Hood&#8221;. Ese mismo a\u00f1o particip\u00f3 en un par de miniseries de televisi\u00f3n tituladas &#8220;Los pilares de la tierra&#8221; y &#8220;Cualquier coraz\u00f3n humano&#8221;.<\/p>\n\n\n\n<figure class=\"wp-block-image size-full\"><img loading=\"lazy\" decoding=\"async\" width=\"950\" height=\"631\" src=\"https:\/\/articles-img.sftcdn.net\/sft\/articles\/auto-mapping-folder\/sites\/2\/2023\/05\/Matthew-Macfadyen-Robbbin-Hood.jpg\" alt=\"\" class=\"wp-image-291368\" srcset=\"https:\/\/articles-img.sftcdn.net\/auto-mapping-folder\/sites\/2\/2023\/05\/Matthew-Macfadyen-Robbbin-Hood.jpg 950w, https:\/\/articles-img.sftcdn.net\/auto-mapping-folder\/sites\/2\/2023\/05\/Matthew-Macfadyen-Robbbin-Hood-300x199.jpg 300w, https:\/\/articles-img.sftcdn.net\/auto-mapping-folder\/sites\/2\/2023\/05\/Matthew-Macfadyen-Robbbin-Hood-768x510.jpg 768w, https:\/\/articles-img.sftcdn.net\/auto-mapping-folder\/sites\/2\/2023\/05\/Matthew-Macfadyen-Robbbin-Hood-18x12.jpg 18w, https:\/\/articles-img.sftcdn.net\/auto-mapping-folder\/sites\/2\/2023\/05\/Matthew-Macfadyen-Robbbin-Hood-150x100.jpg 150w\" sizes=\"auto, (max-width: 950px) 100vw, 950px\" \/><\/figure>\n\n\n\n<p class=\"wp-block-paragraph\">Seis a\u00f1os despu\u00e9s se le vio en un par de series de televisi\u00f3n, como &#8216;The Enfield Haunting&#8217; y &#8216;The Last Kingdom&#8217;. En 2016, interpret\u00f3 al hijo de Winston Churchill, Randolph Churchill, en el telefilme dram\u00e1tico brit\u00e1nico &#8220;El secreto de Churchill&#8221;.<\/p>\n\n\n\n<p class=\"wp-block-paragraph\">En 2017, fue elegido para interpretar al financiero y banquero estadounidense de renombre mundial J.P. Morgan en la pel\u00edcula de drama hist\u00f3rico \u00e9pico estadounidense &#8220;The Current War&#8221;.<\/p>\n\n\n\n<p class=\"wp-block-paragraph\">Pero, si por algo destaca la carrera de Matthew Macfadyen, es por su papel actual en Succession, donde hace de marido de Shiv Roy. Desde Orgullo y Prejuicio no ten\u00eda un papel de tanto renombre y fama mundial.<\/p>\n\n\n\n<h2 class=\"wp-block-heading\">Alexander Skarsg\u00e5rd (Lukas Matsson)<\/h2>\n\n\n\n<figure class=\"wp-block-image size-large\"><img loading=\"lazy\" decoding=\"async\" width=\"1024\" height=\"683\" src=\"https:\/\/articles-img.sftcdn.net\/sft\/articles\/auto-mapping-folder\/sites\/2\/2023\/05\/Alexander-Skarsgard-Mattson-1024x683.jpg\" alt=\"\" class=\"wp-image-291369\" srcset=\"https:\/\/articles-img.sftcdn.net\/auto-mapping-folder\/sites\/2\/2023\/05\/Alexander-Skarsgard-Mattson-1024x683.jpg 1024w, https:\/\/articles-img.sftcdn.net\/auto-mapping-folder\/sites\/2\/2023\/05\/Alexander-Skarsgard-Mattson-300x200.jpg 300w, https:\/\/articles-img.sftcdn.net\/auto-mapping-folder\/sites\/2\/2023\/05\/Alexander-Skarsgard-Mattson-768x512.jpg 768w, https:\/\/articles-img.sftcdn.net\/auto-mapping-folder\/sites\/2\/2023\/05\/Alexander-Skarsgard-Mattson-18x12.jpg 18w, https:\/\/articles-img.sftcdn.net\/auto-mapping-folder\/sites\/2\/2023\/05\/Alexander-Skarsgard-Mattson-150x100.jpg 150w, https:\/\/articles-img.sftcdn.net\/auto-mapping-folder\/sites\/2\/2023\/05\/Alexander-Skarsgard-Mattson.jpg 1200w\" sizes=\"auto, (max-width: 1024px) 100vw, 1024px\" \/><\/figure>\n\n\n\n<p class=\"wp-block-paragraph\">El chico guapo y millonario de la serie es, sin duda, el CEO de GoJo. Matsson, o Alexander Skarsg\u00e5rd en la vida real, lleva casi cuatro d\u00e9cadas en el mundo del cine.<\/p>\n\n\n\n<p class=\"wp-block-paragraph\">Skarsg\u00e5rd naci\u00f3 el 25 de agosto de 1976 en Estocolmo, Suecia. Es el hijo mayor del actor Stellan Skarsg\u00e5rd.<\/p>\n\n\n\n<p class=\"wp-block-paragraph\">Un amigo de su padre, director de cine, le dio a Skarsg\u00e5rd su primer papel en el cine cuando ten\u00eda siete a\u00f1os, en el papel de Kalle Nubb en &#8220;\u00c5ke y su mundo&#8221;.<\/p>\n\n\n\n<figure class=\"wp-block-image size-large\"><img loading=\"lazy\" decoding=\"async\" width=\"1024\" height=\"768\" src=\"https:\/\/articles-img.sftcdn.net\/sft\/articles\/auto-mapping-folder\/sites\/2\/2023\/06\/Alexander-Skarsgard-3-1024x768.jpg\" alt=\"\" class=\"wp-image-292593\" srcset=\"https:\/\/articles-img.sftcdn.net\/auto-mapping-folder\/sites\/2\/2023\/06\/Alexander-Skarsgard-3-1024x768.jpg 1024w, https:\/\/articles-img.sftcdn.net\/auto-mapping-folder\/sites\/2\/2023\/06\/Alexander-Skarsgard-3-300x225.jpg 300w, https:\/\/articles-img.sftcdn.net\/auto-mapping-folder\/sites\/2\/2023\/06\/Alexander-Skarsgard-3-768x576.jpg 768w, https:\/\/articles-img.sftcdn.net\/auto-mapping-folder\/sites\/2\/2023\/06\/Alexander-Skarsgard-3-16x12.jpg 16w, https:\/\/articles-img.sftcdn.net\/auto-mapping-folder\/sites\/2\/2023\/06\/Alexander-Skarsgard-3-150x112.jpg 150w, https:\/\/articles-img.sftcdn.net\/auto-mapping-folder\/sites\/2\/2023\/06\/Alexander-Skarsgard-3.jpg 1067w\" sizes=\"auto, (max-width: 1024px) 100vw, 1024px\" \/><\/figure>\n\n\n\n<p class=\"wp-block-paragraph\">En 1989, su papel protagonista en la producci\u00f3n de la televisi\u00f3n sueca Hunden som log (El perro que sonre\u00eda) le vali\u00f3 elogios y le dio a conocer en Suecia a la edad de 13 a\u00f1os. Inc\u00f3modo con la fama, dej\u00f3 de actuar a esa misma edad.<\/p>\n\n\n\n<p class=\"wp-block-paragraph\">A los 19 a\u00f1os, Skarsg\u00e5rd solicit\u00f3 realizar el servicio nacional. Sirvi\u00f3 en las Fuerzas Armadas suecas, en la unidad S\u00e4kJakt que se ocupaba de la lucha contra el sabotaje y el terrorismo en el archipi\u00e9lago de Estocolmo, durante 18 meses. Tras completar su servicio en 1996, abandon\u00f3 Suecia y asisti\u00f3 a la Universidad Metropolitana de Leeds, en Inglaterra, durante seis meses.<\/p>\n\n\n\n<p class=\"wp-block-paragraph\">En 1997, se matricul\u00f3 en un curso de teatro en el Marymount Manhattan College y se traslad\u00f3 a Nueva York. Ah\u00ed volvi\u00f3 a sentirse actor.<\/p>\n\n\n\n<figure class=\"wp-block-image size-large\"><img loading=\"lazy\" decoding=\"async\" width=\"1024\" height=\"683\" src=\"https:\/\/articles-img.sftcdn.net\/sft\/articles\/auto-mapping-folder\/sites\/2\/2023\/05\/Alexander-Skarsgard-1024x683.jpg\" alt=\"\" class=\"wp-image-291370\" srcset=\"https:\/\/articles-img.sftcdn.net\/auto-mapping-folder\/sites\/2\/2023\/05\/Alexander-Skarsgard-1024x683.jpg 1024w, https:\/\/articles-img.sftcdn.net\/auto-mapping-folder\/sites\/2\/2023\/05\/Alexander-Skarsgard-300x200.jpg 300w, https:\/\/articles-img.sftcdn.net\/auto-mapping-folder\/sites\/2\/2023\/05\/Alexander-Skarsgard-768x512.jpg 768w, https:\/\/articles-img.sftcdn.net\/auto-mapping-folder\/sites\/2\/2023\/05\/Alexander-Skarsgard-18x12.jpg 18w, https:\/\/articles-img.sftcdn.net\/auto-mapping-folder\/sites\/2\/2023\/05\/Alexander-Skarsgard-150x100.jpg 150w, https:\/\/articles-img.sftcdn.net\/auto-mapping-folder\/sites\/2\/2023\/05\/Alexander-Skarsgard.jpg 1200w\" sizes=\"auto, (max-width: 1024px) 100vw, 1024px\" \/><\/figure>\n\n\n\n<p class=\"wp-block-paragraph\">Skarsg\u00e5rd volvi\u00f3 a la actuaci\u00f3n y obtuvo su primer papel en la comedia cinematogr\u00e1fica estadounidense Zoolander (2001).<\/p>\n\n\n\n<p class=\"wp-block-paragraph\">Interpret\u00f3 a Brad Colbert en la miniserie Generation Kill (2008), y dio el salto a la fama por encarnar al vampiro Eric Northman en la serie de televisi\u00f3n True Blood.<\/p>\n\n\n\n<p class=\"wp-block-paragraph\">Tras aparecer en pel\u00edculas como Melancholia (2011), Battleship (2012) y La leyenda de Tarz\u00e1n (2016), Skarsg\u00e5rd protagoniz\u00f3 la serie dram\u00e1tica Big Little Lies (2017-2019) en el papel de un marido maltratador, que le vali\u00f3 un Primetime Emmy Award, un Golden Globe Award, un Critics&#8217; Choice Television Award y un Screen Actors Guild Award.<\/p>\n\n\n\n<figure class=\"wp-block-image size-full\"><img decoding=\"async\" src=\"https:\/\/articles-img.sftcdn.net\/sft\/articles\/auto-mapping-folder\/sites\/2\/2023\/05\/The-Northman-y-Alexander-Skarsgard.jpg\" alt=\"\" class=\"wp-image-291371\" \/><\/figure>\n\n\n\n<p class=\"wp-block-paragraph\">A continuaci\u00f3n apareci\u00f3 en las pel\u00edculas Long Shot (2019), Godzilla vs. Kong (2021), Passing (2021), The Northman (2022) e Infinity Pool (2023), e interpret\u00f3 a Randall Flagg en la miniserie The Stand (2020-2021).<\/p>\n\n\n\n<p class=\"wp-block-paragraph\">Pero su papel como magnate tecnol\u00f3gico Lukas Matsson en Succession (2021-2023) es lo que est\u00e1 consiguiendo relanzar su carrera. Qu\u00e9 papel, qu\u00e9 forma de hacer de desequilibrado millonario.<\/p>\n\n\n\n<h2 class=\"wp-block-heading\">J. Smith-Cameron (Gerri Kellman)<\/h2>\n\n\n\n<figure class=\"wp-block-image size-large\"><img loading=\"lazy\" decoding=\"async\" width=\"1024\" height=\"683\" src=\"https:\/\/articles-img.sftcdn.net\/sft\/articles\/auto-mapping-folder\/sites\/2\/2023\/05\/J.-Smith-Cameron-1024x683.jpg\" alt=\"\" class=\"wp-image-291372\" srcset=\"https:\/\/articles-img.sftcdn.net\/auto-mapping-folder\/sites\/2\/2023\/05\/J.-Smith-Cameron-1024x683.jpg 1024w, https:\/\/articles-img.sftcdn.net\/auto-mapping-folder\/sites\/2\/2023\/05\/J.-Smith-Cameron-300x200.jpg 300w, https:\/\/articles-img.sftcdn.net\/auto-mapping-folder\/sites\/2\/2023\/05\/J.-Smith-Cameron-768x512.jpg 768w, https:\/\/articles-img.sftcdn.net\/auto-mapping-folder\/sites\/2\/2023\/05\/J.-Smith-Cameron-18x12.jpg 18w, https:\/\/articles-img.sftcdn.net\/auto-mapping-folder\/sites\/2\/2023\/05\/J.-Smith-Cameron-150x100.jpg 150w, https:\/\/articles-img.sftcdn.net\/auto-mapping-folder\/sites\/2\/2023\/05\/J.-Smith-Cameron.jpg 1200w\" sizes=\"auto, (max-width: 1024px) 100vw, 1024px\" \/><\/figure>\n\n\n\n<p class=\"wp-block-paragraph\">El \u00fanico personaje que aporta cordura en una casa de locos es Gerri, con su papel de presidenta en funciones y luego como miembro principal en la Junta de Accionistas. Despu\u00e9s de Brian Cox y Alan Ruck, la actriz m\u00e1s veterana de toda la lista.<\/p>\n\n\n\n<p class=\"wp-block-paragraph\">Jean Isabel Smith (7 de septiembre de 1957), conocida profesionalmente como J. Smith-Cameron, es una actriz estadounidense que ha pasado la mayor parte de su carrera en el teatro, pero m\u00e1s tarde empez\u00f3 a dedicarse al cine y la televisi\u00f3n.<\/p>\n\n\n\n<figure class=\"wp-block-image size-large\"><img loading=\"lazy\" decoding=\"async\" width=\"1024\" height=\"768\" src=\"https:\/\/articles-img.sftcdn.net\/sft\/articles\/auto-mapping-folder\/sites\/2\/2023\/05\/J.-Smith-Cameron-Gerri-Kellman-1-1024x768.jpg\" alt=\"\" class=\"wp-image-291376\" srcset=\"https:\/\/articles-img.sftcdn.net\/auto-mapping-folder\/sites\/2\/2023\/05\/J.-Smith-Cameron-Gerri-Kellman-1-1024x768.jpg 1024w, https:\/\/articles-img.sftcdn.net\/auto-mapping-folder\/sites\/2\/2023\/05\/J.-Smith-Cameron-Gerri-Kellman-1-300x225.jpg 300w, https:\/\/articles-img.sftcdn.net\/auto-mapping-folder\/sites\/2\/2023\/05\/J.-Smith-Cameron-Gerri-Kellman-1-768x576.jpg 768w, https:\/\/articles-img.sftcdn.net\/auto-mapping-folder\/sites\/2\/2023\/05\/J.-Smith-Cameron-Gerri-Kellman-1-16x12.jpg 16w, https:\/\/articles-img.sftcdn.net\/auto-mapping-folder\/sites\/2\/2023\/05\/J.-Smith-Cameron-Gerri-Kellman-1-150x112.jpg 150w, https:\/\/articles-img.sftcdn.net\/auto-mapping-folder\/sites\/2\/2023\/05\/J.-Smith-Cameron-Gerri-Kellman-1.jpg 1067w\" sizes=\"auto, (max-width: 1024px) 100vw, 1024px\" \/><\/figure>\n\n\n\n<p class=\"wp-block-paragraph\">Debut\u00f3 en Broadway en agosto de 1982, sustituyendo a Mia Dillon en el papel de Babe Botrelle en Cr\u00edmenes del coraz\u00f3n. Sus otros cr\u00e9ditos en Broadway incluyen Night Must Fall (1999),Tartuffe (2002), y After the Night and the Music (2005).<\/p>\n\n\n\n<p class=\"wp-block-paragraph\">M\u00e1s tarde, Smith-Cameron pas\u00f3 a trabajar en el cine y la televisi\u00f3n para centrarse en su familia. Interpret\u00f3 a siete personajes diferentes en las tres series principales de la franquicia Law &amp; Order.<\/p>\n\n\n\n<figure class=\"wp-block-image size-large\"><img loading=\"lazy\" decoding=\"async\" width=\"1024\" height=\"742\" src=\"https:\/\/articles-img.sftcdn.net\/sft\/articles\/auto-mapping-folder\/sites\/2\/2023\/06\/J.-Smith-Cameron-3-1024x742.jpg\" alt=\"\" class=\"wp-image-292594\" srcset=\"https:\/\/articles-img.sftcdn.net\/auto-mapping-folder\/sites\/2\/2023\/06\/J.-Smith-Cameron-3-1024x742.jpg 1024w, https:\/\/articles-img.sftcdn.net\/auto-mapping-folder\/sites\/2\/2023\/06\/J.-Smith-Cameron-3-300x217.jpg 300w, https:\/\/articles-img.sftcdn.net\/auto-mapping-folder\/sites\/2\/2023\/06\/J.-Smith-Cameron-3-768x557.jpg 768w, https:\/\/articles-img.sftcdn.net\/auto-mapping-folder\/sites\/2\/2023\/06\/J.-Smith-Cameron-3-18x12.jpg 18w, https:\/\/articles-img.sftcdn.net\/auto-mapping-folder\/sites\/2\/2023\/06\/J.-Smith-Cameron-3-150x109.jpg 150w, https:\/\/articles-img.sftcdn.net\/auto-mapping-folder\/sites\/2\/2023\/06\/J.-Smith-Cameron-3.jpg 1104w\" sizes=\"auto, (max-width: 1024px) 100vw, 1024px\" \/><\/figure>\n\n\n\n<p class=\"wp-block-paragraph\">Pero su verdadera fama en televisi\u00f3n lleg\u00f3 cuando interpret\u00f3 a Janet Talbot, la madre de un condenado a muerte, en Rectify de Sundance TV durante cuatro temporadas.<\/p>\n\n\n\n<p class=\"wp-block-paragraph\"><strong>Y, por supuesto, por su papel como Gerri Kellman en la serie de HBO Succession<\/strong>. Por esta \u00faltima, recibi\u00f3 una nominaci\u00f3n al premio Primetime Emmy a la mejor actriz de reparto en una serie dram\u00e1tica en 2022.<\/p>\n","protected":false},"excerpt":{"rendered":"<p>La serie de moda en todo el mundo es Succession. Esta serie de HBO Max lleva cuatro temporadas triunfando como la espuma. Su guion lleno de giros, su di\u00e1logos llenos de palabrotas, sus ostentosos coches y casas&#8230; es ver a ricos siendo ricos y preocup\u00e1ndose por ser a\u00fan m\u00e1s ricos. Succession ha conseguido enganchar a &hellip; <a href=\"https:\/\/cms-articles.softonic.io\/es\/succession-la-vida-de-los-personajes-detras-de-las-camaras\/\" class=\"more-link\">Continue reading<span class=\"screen-reader-text\"> &#8220;Succession: la vida de los personajes detr\u00e1s de las c\u00e1maras&#8221;<\/span><\/a><\/p>\n","protected":false},"author":9265,"featured_media":289465,"comment_status":"closed","ping_status":"closed","sticky":false,"template":"","format":"standard","meta":{"footnotes":"","wpcf-pageviews":1},"categories":[],"tags":[11008],"usertag":[],"vertical":[],"content-category":[],"class_list":["post-291345","post","type-post","status-publish","format-standard","has-post-thumbnail","hentry","tag-app-subdomain-redirectionhbo-max"],"aioseo_notices":[],"_links":{"self":[{"href":"https:\/\/cms-articles.softonic.io\/es\/wp-json\/wp\/v2\/posts\/291345","targetHints":{"allow":["GET"]}}],"collection":[{"href":"https:\/\/cms-articles.softonic.io\/es\/wp-json\/wp\/v2\/posts"}],"about":[{"href":"https:\/\/cms-articles.softonic.io\/es\/wp-json\/wp\/v2\/types\/post"}],"author":[{"embeddable":true,"href":"https:\/\/cms-articles.softonic.io\/es\/wp-json\/wp\/v2\/users\/9265"}],"replies":[{"embeddable":true,"href":"https:\/\/cms-articles.softonic.io\/es\/wp-json\/wp\/v2\/comments?post=291345"}],"version-history":[{"count":0,"href":"https:\/\/cms-articles.softonic.io\/es\/wp-json\/wp\/v2\/posts\/291345\/revisions"}],"wp:featuredmedia":[{"embeddable":true,"href":"https:\/\/cms-articles.softonic.io\/es\/wp-json\/wp\/v2\/media\/289465"}],"wp:attachment":[{"href":"https:\/\/cms-articles.softonic.io\/es\/wp-json\/wp\/v2\/media?parent=291345"}],"wp:term":[{"taxonomy":"category","embeddable":true,"href":"https:\/\/cms-articles.softonic.io\/es\/wp-json\/wp\/v2\/categories?post=291345"},{"taxonomy":"post_tag","embeddable":true,"href":"https:\/\/cms-articles.softonic.io\/es\/wp-json\/wp\/v2\/tags?post=291345"},{"taxonomy":"usertag","embeddable":true,"href":"https:\/\/cms-articles.softonic.io\/es\/wp-json\/wp\/v2\/usertag?post=291345"},{"taxonomy":"vertical","embeddable":true,"href":"https:\/\/cms-articles.softonic.io\/es\/wp-json\/wp\/v2\/vertical?post=291345"},{"taxonomy":"content-category","embeddable":true,"href":"https:\/\/cms-articles.softonic.io\/es\/wp-json\/wp\/v2\/content-category?post=291345"}],"curies":[{"name":"wp","href":"https:\/\/api.w.org\/{rel}","templated":true}]}}