{"id":291440,"date":"2023-05-30T12:46:19","date_gmt":"2023-05-30T10:46:19","guid":{"rendered":"https:\/\/sftarticles.wpenginepowered.com\/es\/?p=291440"},"modified":"2025-06-12T20:02:20","modified_gmt":"2025-06-12T18:02:20","slug":"pedro-pascal-traje-the-mandalorian","status":"publish","type":"post","link":"https:\/\/cms-articles.softonic.io\/es\/pedro-pascal-traje-the-mandalorian\/","title":{"rendered":"\u00bfEst\u00e1 Pedro Pascal dentro del traje de The Mandalorian? Tenemos malas noticias"},"content":{"rendered":"\n<p class=\"wp-block-paragraph\"><strong><a href=\"https:\/\/www.softonic.com\/articulos\/epico-season-final-3a-temporadada-the-mandalorian\" title=\"The Mandalorian\">The Mandalorian<\/a> es uno de los mayores \u00e9xitos de <a href=\"https:\/\/www.softonic.com\/articulos\/disney-plus-borrar-contenido-catalogo\" title=\"Disney Plus\">Disney Plus<\/a><\/strong>, y su \u00faltima temporada ha demostrado que a la serie todav\u00eda le queda mucha tela por cortar. Con dos nuevas temporadas en el horizonte y una pel\u00edcula final que re\u00fana a todas las series de su cronolog\u00eda, la ficci\u00f3n de Star Wars se encuentra en un momento \u00e1lgido. <\/p>\n\n\n<div class=\"sc-card-program\">\r\n  <div class=\"sc-card-program__body\">\r\n    <div class=\"sc-card-program__row clearfix\">\r\n      <div class=\"sc-card-program__col-logo\">\r\n        <img decoding=\"async\" class=\"sc-card-program__img\" src=\"https:\/\/images.sftcdn.net\/images\/t_app-icon-m\/p\/246b1fd4-6164-4c6f-9318-27e1cb587dc6\/3237066594\/disney-plus-logo\" alt=\"Disney+\" width=\"100px\" height=\"100px\">\r\n      <\/div>\r\n      <div class=\"sc-card-program__col-title\">\r\n        <span class=\"sc-card-program__title\">Disney+<\/span>\r\n        <a class=\"sc-card-program__button sc-card-program-internal\" href=\"https:\/\/disney-plus.softonic.com\/iphone\" target=\"_self\" rel=\"noopener noreferrer\">DESCARGAR<\/a>\r\n      <\/div>\r\n      <div class=\"sc-card-program__col-rating\">\r\n        <svg class=\"rating-score__content\" xmlns=\"http:\/\/www.w3.org\/2000\/svg\" version=\"1.1\" x=\"0\" y=\"0\" viewbox=\"0 0 50 50\" enable-background=\"new 0 0 50 50\" xml:space=\"preserve\"><path class=\"rating-score__background rating-score--good\" fill=\"none\" stroke-width=\"6\" stroke-miterlimit=\"10\" d=\"M40 40c8.3-8.3 8.3-21.7 0-30s-21.7-8.3-30 0 -8.3 21.7 0 30\"><\/path><path class=\"rating-score__value rating-score__value--0\" fill=\"none\" stroke-width=\"6\" stroke-dashoffset=\"0\" stroke-miterlimit=\"10\" d=\"M40 40c8.3-8.3 8.3-21.7 0-30s-21.7-8.3-30 0 -8.3 21.7 0 30\"><\/path><text class=\"rating-score__number\" content=\"\" text-anchor=\"middle\" transform=\"matrix(1 0 0 1 25 31.0837)\" data-auto=\"app-user-score\"><\/text><\/svg>\r\n      <\/div>\r\n    <\/div>\r\n    <div class=\"sc-card-program__row\">\r\n      <span class=\"sc-card-program__description\"><\/span>\r\n    <\/div>\r\n    <div class=\"sc-card-program__row\">\r\n      <img decoding=\"async\" class=\"sc-card-program__bigpic\" src=\"\" onerror=\"this.style.display='none'\">\r\n    <\/div>\r\n    <a class=\"sc-card-program__link track-link sc-card-program-internal\" href=\"https:\/\/disney-plus.softonic.com\/iphone\" target=\"_self\" rel=\"noopener noreferrer\"><\/a>\r\n  <\/div>\r\n<\/div>\n\n\n\n<p class=\"wp-block-paragraph\">Sin embargo, desde que se estrenara la serie en 2019, muchos se han preguntado algo crucial:<strong> \u00bfest\u00e1 realmente <a href=\"https:\/\/www.softonic.com\/articulos\/proxima-pelicula-pedro-pascal-barbarian-weapons\" title=\"Pedro Pascal\">Pedro Pascal<\/a> dentro del traje de Din Djarin? <\/strong>Al igual que ocurr\u00eda con <a href=\"https:\/\/www.softonic.com\/articulos\/star-wars-chatgpt-ia\" title=\"Darth Vader\">Darth Vader<\/a> en las principales pel\u00edculas de la franquicia, el protagonista est\u00e1 pr\u00e1cticamente siempre con el casco puesto \u2014solo ha mostrado la cara tres veces\u2014, as\u00ed que nadie puede asegurar que, realmente, sea el propio Pascal quien interprete al personaje.<\/p>\n\n\n\n<figure class=\"wp-block-image size-large\"><img loading=\"lazy\" decoding=\"async\" width=\"1024\" height=\"768\" src=\"https:\/\/articles-img.sftcdn.net\/sft\/articles\/auto-mapping-folder\/sites\/2\/2023\/05\/mandalorian-4-1024x768.jpg\" alt=\"\" class=\"wp-image-291483\" srcset=\"https:\/\/articles-img.sftcdn.net\/auto-mapping-folder\/sites\/2\/2023\/05\/mandalorian-4-1024x768.jpg 1024w, https:\/\/articles-img.sftcdn.net\/auto-mapping-folder\/sites\/2\/2023\/05\/mandalorian-4-300x225.jpg 300w, https:\/\/articles-img.sftcdn.net\/auto-mapping-folder\/sites\/2\/2023\/05\/mandalorian-4-768x576.jpg 768w, https:\/\/articles-img.sftcdn.net\/auto-mapping-folder\/sites\/2\/2023\/05\/mandalorian-4-16x12.jpg 16w, https:\/\/articles-img.sftcdn.net\/auto-mapping-folder\/sites\/2\/2023\/05\/mandalorian-4-150x112.jpg 150w, https:\/\/articles-img.sftcdn.net\/auto-mapping-folder\/sites\/2\/2023\/05\/mandalorian-4.jpg 1067w\" sizes=\"auto, (max-width: 1024px) 100vw, 1024px\" \/><\/figure>\n\n\n\n<h2 class=\"wp-block-heading\">Pedro Pascal ya no es el Mandaloriano en la Temporada 3&#8230; o no del todo<\/h2>\n\n\n\n<p class=\"wp-block-paragraph\">Esta cuesti\u00f3n ya fue resuelta con las temporadas 1 y 2: <a href=\"https:\/\/www.softonic.com\/articulos\/strange-way-of-life-western-almodovar-pedro-pascal-ethan-hawke\" title=\"Pedro Pascal\">Pedro Pascal<\/a> confirm\u00f3 que realmente \u00e9l hab\u00eda sido quien se pon\u00eda dentro del traje del personaje. De hecho, dej\u00f3 claro en una entrevista con <a href=\"https:\/\/www.empireonline.com\/tv\/news\/pedro-pascal-cant-see-shit-in-mandalorian-armour\/\" title=\"Empire\">Empire<\/a> <strong>c\u00f3mo era actuar con esa vestimenta<\/strong>:<\/p>\n\n\n\n<p class=\"wp-block-paragraph\">&#8220;Es como ponerse un guante de pies a cabeza&#8230; y con pesas. <strong>Es ir\u00f3nico que no puedas ver ninguna expresi\u00f3n facial<\/strong>. Esto te mete completamente en el mundo del personaje e instant\u00e1neamente hace que se sienta real, \u00a1pero no puedes ver una mierda!&#8221;.<\/p>\n\n\n\n<p class=\"wp-block-paragraph\">Sin embargo, esto podr\u00eda haber cambiado en la temporada 3. Pedro Pascal tan solo ha confirmado su papel como doblador de voz para la \u00faltima tanda de episodios de la serie. Lo hizo en una mesa redonda en The Hollywood Reporter, y dej\u00f3 claro que <strong>no fue quien se encarg\u00f3 de llevar al personaje durante toda la serie.<\/strong><\/p>\n\n\n\n<figure class=\"wp-block-image size-large\"><img loading=\"lazy\" decoding=\"async\" width=\"1024\" height=\"576\" src=\"https:\/\/articles-img.sftcdn.net\/sft\/articles\/auto-mapping-folder\/sites\/2\/2023\/05\/mandalorian-5-1024x576.jpg\" alt=\"\" class=\"wp-image-291484\" srcset=\"https:\/\/articles-img.sftcdn.net\/auto-mapping-folder\/sites\/2\/2023\/05\/mandalorian-5-1024x576.jpg 1024w, https:\/\/articles-img.sftcdn.net\/auto-mapping-folder\/sites\/2\/2023\/05\/mandalorian-5-300x169.jpg 300w, https:\/\/articles-img.sftcdn.net\/auto-mapping-folder\/sites\/2\/2023\/05\/mandalorian-5-768x433.jpg 768w, https:\/\/articles-img.sftcdn.net\/auto-mapping-folder\/sites\/2\/2023\/05\/mandalorian-5-800x450.jpg 800w, https:\/\/articles-img.sftcdn.net\/auto-mapping-folder\/sites\/2\/2023\/05\/mandalorian-5-664x374.jpg 664w, https:\/\/articles-img.sftcdn.net\/auto-mapping-folder\/sites\/2\/2023\/05\/mandalorian-5-238x134.jpg 238w, https:\/\/articles-img.sftcdn.net\/auto-mapping-folder\/sites\/2\/2023\/05\/mandalorian-5-436x246.jpg 436w, https:\/\/articles-img.sftcdn.net\/auto-mapping-folder\/sites\/2\/2023\/05\/mandalorian-5-370x208.jpg 370w, https:\/\/articles-img.sftcdn.net\/auto-mapping-folder\/sites\/2\/2023\/05\/mandalorian-5-304x170.jpg 304w, https:\/\/articles-img.sftcdn.net\/auto-mapping-folder\/sites\/2\/2023\/05\/mandalorian-5-18x10.jpg 18w, https:\/\/articles-img.sftcdn.net\/auto-mapping-folder\/sites\/2\/2023\/05\/mandalorian-5-150x84.jpg 150w, https:\/\/articles-img.sftcdn.net\/auto-mapping-folder\/sites\/2\/2023\/05\/mandalorian-5.jpg 1200w\" sizes=\"auto, (max-width: 1024px) 100vw, 1024px\" \/><\/figure>\n\n\n\n<p class=\"wp-block-paragraph\"><strong>Pascal explic\u00f3 que no pudo soportar la tensi\u00f3n de usar la pesada armadura durante d\u00edas y d\u00edas<\/strong>, e insisti\u00f3 en que el equipo detr\u00e1s de\u00a0<a href=\"https:\/\/www.softonic.com\/articulos\/the-mandalorian-temporada-4-que-esperar\" title=\"The Mandalorian\">The Mandalorian<\/a>\u00a0encontr\u00f3 el maridaje perfecto entre los dobles de set como Brendan Wayne y Lateef Crowder, y el trabajo de voz de Pascal.<\/p>\n\n\n\n<p class=\"wp-block-paragraph\">De este modo, <strong>ocurre algo similar a lo de Darth Vader en las primeras pel\u00edculas. <\/strong>La voz del personaje la pon\u00eda James Earl Jones, pero dentro de la armadura estaba David Prowse. Tras dos primeras temporadas en las que \u00e9l lo hac\u00eda todo, esto ha cambiado&#8230; para tristeza de los fans.<\/p>\n\n\n<div class=\"sc-card-program\">\r\n  <div class=\"sc-card-program__body\">\r\n    <div class=\"sc-card-program__row clearfix\">\r\n      <div class=\"sc-card-program__col-logo\">\r\n        <img decoding=\"async\" class=\"sc-card-program__img\" src=\"https:\/\/images.sftcdn.net\/images\/t_app-icon-m\/p\/246b1fd4-6164-4c6f-9318-27e1cb587dc6\/3237066594\/disney-plus-logo\" alt=\"Disney+\" width=\"100px\" height=\"100px\">\r\n      <\/div>\r\n      <div class=\"sc-card-program__col-title\">\r\n        <span class=\"sc-card-program__title\">Disney+<\/span>\r\n        <a class=\"sc-card-program__button sc-card-program-internal\" href=\"https:\/\/disney-plus.softonic.com\/iphone\" target=\"_self\" rel=\"noopener noreferrer\">DESCARGAR<\/a>\r\n      <\/div>\r\n      <div class=\"sc-card-program__col-rating\">\r\n        <svg class=\"rating-score__content\" xmlns=\"http:\/\/www.w3.org\/2000\/svg\" version=\"1.1\" x=\"0\" y=\"0\" viewbox=\"0 0 50 50\" enable-background=\"new 0 0 50 50\" xml:space=\"preserve\"><path class=\"rating-score__background rating-score--good\" fill=\"none\" stroke-width=\"6\" stroke-miterlimit=\"10\" d=\"M40 40c8.3-8.3 8.3-21.7 0-30s-21.7-8.3-30 0 -8.3 21.7 0 30\"><\/path><path class=\"rating-score__value rating-score__value--0\" fill=\"none\" stroke-width=\"6\" stroke-dashoffset=\"0\" stroke-miterlimit=\"10\" d=\"M40 40c8.3-8.3 8.3-21.7 0-30s-21.7-8.3-30 0 -8.3 21.7 0 30\"><\/path><text class=\"rating-score__number\" content=\"\" text-anchor=\"middle\" transform=\"matrix(1 0 0 1 25 31.0837)\" data-auto=\"app-user-score\"><\/text><\/svg>\r\n      <\/div>\r\n    <\/div>\r\n    <div class=\"sc-card-program__row\">\r\n      <span class=\"sc-card-program__description\"><\/span>\r\n    <\/div>\r\n    <div class=\"sc-card-program__row\">\r\n      <img decoding=\"async\" class=\"sc-card-program__bigpic\" src=\"\" onerror=\"this.style.display='none'\">\r\n    <\/div>\r\n    <a class=\"sc-card-program__link track-link sc-card-program-internal\" href=\"https:\/\/disney-plus.softonic.com\/iphone\" target=\"_self\" rel=\"noopener noreferrer\"><\/a>\r\n  <\/div>\r\n<\/div>\n\n\n\n<p class=\"wp-block-paragraph\"><em>Algunos de los enlaces a\u00f1adidos en el art\u00edculo forman parte de campa\u00f1as de afiliaci\u00f3n y pueden representar beneficios para Softonic.<\/em><\/p>\n","protected":false},"excerpt":{"rendered":"<p>Descubre si Pedro Pascal es quien est\u00e1 debajo del traje del mandaloriano. Spoiler: tenemos malas noticias.<\/p>\n","protected":false},"author":9257,"featured_media":291481,"comment_status":"closed","ping_status":"closed","sticky":false,"template":"","format":"standard","meta":{"footnotes":"","wpcf-pageviews":0},"categories":[9317],"tags":[9661],"usertag":[],"vertical":[],"content-category":[],"class_list":["post-291440","post","type-post","status-publish","format-standard","has-post-thumbnail","hentry","category-news","tag-app-subdomain-redirectiondisney-plus"],"aioseo_notices":[],"_links":{"self":[{"href":"https:\/\/cms-articles.softonic.io\/es\/wp-json\/wp\/v2\/posts\/291440","targetHints":{"allow":["GET"]}}],"collection":[{"href":"https:\/\/cms-articles.softonic.io\/es\/wp-json\/wp\/v2\/posts"}],"about":[{"href":"https:\/\/cms-articles.softonic.io\/es\/wp-json\/wp\/v2\/types\/post"}],"author":[{"embeddable":true,"href":"https:\/\/cms-articles.softonic.io\/es\/wp-json\/wp\/v2\/users\/9257"}],"replies":[{"embeddable":true,"href":"https:\/\/cms-articles.softonic.io\/es\/wp-json\/wp\/v2\/comments?post=291440"}],"version-history":[{"count":1,"href":"https:\/\/cms-articles.softonic.io\/es\/wp-json\/wp\/v2\/posts\/291440\/revisions"}],"predecessor-version":[{"id":363991,"href":"https:\/\/cms-articles.softonic.io\/es\/wp-json\/wp\/v2\/posts\/291440\/revisions\/363991"}],"wp:featuredmedia":[{"embeddable":true,"href":"https:\/\/cms-articles.softonic.io\/es\/wp-json\/wp\/v2\/media\/291481"}],"wp:attachment":[{"href":"https:\/\/cms-articles.softonic.io\/es\/wp-json\/wp\/v2\/media?parent=291440"}],"wp:term":[{"taxonomy":"category","embeddable":true,"href":"https:\/\/cms-articles.softonic.io\/es\/wp-json\/wp\/v2\/categories?post=291440"},{"taxonomy":"post_tag","embeddable":true,"href":"https:\/\/cms-articles.softonic.io\/es\/wp-json\/wp\/v2\/tags?post=291440"},{"taxonomy":"usertag","embeddable":true,"href":"https:\/\/cms-articles.softonic.io\/es\/wp-json\/wp\/v2\/usertag?post=291440"},{"taxonomy":"vertical","embeddable":true,"href":"https:\/\/cms-articles.softonic.io\/es\/wp-json\/wp\/v2\/vertical?post=291440"},{"taxonomy":"content-category","embeddable":true,"href":"https:\/\/cms-articles.softonic.io\/es\/wp-json\/wp\/v2\/content-category?post=291440"}],"curies":[{"name":"wp","href":"https:\/\/api.w.org\/{rel}","templated":true}]}}