{"id":294943,"date":"2023-06-27T12:42:40","date_gmt":"2023-06-27T10:42:40","guid":{"rendered":"https:\/\/sftarticles.wpenginepowered.com\/es\/?p=294943"},"modified":"2025-06-12T19:49:28","modified_gmt":"2025-06-12T17:49:28","slug":"temporada-final-outlander-star-plus","status":"publish","type":"post","link":"https:\/\/cms-articles.softonic.io\/es\/temporada-final-outlander-star-plus\/","title":{"rendered":"La temporada final de Outlander ya en Star+: amor, guerra y dolor."},"content":{"rendered":"\n<p class=\"wp-block-paragraph\">La popular y exitosa serie brit\u00e1nica <strong>Outlander se acerca a su fin con el estreno de su temporada final en Star+<\/strong>. Tras 6 temporadas, Claire Randall (Caitriona Balfe) y Jamie Fraser (Sam Heughan) descubrir\u00e1n por fin que les depara el destino despu\u00e9s de toda una vida llena de lucha, fantas\u00eda, drama y una id\u00edlica historia de amor que ha cautivado a la audiencia.<\/p>\n\n\n\n<p class=\"wp-block-paragraph\">El <strong>primer episodio de la temporada 7 de Outlander<\/strong> est\u00e1 disponible en la plataforma de Star+ <strong>desde el 18 de junio, y cada domingo se estrenar\u00e1 un episodio nuevo<\/strong>. La temporada se dividir\u00e1 en dos partes: los 8 primeros cap\u00edtulos se emitir\u00e1n a lo largo del verano, mientras que para conocer el final de la serie y ver los 8 episodios restantes (que har\u00e1n un total de 16 episodios), habr\u00e1 que esperar hasta 2024.<\/p>\n\n\n\n<p class=\"wp-block-paragraph\">A continuaci\u00f3n podr\u00e1s ver el <strong>tr\u00e1iler de la temporada 7 de Outlander,<\/strong> conocer algunos detalles interesantes sobre la trama y recordar algunos datos importantes de cara a afrontar el final de la serie en Star+.<\/p>\n\n\n<div class=\"sc-card-program\">\r\n  <div class=\"sc-card-program__body\">\r\n    <div class=\"sc-card-program__row clearfix\">\r\n      <div class=\"sc-card-program__col-logo\">\r\n        <img decoding=\"async\" class=\"sc-card-program__img\" src=\"https:\/\/images.sftcdn.net\/images\/t_app-logo-xl,f_auto\/p\/de6457d7-15fd-4770-a2af-ec7ecdaa3da4\/2278311836\/star-plus-Dise%C3%B1o%20sin%20t%C3%ADtulo-8.png\" alt=\"Temporada final de Outlander en Star +\" width=\"100px\" height=\"100px\">\r\n      <\/div>\r\n      <div class=\"sc-card-program__col-title\">\r\n        <span class=\"sc-card-program__title\">Temporada final de Outlander en Star +<\/span>\r\n        <a class=\"sc-card-program__button sc-card-program-sponsored\" href=\"http:\/\/starplus.sjv.io\/5bqROb\" target=\"_blank\" rel=\"noopener noreferrer sponsored\">SUSCR\u00cdBETE<\/a>\r\n      <\/div>\r\n      <div class=\"sc-card-program__col-rating\">\r\n        <svg class=\"rating-score__content\" xmlns=\"http:\/\/www.w3.org\/2000\/svg\" version=\"1.1\" x=\"0\" y=\"0\" viewbox=\"0 0 50 50\" enable-background=\"new 0 0 50 50\" xml:space=\"preserve\"><path class=\"rating-score__background rating-score--good\" fill=\"none\" stroke-width=\"6\" stroke-miterlimit=\"10\" d=\"M40 40c8.3-8.3 8.3-21.7 0-30s-21.7-8.3-30 0 -8.3 21.7 0 30\"><\/path><path class=\"rating-score__value rating-score__value--0\" fill=\"none\" stroke-width=\"6\" stroke-dashoffset=\"0\" stroke-miterlimit=\"10\" d=\"M40 40c8.3-8.3 8.3-21.7 0-30s-21.7-8.3-30 0 -8.3 21.7 0 30\"><\/path><text class=\"rating-score__number\" content=\"\" text-anchor=\"middle\" transform=\"matrix(1 0 0 1 25 31.0837)\" data-auto=\"app-user-score\"><\/text><\/svg>\r\n      <\/div>\r\n    <\/div>\r\n    <div class=\"sc-card-program__row\">\r\n      <span class=\"sc-card-program__description\"><\/span>\r\n    <\/div>\r\n    <div class=\"sc-card-program__row\">\r\n      <img decoding=\"async\" class=\"sc-card-program__bigpic\" src=\"\" onerror=\"this.style.display='none'\">\r\n    <\/div>\r\n    <a class=\"sc-card-program__link track-link sc-card-program-sponsored\" href=\"http:\/\/starplus.sjv.io\/5bqROb\" target=\"_blank\" rel=\"noopener noreferrer sponsored\"><\/a>\r\n  <\/div>\r\n<\/div>\n\n\n\n<h2 class=\"wp-block-heading\">As\u00ed ser\u00e1 la temporada 7 de Outlander en Star+<\/h2>\n\n\n\n<p class=\"wp-block-paragraph\">No pod\u00edamos esperar m\u00e1s. Este es seguramente el pensamiento de los fan\u00e1ticos de Outlander, una serie de <strong>drama hist\u00f3rico<\/strong> basada en la saga de novelas hom\u00f3nima de Diana Gabaldon. Dirigida por <strong>Ronald D.Moore<\/strong> y producida por Sony Pictures Television, la ficci\u00f3n llega a su temporada final tras cosechar un incre\u00edble \u00e9xito alrededor de todo el planeta.<\/p>\n\n\n\n<p class=\"wp-block-paragraph\">Tras un final de la sexta temporada un tanto convulso y una breve espera, la <strong>temporada 7 se ha estrenado mundialmente con el primer episodio &#8220;A Life Well Lost<\/strong>&#8220;, el cual ha llegado a Star+ tan solo dos d\u00edas despu\u00e9s de su estreno en EE. UU.<\/p>\n\n\n\n<figure class=\"wp-block-embed is-type-video is-provider-youtube wp-block-embed-youtube wp-embed-aspect-16-9 wp-has-aspect-ratio\"><div class=\"wp-block-embed__wrapper\">\n<iframe loading=\"lazy\" title=\"Outlander | Nueva Temporada | Tr\u00e1iler Oficial | Star+\" width=\"840\" height=\"473\" src=\"https:\/\/www.youtube.com\/embed\/0ySZRTsi_tU?feature=oembed\" frameborder=\"0\" allow=\"accelerometer; autoplay; clipboard-write; encrypted-media; gyroscope; picture-in-picture; web-share\" allowfullscreen><\/iframe>\n<\/div><\/figure>\n\n\n\n<p class=\"wp-block-paragraph\">En la temporada 7, Jamie, Claire y su familia se ver\u00e1n af<strong>ectados por las violentas consecuencias del nacimiento de una naci\u00f3n emergente y una revoluci\u00f3n m\u00e1s que inminente<\/strong>. Mientras tanto, los ej\u00e9rcitos se marchan a la guerra y las instituciones brit\u00e1nicas se desmoronan ante la rebeli\u00f3n armada. La tierra que los Fraser llaman hogar est\u00e1 cambiando, y ellos deben cambiar con ella.<\/p>\n\n\n\n<p class=\"wp-block-paragraph\">En la s\u00e9ptima temporada, la protagonista,&nbsp;<a href=\"https:\/\/www.star-latam.com\/novedades\/5-curiosidades-sobre-la-estrella-de-outlander-caitriona-balfe?int_cmp=outlander-t7-personajes\" target=\"_blank\" rel=\"noreferrer noopener\"><strong>Caitriona Balfe<\/strong><\/a>, vuelve como&nbsp;<strong>Claire Fraser<\/strong>;&nbsp;<strong>Sam Heughan<\/strong>&nbsp;regresa en el papel de<strong>&nbsp;Jamie Fraser<\/strong>&nbsp;y&nbsp;<strong>Sophie Skelton<\/strong>&nbsp;como&nbsp;<strong>Brianna MacKenzie<\/strong>.&nbsp;Por su parte,&nbsp;<strong>Richard Rankin<\/strong>&nbsp;tambi\u00e9n vuelve a encarnar a&nbsp;<strong>Roger MacKenzie<\/strong>, mientras que&nbsp;<strong>Mark Lewis Jones<\/strong>&nbsp;regresa como&nbsp;<strong>Tom Christie<\/strong>, <strong>David Berry<\/strong> como <strong>Lord John Grey<\/strong> y&nbsp;<strong>John Bell<\/strong>&nbsp;como&nbsp;<strong>Young Ian<\/strong>.<\/p>\n\n\n\n<h2 class=\"wp-block-heading\">\u00bfQu\u00e9 sucedi\u00f3 en la temporada 6 de Outlander?<\/h2>\n\n\n\n<p class=\"wp-block-paragraph\">Para entender el inicio de la temporada 7 de Outlander, debemos retroceder al \u00faltimo cap\u00edtulo de la sexta temporada. Si a\u00fan no la has visto, te recomendamos dejar de leer porque aqu\u00ed vienen algunos <strong>SPOILERS<\/strong>.<\/p>\n\n\n\n<p class=\"wp-block-paragraph\">En el \u00faltimo episodio de la&nbsp;temporada 6&nbsp;llamado &#8220;<em>I Am Not Alone<\/em>&#8220;,&nbsp;<strong>Richard Brown<\/strong>&nbsp;y su<strong>&nbsp;Comit\u00e9 de Seguridad<\/strong>&nbsp;llegan para arrestar injustamente a&nbsp;Clairepor el <strong>asesinato de Malva Christie <\/strong>(Jessica Reynolds), la cual estaba embarazada y hab\u00eda acusado a Jamie de ser el padre de su beb\u00e9.<\/p>\n\n\n\n<p class=\"wp-block-paragraph\">La pareja luch\u00f3 con u\u00f1as y dientes antes de rendirse, pues saben que todo esto es tan solo una excusa de Brown para vengarse de la muerte de su hermano. A pesar de atrincherarse en casa y tener una \u00faltima cena, Jamie y Claire acaban cediendo a sabiendas de su inocencia. Mientras los hombres de Brown capturan a Jamie, <strong>Claire ser\u00e1 traslada a una c\u00e1rcel de Wilmington, donde quedar\u00e1 a la espera de ser juzgada, y probablemente, ahorcada.<\/strong><\/p>\n\n\n\n<p class=\"wp-block-paragraph\">Y as\u00ed llegamos al principio de la s\u00e9ptima temporada, donde retomamos el camino a caballo de Jamie, Ian, Myers y sus amigos, los cuales esperan <strong>llegar a tiempo para salvar a Claire<\/strong>.<\/p>\n\n\n\n<h2 class=\"wp-block-heading\">Temporada final de Outlander: \u00bfQu\u00e9 nuevos escenarios nos depara?<\/h2>\n\n\n\n<p class=\"wp-block-paragraph\">Durante la presentaci\u00f3n de la s\u00e9ptima temporada, algunos de <strong>los protagonistas dieron a conocer algunos detalles del rodaje<\/strong> y de lo que nos depara la primera mitad de la temporada.<\/p>\n\n\n\n<p class=\"wp-block-paragraph\">\u201cEs realmente emocionante explorar la g\u00e9nesis de lo que es Estados Unidos el d\u00eda de hoy\u201d, coment\u00f3<strong> Balfe<\/strong> en un avance de la nueva entrega. \u201cEn esta temporada Claire conocer\u00e1 la pesada responsabilidad que Jamie lleva sobres sus hombros. Adem\u00e1s, podr\u00e1 <strong>volver a su papel de doctora en los hospitales de campa\u00f1a<\/strong>.\u201d Izzy Meikle-Small, nueva integrante del reparto como Rachel Hunter, agreg\u00f3: \u201cVeremos a mujeres realmente tomar la batuta y tomar parte en la revoluci\u00f3n\u201d.<\/p>\n\n\n\n<p class=\"wp-block-paragraph\">Por su lado, <strong>Sam Heughan <\/strong>tambi\u00e9n ofreci\u00f3 su punto de vista de lo que nos espera: \u201cCreo que Jamie y Claire siempre han tratado de circunnavegar la guerra y tratar de cambiarla, pero a pesar del esfuerzo, parece que siempre encuentra su rumbo. <strong>En esta temporada tratar\u00e1n de estar del lado correcto<\/strong>. Pero sobre todo el arco se centrar\u00e1 el <strong>miedo a la perdida<\/strong>. Si Jamie y Claire se pierden, realmente no tiene sentido vivir\u201d.<\/p>\n\n\n\n<p class=\"wp-block-paragraph\">El <strong>final de Outlander est\u00e1 cada vez m\u00e1s cerca <\/strong>y los fans de la serie tambi\u00e9n tenemos miedo, pero tambi\u00e9n muchas ganas, de conocer lo que va a suceder en esta \u00faltima temporada que se presenta como una de las mejores. Suceda lo que suceda, recuerda que <strong>podr\u00e1s verlo cada domingo en Star+<\/strong>, una de las mejores plataformas de streaming del momento.<\/p>\n\n\n<div class=\"sc-card-program\">\r\n  <div class=\"sc-card-program__body\">\r\n    <div class=\"sc-card-program__row clearfix\">\r\n      <div class=\"sc-card-program__col-logo\">\r\n        <img decoding=\"async\" class=\"sc-card-program__img\" src=\"https:\/\/images.sftcdn.net\/images\/t_app-logo-xl,f_auto\/p\/de6457d7-15fd-4770-a2af-ec7ecdaa3da4\/2278311836\/star-plus-Dise%C3%B1o%20sin%20t%C3%ADtulo-8.png\" alt=\"Ver cat\u00e1logo de Star +\" width=\"100px\" height=\"100px\">\r\n      <\/div>\r\n      <div class=\"sc-card-program__col-title\">\r\n        <span class=\"sc-card-program__title\">Ver cat\u00e1logo de Star +<\/span>\r\n        <a class=\"sc-card-program__button sc-card-program-sponsored\" href=\"http:\/\/starplus.sjv.io\/5bqROb\" target=\"_blank\" rel=\"noopener noreferrer sponsored\">SUSCR\u00cdBETE<\/a>\r\n      <\/div>\r\n      <div class=\"sc-card-program__col-rating\">\r\n        <svg class=\"rating-score__content\" xmlns=\"http:\/\/www.w3.org\/2000\/svg\" version=\"1.1\" x=\"0\" y=\"0\" viewbox=\"0 0 50 50\" enable-background=\"new 0 0 50 50\" xml:space=\"preserve\"><path class=\"rating-score__background rating-score--good\" fill=\"none\" stroke-width=\"6\" stroke-miterlimit=\"10\" d=\"M40 40c8.3-8.3 8.3-21.7 0-30s-21.7-8.3-30 0 -8.3 21.7 0 30\"><\/path><path class=\"rating-score__value rating-score__value--0\" fill=\"none\" stroke-width=\"6\" stroke-dashoffset=\"0\" stroke-miterlimit=\"10\" d=\"M40 40c8.3-8.3 8.3-21.7 0-30s-21.7-8.3-30 0 -8.3 21.7 0 30\"><\/path><text class=\"rating-score__number\" content=\"\" text-anchor=\"middle\" transform=\"matrix(1 0 0 1 25 31.0837)\" data-auto=\"app-user-score\"><\/text><\/svg>\r\n      <\/div>\r\n    <\/div>\r\n    <div class=\"sc-card-program__row\">\r\n      <span class=\"sc-card-program__description\"><\/span>\r\n    <\/div>\r\n    <div class=\"sc-card-program__row\">\r\n      <img decoding=\"async\" class=\"sc-card-program__bigpic\" src=\"\" onerror=\"this.style.display='none'\">\r\n    <\/div>\r\n    <a class=\"sc-card-program__link track-link sc-card-program-sponsored\" href=\"http:\/\/starplus.sjv.io\/5bqROb\" target=\"_blank\" rel=\"noopener noreferrer sponsored\"><\/a>\r\n  <\/div>\r\n<\/div>\n","protected":false},"excerpt":{"rendered":"<p>La popular y exitosa serie brit\u00e1nica Outlander se acerca a su fin con el estreno de su temporada final en Star+. Tras 6 temporadas, Claire Randall (Caitriona Balfe) y Jamie Fraser (Sam Heughan) descubrir\u00e1n por fin que les depara el destino despu\u00e9s de toda una vida llena de lucha, fantas\u00eda, drama y una id\u00edlica historia &hellip; <a href=\"https:\/\/cms-articles.softonic.io\/es\/temporada-final-outlander-star-plus\/\" class=\"more-link\">Continue reading<span class=\"screen-reader-text\"> &#8220;La temporada final de Outlander ya en Star+: amor, guerra y dolor.&#8221;<\/span><\/a><\/p>\n","protected":false},"author":9238,"featured_media":294958,"comment_status":"closed","ping_status":"closed","sticky":false,"template":"","format":"standard","meta":{"footnotes":"","wpcf-pageviews":1},"categories":[9317,9412],"tags":[],"usertag":[],"vertical":[],"content-category":[],"class_list":["post-294943","post","type-post","status-publish","format-standard","has-post-thumbnail","hentry","category-news","category-sponsored"],"aioseo_notices":[],"_links":{"self":[{"href":"https:\/\/cms-articles.softonic.io\/es\/wp-json\/wp\/v2\/posts\/294943","targetHints":{"allow":["GET"]}}],"collection":[{"href":"https:\/\/cms-articles.softonic.io\/es\/wp-json\/wp\/v2\/posts"}],"about":[{"href":"https:\/\/cms-articles.softonic.io\/es\/wp-json\/wp\/v2\/types\/post"}],"author":[{"embeddable":true,"href":"https:\/\/cms-articles.softonic.io\/es\/wp-json\/wp\/v2\/users\/9238"}],"replies":[{"embeddable":true,"href":"https:\/\/cms-articles.softonic.io\/es\/wp-json\/wp\/v2\/comments?post=294943"}],"version-history":[{"count":1,"href":"https:\/\/cms-articles.softonic.io\/es\/wp-json\/wp\/v2\/posts\/294943\/revisions"}],"predecessor-version":[{"id":363464,"href":"https:\/\/cms-articles.softonic.io\/es\/wp-json\/wp\/v2\/posts\/294943\/revisions\/363464"}],"wp:featuredmedia":[{"embeddable":true,"href":"https:\/\/cms-articles.softonic.io\/es\/wp-json\/wp\/v2\/media\/294958"}],"wp:attachment":[{"href":"https:\/\/cms-articles.softonic.io\/es\/wp-json\/wp\/v2\/media?parent=294943"}],"wp:term":[{"taxonomy":"category","embeddable":true,"href":"https:\/\/cms-articles.softonic.io\/es\/wp-json\/wp\/v2\/categories?post=294943"},{"taxonomy":"post_tag","embeddable":true,"href":"https:\/\/cms-articles.softonic.io\/es\/wp-json\/wp\/v2\/tags?post=294943"},{"taxonomy":"usertag","embeddable":true,"href":"https:\/\/cms-articles.softonic.io\/es\/wp-json\/wp\/v2\/usertag?post=294943"},{"taxonomy":"vertical","embeddable":true,"href":"https:\/\/cms-articles.softonic.io\/es\/wp-json\/wp\/v2\/vertical?post=294943"},{"taxonomy":"content-category","embeddable":true,"href":"https:\/\/cms-articles.softonic.io\/es\/wp-json\/wp\/v2\/content-category?post=294943"}],"curies":[{"name":"wp","href":"https:\/\/api.w.org\/{rel}","templated":true}]}}