{"id":295247,"date":"2023-06-27T08:47:52","date_gmt":"2023-06-27T06:47:52","guid":{"rendered":"https:\/\/sftarticles.wpenginepowered.com\/es\/?p=295247"},"modified":"2025-06-12T19:49:38","modified_gmt":"2025-06-12T17:49:38","slug":"iphone-15-diseno-funda","status":"publish","type":"post","link":"https:\/\/cms-articles.softonic.io\/es\/iphone-15-diseno-funda\/","title":{"rendered":"El iPhone 15 y su dise\u00f1o al descubierto, por lo menos seg\u00fan estas fundas"},"content":{"rendered":"\n<p class=\"wp-block-paragraph\">El rumor de la industria de la tecnolog\u00eda que ha estado en boca de todos durante los \u00faltimos meses finalmente tiene una cara, o m\u00e1s bien, una funda. En una serie de im\u00e1genes <a href=\"https:\/\/weibo.com\/u\/5367283758\" target=\"_blank\" rel=\"noreferrer noopener nofollow\">publicadas en Weibo<\/a> y Twitter, las fundas dise\u00f1adas para el pr\u00f3ximo <a href=\"https:\/\/www.softonic.com\/articulos\/iphone-15\">iPhone 15<\/a> Pro <strong>revelan algunos cambios significativos en el dise\u00f1o<\/strong> del muy esperado tel\u00e9fono de Apple. Aunque para la informaci\u00f3n oficial de la compa\u00f1\u00eda seguiremos teniendo que esperar al lanzamiento en oto\u00f1o \u2014seguramente en septiembre\u2014, estas im\u00e1genes nos ofrecen una mirada a lo que podr\u00edamos esperar del nuevo modelo.<\/p>\n\n\n\n<!--more-->\n\n\n<div class=\"sc-card-program\">\r\n  <div class=\"sc-card-program__body\">\r\n    <div class=\"sc-card-program__row clearfix\">\r\n      <div class=\"sc-card-program__col-logo\">\r\n        <img decoding=\"async\" class=\"sc-card-program__img\" src=\"https:\/\/images.sftcdn.net\/images\/t_app-icon-m\/p\/933e1ce5-2062-40e7-8619-6978c3fdce16\/1997379573\/freeform-logo\" alt=\"Freeform\" width=\"100px\" height=\"100px\">\r\n      <\/div>\r\n      <div class=\"sc-card-program__col-title\">\r\n        <span class=\"sc-card-program__title\">Freeform<\/span>\r\n        <a class=\"sc-card-program__button sc-card-program-internal\" href=\"https:\/\/freeform.softonic.com\/iphone?ex=CS-987.2\" target=\"_self\" rel=\"noopener noreferrer\">Descargar<\/a>\r\n      <\/div>\r\n      <div class=\"sc-card-program__col-rating\">\r\n        <svg class=\"rating-score__content\" xmlns=\"http:\/\/www.w3.org\/2000\/svg\" version=\"1.1\" x=\"0\" y=\"0\" viewbox=\"0 0 50 50\" enable-background=\"new 0 0 50 50\" xml:space=\"preserve\"><path class=\"rating-score__background rating-score--good\" fill=\"none\" stroke-width=\"6\" stroke-miterlimit=\"10\" d=\"M40 40c8.3-8.3 8.3-21.7 0-30s-21.7-8.3-30 0 -8.3 21.7 0 30\"><\/path><path class=\"rating-score__value rating-score__value--0\" fill=\"none\" stroke-width=\"6\" stroke-dashoffset=\"0\" stroke-miterlimit=\"10\" d=\"M40 40c8.3-8.3 8.3-21.7 0-30s-21.7-8.3-30 0 -8.3 21.7 0 30\"><\/path><text class=\"rating-score__number\" content=\"\" text-anchor=\"middle\" transform=\"matrix(1 0 0 1 25 31.0837)\" data-auto=\"app-user-score\"><\/text><\/svg>\r\n      <\/div>\r\n    <\/div>\r\n    <div class=\"sc-card-program__row\">\r\n      <span class=\"sc-card-program__description\"><\/span>\r\n    <\/div>\r\n    <div class=\"sc-card-program__row\">\r\n      <img decoding=\"async\" class=\"sc-card-program__bigpic\" src=\"\" onerror=\"this.style.display='none'\">\r\n    <\/div>\r\n    <a class=\"sc-card-program__link track-link sc-card-program-internal\" href=\"https:\/\/freeform.softonic.com\/iphone?ex=CS-987.2\" target=\"_self\" rel=\"noopener noreferrer\"><\/a>\r\n  <\/div>\r\n<\/div>\n\n\n\n<h2 class=\"wp-block-heading\">Un dise\u00f1o que ya damos por hecho, pero con posibles sorpresas<\/h2>\n\n\n\n<p class=\"wp-block-paragraph\">La caracter\u00edstica que primero veremos en las im\u00e1genes filtradas es la <strong>reubicaci\u00f3n de los botones de encendido y volumen<\/strong>, que ahora est\u00e1n ligeramente m\u00e1s abajo que en los modelos iPhone 14 Pro. Es un cambio aparentemente menor, pero potencialmente significativo en t\u00e9rminos de ergonom\u00eda y usabilidad, y es probable que influya en facilitar la forma en que interactuamos con nuestros dispositivos. Algo que es todav\u00eda m\u00e1s evidente en el tama\u00f1o de los modelos Max.<\/p>\n\n\n\n<figure class=\"wp-block-image size-full\"><img loading=\"lazy\" decoding=\"async\" width=\"600\" height=\"800\" src=\"https:\/\/articles-img.sftcdn.net\/sft\/articles\/auto-mapping-folder\/sites\/2\/2023\/06\/005RezGSgy1hfam5aj7grj32c0340u0x.jpg\" alt=\"\" class=\"wp-image-295250\" srcset=\"https:\/\/articles-img.sftcdn.net\/auto-mapping-folder\/sites\/2\/2023\/06\/005RezGSgy1hfam5aj7grj32c0340u0x.jpg 600w, https:\/\/articles-img.sftcdn.net\/auto-mapping-folder\/sites\/2\/2023\/06\/005RezGSgy1hfam5aj7grj32c0340u0x-225x300.jpg 225w, https:\/\/articles-img.sftcdn.net\/auto-mapping-folder\/sites\/2\/2023\/06\/005RezGSgy1hfam5aj7grj32c0340u0x-9x12.jpg 9w, https:\/\/articles-img.sftcdn.net\/auto-mapping-folder\/sites\/2\/2023\/06\/005RezGSgy1hfam5aj7grj32c0340u0x-150x200.jpg 150w\" sizes=\"auto, (max-width: 600px) 100vw, 600px\" \/><\/figure>\n\n\n\n<p class=\"wp-block-paragraph\">Adem\u00e1s, las im\u00e1genes <strong>revelan cambios en el puerto de carga<\/strong> \u2014por otras fuentes sabemos que pasaremos del Lightning actual al USB-C\u2014 lo que requerir\u00e1 m\u00e1s espacio en la parte inferior del tel\u00e9fono. Un movimiento que ya damos por hecho m\u00e1s all\u00e1 de la filtraci\u00f3n de estas fundas y de otros renders que hemos visto en el pasado y que ser\u00e1 muy significativo en la estandarizaci\u00f3n de puertos, aunque no exenta de algunas pol\u00e9micas.<\/p>\n\n\n\n<figure class=\"wp-block-image size-full\"><img loading=\"lazy\" decoding=\"async\" width=\"600\" height=\"800\" src=\"https:\/\/articles-img.sftcdn.net\/sft\/articles\/auto-mapping-folder\/sites\/2\/2023\/06\/005RezGSgy1hfam58wpkyj32c0340qv5.jpg\" alt=\"\" class=\"wp-image-295248\" srcset=\"https:\/\/articles-img.sftcdn.net\/auto-mapping-folder\/sites\/2\/2023\/06\/005RezGSgy1hfam58wpkyj32c0340qv5.jpg 600w, https:\/\/articles-img.sftcdn.net\/auto-mapping-folder\/sites\/2\/2023\/06\/005RezGSgy1hfam58wpkyj32c0340qv5-225x300.jpg 225w, https:\/\/articles-img.sftcdn.net\/auto-mapping-folder\/sites\/2\/2023\/06\/005RezGSgy1hfam58wpkyj32c0340qv5-9x12.jpg 9w, https:\/\/articles-img.sftcdn.net\/auto-mapping-folder\/sites\/2\/2023\/06\/005RezGSgy1hfam58wpkyj32c0340qv5-150x200.jpg 150w\" sizes=\"auto, (max-width: 600px) 100vw, 600px\" \/><\/figure>\n\n\n\n<p class=\"wp-block-paragraph\">El tercer y \u00faltimo punto a extraer de estas fundas reci\u00e9n filtradas es el <a href=\"https:\/\/www.softonic.com\/articulos\/iphone-15-boton-accion-render\">cambio en el bot\u00f3n de silencio<\/a>. Uno que sustituir\u00e1 al antiguo interruptor que se encuentra sobre los botones de volumen. Mantendr\u00e1 su posici\u00f3n, pero no necesitar\u00e1 que lo desplacemos, lo que <strong>permitir\u00e1 a Apple darle un tama\u00f1o m\u00e1s peque\u00f1o<\/strong>. M\u00e1s peque\u00f1o tanto internamente como externamente. En este \u00faltimo apartado, como vemos en las im\u00e1genes, el espacio que requiere en la funda es claramente menor.<\/p>\n\n\n\n<figure class=\"wp-block-image size-full\"><img loading=\"lazy\" decoding=\"async\" width=\"600\" height=\"800\" src=\"https:\/\/articles-img.sftcdn.net\/sft\/articles\/auto-mapping-folder\/sites\/2\/2023\/06\/005RezGSgy1hfam55ciqwj32c0340u0x.jpg\" alt=\"\" class=\"wp-image-295249\" srcset=\"https:\/\/articles-img.sftcdn.net\/auto-mapping-folder\/sites\/2\/2023\/06\/005RezGSgy1hfam55ciqwj32c0340u0x.jpg 600w, https:\/\/articles-img.sftcdn.net\/auto-mapping-folder\/sites\/2\/2023\/06\/005RezGSgy1hfam55ciqwj32c0340u0x-225x300.jpg 225w, https:\/\/articles-img.sftcdn.net\/auto-mapping-folder\/sites\/2\/2023\/06\/005RezGSgy1hfam55ciqwj32c0340u0x-9x12.jpg 9w, https:\/\/articles-img.sftcdn.net\/auto-mapping-folder\/sites\/2\/2023\/06\/005RezGSgy1hfam55ciqwj32c0340u0x-150x200.jpg 150w\" sizes=\"auto, (max-width: 600px) 100vw, 600px\" \/><\/figure>\n\n\n\n<p class=\"wp-block-paragraph\">Recordemos, adem\u00e1s, que este bot\u00f3n no solo nos permitir\u00e1 silenciar el tel\u00e9fono, sino que est\u00e1 destinado a servir <strong>como un bot\u00f3n de acci\u00f3n multiuso al estilo del Apple Watch Ultra<\/strong>. Ejecuci\u00f3n de atajos, acciones r\u00e1pidas, opciones personalizables y m\u00e1s, son solo algunos ejemplos de lo que deber\u00edamos poder hacer, adem\u00e1s de activar o desactivar el silencio.<\/p>\n\n\n\n<p class=\"wp-block-paragraph\">Las im\u00e1genes de otras fundas compartidas en Twitter por Majin Bu, nos dan todav\u00eda m\u00e1s pistas. En ellas hemos el <a href=\"https:\/\/www.softonic.com\/articulos\/el-iphone-15-pro-max-llegaria-con-una-camara-extragrande-segun-los-rumores?\">gran tama\u00f1o de las lentes de las c\u00e1maras<\/a> y tambi\u00e9n el mayor espacio dedicado al micr\u00f3fono de la parte trasera del tel\u00e9fono.<\/p>\n\n\n\n<figure class=\"wp-block-embed is-type-rich is-provider-twitter wp-block-embed-twitter\"><div class=\"wp-block-embed__wrapper\">\n<blockquote class=\"twitter-tweet\" data-width=\"550\" data-dnt=\"true\"><p lang=\"it\" dir=\"ltr\">iPhone 15 Pro Max Case <a href=\"https:\/\/twitter.com\/hashtag\/apple?src=hash&amp;ref_src=twsrc%5Etfw\">#apple<\/a> <a href=\"https:\/\/twitter.com\/hashtag\/iphone?src=hash&amp;ref_src=twsrc%5Etfw\">#iphone<\/a> <a href=\"https:\/\/twitter.com\/hashtag\/iphone15promax?src=hash&amp;ref_src=twsrc%5Etfw\">#iphone15promax<\/a> <a href=\"https:\/\/t.co\/DfRuoXWNiL\">pic.twitter.com\/DfRuoXWNiL<\/a><\/p>&mdash; Majin Bu (@MajinBuOfficial) <a href=\"https:\/\/twitter.com\/MajinBuOfficial\/status\/1672691211528806400?ref_src=twsrc%5Etfw\">June 24, 2023<\/a><\/blockquote><script async src=\"https:\/\/platform.twitter.com\/widgets.js\" charset=\"utf-8\"><\/script>\n<\/div><\/figure>\n\n\n\n<p class=\"wp-block-paragraph\">Si a todo ello le sumamos que esperamos que el dise\u00f1o de los iPhone 15 nos sorprenda con un chasis de titanio, bordes delanteros y traseros ligeramente curvados que dan paso a biseles m\u00e1s delgados, estamos hablando de un cambio importante. Importante tambi\u00e9n porque dejar\u00e1 algo m\u00e1s de espacio en el interior para m\u00e1s componentes. Sobre todo si tenemos en cuenta que los tel\u00e9fonos vendidos en Estados Unidos ya no cuentan con una ranura para la tarjeta SIM f\u00edsica y que los vendidos en otras partes de Europa podr\u00edan seguir el mismo camino.<\/p>\n\n\n\n<p class=\"wp-block-paragraph\">Dicho todo esto, estas filtraciones, <strong>aunque muy interesantes, son precisamente eso: filtraciones<\/strong>. A\u00fan falta la confirmaci\u00f3n oficial de Apple y no debemos olvidar que estas caracter\u00edsticas pueden cambiar o, en algunos casos, no llegar a materializarse. Sin embargo, estas im\u00e1genes nos dan una idea del posible dise\u00f1o del iPhone 15 Pro, y si algo es seguro, es que el mundo entero est\u00e1 esperando ansiosamente para ver qu\u00e9 m\u00e1s tiene Apple bajo la manga. Hasta su lanzamiento oficial en septiembre, estaremos pendientes de la rumorolog\u00eda.<\/p>\n\n\n<div class=\"sc-card-program\">\r\n  <div class=\"sc-card-program__body\">\r\n    <div class=\"sc-card-program__row clearfix\">\r\n      <div class=\"sc-card-program__col-logo\">\r\n        <img decoding=\"async\" class=\"sc-card-program__img\" src=\"https:\/\/images.sftcdn.net\/images\/t_app-icon-m\/p\/933e1ce5-2062-40e7-8619-6978c3fdce16\/1997379573\/freeform-logo\" alt=\"Freeform\" width=\"100px\" height=\"100px\">\r\n      <\/div>\r\n      <div class=\"sc-card-program__col-title\">\r\n        <span class=\"sc-card-program__title\">Freeform<\/span>\r\n        <a class=\"sc-card-program__button sc-card-program-internal\" href=\"https:\/\/freeform.softonic.com\/iphone?ex=CS-987.2\" target=\"_self\" rel=\"noopener noreferrer\">Descargar<\/a>\r\n      <\/div>\r\n      <div class=\"sc-card-program__col-rating\">\r\n        <svg class=\"rating-score__content\" xmlns=\"http:\/\/www.w3.org\/2000\/svg\" version=\"1.1\" x=\"0\" y=\"0\" viewbox=\"0 0 50 50\" enable-background=\"new 0 0 50 50\" xml:space=\"preserve\"><path class=\"rating-score__background rating-score--good\" fill=\"none\" stroke-width=\"6\" stroke-miterlimit=\"10\" d=\"M40 40c8.3-8.3 8.3-21.7 0-30s-21.7-8.3-30 0 -8.3 21.7 0 30\"><\/path><path class=\"rating-score__value rating-score__value--0\" fill=\"none\" stroke-width=\"6\" stroke-dashoffset=\"0\" stroke-miterlimit=\"10\" d=\"M40 40c8.3-8.3 8.3-21.7 0-30s-21.7-8.3-30 0 -8.3 21.7 0 30\"><\/path><text class=\"rating-score__number\" content=\"\" text-anchor=\"middle\" transform=\"matrix(1 0 0 1 25 31.0837)\" data-auto=\"app-user-score\"><\/text><\/svg>\r\n      <\/div>\r\n    <\/div>\r\n    <div class=\"sc-card-program__row\">\r\n      <span class=\"sc-card-program__description\"><\/span>\r\n    <\/div>\r\n    <div class=\"sc-card-program__row\">\r\n      <img decoding=\"async\" class=\"sc-card-program__bigpic\" src=\"\" onerror=\"this.style.display='none'\">\r\n    <\/div>\r\n    <a class=\"sc-card-program__link track-link sc-card-program-internal\" href=\"https:\/\/freeform.softonic.com\/iphone?ex=CS-987.2\" target=\"_self\" rel=\"noopener noreferrer\"><\/a>\r\n  <\/div>\r\n<\/div>\n\n\n\n<p class=\"wp-block-paragraph\"><em>Algunos de los enlaces a\u00f1adidos en el art\u00edculo forman parte de campa\u00f1as de afiliaci\u00f3n y pueden representar beneficios para Softonic.<\/em><\/p>\n","protected":false},"excerpt":{"rendered":"<p>Aunque para la informaci\u00f3n oficial de la compa\u00f1\u00eda seguiremos teniendo que esperar al lanzamiento en oto\u00f1o \u2014seguramente en septiembre\u2014, estas im\u00e1genes nos ofrecen una mirada a lo que podr\u00edamos esperar del nuevo modelo.<\/p>\n","protected":false},"author":9262,"featured_media":295252,"comment_status":"closed","ping_status":"closed","sticky":false,"template":"","format":"standard","meta":{"footnotes":"","wpcf-pageviews":0},"categories":[9317],"tags":[],"usertag":[],"vertical":[],"content-category":[],"class_list":["post-295247","post","type-post","status-publish","format-standard","has-post-thumbnail","hentry","category-news"],"aioseo_notices":[],"_links":{"self":[{"href":"https:\/\/cms-articles.softonic.io\/es\/wp-json\/wp\/v2\/posts\/295247","targetHints":{"allow":["GET"]}}],"collection":[{"href":"https:\/\/cms-articles.softonic.io\/es\/wp-json\/wp\/v2\/posts"}],"about":[{"href":"https:\/\/cms-articles.softonic.io\/es\/wp-json\/wp\/v2\/types\/post"}],"author":[{"embeddable":true,"href":"https:\/\/cms-articles.softonic.io\/es\/wp-json\/wp\/v2\/users\/9262"}],"replies":[{"embeddable":true,"href":"https:\/\/cms-articles.softonic.io\/es\/wp-json\/wp\/v2\/comments?post=295247"}],"version-history":[{"count":1,"href":"https:\/\/cms-articles.softonic.io\/es\/wp-json\/wp\/v2\/posts\/295247\/revisions"}],"predecessor-version":[{"id":363470,"href":"https:\/\/cms-articles.softonic.io\/es\/wp-json\/wp\/v2\/posts\/295247\/revisions\/363470"}],"wp:featuredmedia":[{"embeddable":true,"href":"https:\/\/cms-articles.softonic.io\/es\/wp-json\/wp\/v2\/media\/295252"}],"wp:attachment":[{"href":"https:\/\/cms-articles.softonic.io\/es\/wp-json\/wp\/v2\/media?parent=295247"}],"wp:term":[{"taxonomy":"category","embeddable":true,"href":"https:\/\/cms-articles.softonic.io\/es\/wp-json\/wp\/v2\/categories?post=295247"},{"taxonomy":"post_tag","embeddable":true,"href":"https:\/\/cms-articles.softonic.io\/es\/wp-json\/wp\/v2\/tags?post=295247"},{"taxonomy":"usertag","embeddable":true,"href":"https:\/\/cms-articles.softonic.io\/es\/wp-json\/wp\/v2\/usertag?post=295247"},{"taxonomy":"vertical","embeddable":true,"href":"https:\/\/cms-articles.softonic.io\/es\/wp-json\/wp\/v2\/vertical?post=295247"},{"taxonomy":"content-category","embeddable":true,"href":"https:\/\/cms-articles.softonic.io\/es\/wp-json\/wp\/v2\/content-category?post=295247"}],"curies":[{"name":"wp","href":"https:\/\/api.w.org\/{rel}","templated":true}]}}