{"id":297124,"date":"2023-07-10T10:59:30","date_gmt":"2023-07-10T08:59:30","guid":{"rendered":"https:\/\/sftarticles.wpenginepowered.com\/es\/?p=297124"},"modified":"2025-06-12T19:42:37","modified_gmt":"2025-06-12T17:42:37","slug":"imac-32-pulgadas-gurman","status":"publish","type":"post","link":"https:\/\/cms-articles.softonic.io\/es\/imac-32-pulgadas-gurman\/","title":{"rendered":"\u00bfPreparado para un iMac m\u00e1s grande? Apple lo est\u00e1"},"content":{"rendered":"\n<p class=\"wp-block-paragraph\">Hace unas semanas supimos de los <a href=\"https:\/\/www.softonic.com\/articulos\/imac-30-pulgadas-rumores\">planes de Apple para lanzar un iMac de mayor tama\u00f1o<\/a>. Uno que fuera m\u00e1s all\u00e1 del modelo de 24 pulgadas tanto en diagonal de pantalla como en potencia y especificaciones. Ahora, sabemos que Apple <strong>estar\u00eda empezando a probar un iMac que llegar\u00eda a las 32 pulgadas<\/strong>, seg\u00fan recoge Mark Gurman en su <a href=\"https:\/\/www.bloomberg.com\/news\/newsletters\/2023-07-09\/apple-vision-pro-xr-headset-will-take-years-to-become-key-part-of-business-ljvfzfvr\" target=\"_blank\" rel=\"noreferrer noopener nofollow\">\u00faltima edici\u00f3n del bolet\u00edn<\/a> Power On. A pesar de que estos iMac est\u00e1n en una etapa temprana de desarrollo, Gurman estima que su lanzamiento se dar\u00eda a finales de 2024 o principios de 2025.<\/p>\n\n\n\n<!--more-->\n\n\n<div class=\"sc-card-program\">\r\n  <div class=\"sc-card-program__body\">\r\n    <div class=\"sc-card-program__row clearfix\">\r\n      <div class=\"sc-card-program__col-logo\">\r\n        <img decoding=\"async\" class=\"sc-card-program__img\" src=\"https:\/\/images.sftcdn.net\/images\/t_app-icon-m\/p\/35ed7560-9b29-11e6-b880-00163ec9f5fa\/2340664823\/shazam-logo\" alt=\"Shazam\" width=\"100px\" height=\"100px\">\r\n      <\/div>\r\n      <div class=\"sc-card-program__col-title\">\r\n        <span class=\"sc-card-program__title\">Shazam<\/span>\r\n        <a class=\"sc-card-program__button sc-card-program-internal\" href=\"https:\/\/shazam.softonic.com\/iphone\" target=\"_self\" rel=\"noopener noreferrer\">Descargar<\/a>\r\n      <\/div>\r\n      <div class=\"sc-card-program__col-rating\">\r\n        <svg class=\"rating-score__content\" xmlns=\"http:\/\/www.w3.org\/2000\/svg\" version=\"1.1\" x=\"0\" y=\"0\" viewbox=\"0 0 50 50\" enable-background=\"new 0 0 50 50\" xml:space=\"preserve\"><path class=\"rating-score__background rating-score--good\" fill=\"none\" stroke-width=\"6\" stroke-miterlimit=\"10\" d=\"M40 40c8.3-8.3 8.3-21.7 0-30s-21.7-8.3-30 0 -8.3 21.7 0 30\"><\/path><path class=\"rating-score__value rating-score__value--0\" fill=\"none\" stroke-width=\"6\" stroke-dashoffset=\"0\" stroke-miterlimit=\"10\" d=\"M40 40c8.3-8.3 8.3-21.7 0-30s-21.7-8.3-30 0 -8.3 21.7 0 30\"><\/path><text class=\"rating-score__number\" content=\"\" text-anchor=\"middle\" transform=\"matrix(1 0 0 1 25 31.0837)\" data-auto=\"app-user-score\"><\/text><\/svg>\r\n      <\/div>\r\n    <\/div>\r\n    <div class=\"sc-card-program__row\">\r\n      <span class=\"sc-card-program__description\"><\/span>\r\n    <\/div>\r\n    <div class=\"sc-card-program__row\">\r\n      <img decoding=\"async\" class=\"sc-card-program__bigpic\" src=\"\" onerror=\"this.style.display='none'\">\r\n    <\/div>\r\n    <a class=\"sc-card-program__link track-link sc-card-program-internal\" href=\"https:\/\/shazam.softonic.com\/iphone\" target=\"_self\" rel=\"noopener noreferrer\"><\/a>\r\n  <\/div>\r\n<\/div>\n\n\n\n<h2 class=\"wp-block-heading\">Un iMac mucho m\u00e1s Pro de lo que parecer\u00eda<\/h2>\n\n\n\n<p class=\"wp-block-paragraph\">Si bien ya sab\u00edamos que Apple trabajaba en un tama\u00f1o similar, no ha sido hasta hoy que tenemos el dato concreto de que Apple habr\u00eda decidido hacer que la pantalla de este nuevo iMac tuviera 32 pulgadas. Las mismas pulgadas, conviene destacar, <strong>que el Apple Pro Display XDR<\/strong>.<\/p>\n\n\n\n<figure class=\"wp-block-image size-full\"><img loading=\"lazy\" decoding=\"async\" width=\"410\" height=\"401\" src=\"https:\/\/articles-img.sftcdn.net\/sft\/articles\/auto-mapping-folder\/sites\/2\/2023\/07\/proxdrdisplay-main-650-400.png\" alt=\"\" class=\"wp-image-297125\" srcset=\"https:\/\/articles-img.sftcdn.net\/auto-mapping-folder\/sites\/2\/2023\/07\/proxdrdisplay-main-650-400.png 410w, https:\/\/articles-img.sftcdn.net\/auto-mapping-folder\/sites\/2\/2023\/07\/proxdrdisplay-main-650-400-300x293.png 300w, https:\/\/articles-img.sftcdn.net\/auto-mapping-folder\/sites\/2\/2023\/07\/proxdrdisplay-main-650-400-12x12.png 12w, https:\/\/articles-img.sftcdn.net\/auto-mapping-folder\/sites\/2\/2023\/07\/proxdrdisplay-main-650-400-150x147.png 150w\" sizes=\"auto, (max-width: 410px) 100vw, 410px\" \/><\/figure>\n\n\n\n<p class=\"wp-block-paragraph\">Y es que, visto lo visto, este nuevo iMac podr\u00eda emparejarse mejor con la pantalla de gama m\u00e1s alta de Apple, que con su variante de 27 pulgadas en forma de Studio Display. De ah\u00ed, de hecho, podemos estirar alguna deducci\u00f3n m\u00e1s, pues <strong>la Pro Display XDR tiene una resoluci\u00f3n de 6K<\/strong>, algo que, aunque los rumores no se pronuncien al respecto, podr\u00eda considerarse pata la pantalla del iMac que estamos hablando.<\/p>\n\n\n\n<p class=\"wp-block-paragraph\">Con la transici\u00f3n a Apple silicon y el dise\u00f1o ultradelgado del iMac de 24 pulgadas, ahora mismo, dicho iMac es el \u00fanico todo en uno que vende Apple. Un modelo que lleva el chip M1 y que se lanz\u00f3 en abril de 2021. Gurman espera que un modelo actualizado, con un chip M3, se lance a principios del pr\u00f3ximo a\u00f1o tras los <a href=\"https:\/\/www.softonic.com\/articulos\/iphone-15\">iPhone 15<\/a>. Y, m\u00e1s adelante, viniera <strong>acompa\u00f1ado del modelo de 32 pulgadas que nos ocupa ahora mismo<\/strong>.<\/p>\n\n\n\n<p class=\"wp-block-paragraph\">As\u00ed, estar\u00edamos ante un ordenador mucho m\u00e1s Pro de lo que parecer\u00eda. Quiz\u00e1 con un dise\u00f1o m\u00e1s parecido al de la misma pantalla Pro Display y que en potencia ir\u00eda mucho m\u00e1s all\u00e1 del actual. Con todo, pronto deber\u00edamos tener m\u00e1s donde elegir en cuanto a uno de los <strong>Mac m\u00e1s populares de todo el cat\u00e1logo de Apple<\/strong>.<\/p>\n\n\n<div class=\"sc-card-program\">\r\n  <div class=\"sc-card-program__body\">\r\n    <div class=\"sc-card-program__row clearfix\">\r\n      <div class=\"sc-card-program__col-logo\">\r\n        <img decoding=\"async\" class=\"sc-card-program__img\" src=\"https:\/\/images.sftcdn.net\/images\/t_app-icon-m\/p\/35ed7560-9b29-11e6-b880-00163ec9f5fa\/2340664823\/shazam-logo\" alt=\"Shazam\" width=\"100px\" height=\"100px\">\r\n      <\/div>\r\n      <div class=\"sc-card-program__col-title\">\r\n        <span class=\"sc-card-program__title\">Shazam<\/span>\r\n        <a class=\"sc-card-program__button sc-card-program-internal\" href=\"https:\/\/shazam.softonic.com\/iphone\" target=\"_self\" rel=\"noopener noreferrer\">Descargar<\/a>\r\n      <\/div>\r\n      <div class=\"sc-card-program__col-rating\">\r\n        <svg class=\"rating-score__content\" xmlns=\"http:\/\/www.w3.org\/2000\/svg\" version=\"1.1\" x=\"0\" y=\"0\" viewbox=\"0 0 50 50\" enable-background=\"new 0 0 50 50\" xml:space=\"preserve\"><path class=\"rating-score__background rating-score--good\" fill=\"none\" stroke-width=\"6\" stroke-miterlimit=\"10\" d=\"M40 40c8.3-8.3 8.3-21.7 0-30s-21.7-8.3-30 0 -8.3 21.7 0 30\"><\/path><path class=\"rating-score__value rating-score__value--0\" fill=\"none\" stroke-width=\"6\" stroke-dashoffset=\"0\" stroke-miterlimit=\"10\" d=\"M40 40c8.3-8.3 8.3-21.7 0-30s-21.7-8.3-30 0 -8.3 21.7 0 30\"><\/path><text class=\"rating-score__number\" content=\"\" text-anchor=\"middle\" transform=\"matrix(1 0 0 1 25 31.0837)\" data-auto=\"app-user-score\"><\/text><\/svg>\r\n      <\/div>\r\n    <\/div>\r\n    <div class=\"sc-card-program__row\">\r\n      <span class=\"sc-card-program__description\"><\/span>\r\n    <\/div>\r\n    <div class=\"sc-card-program__row\">\r\n      <img decoding=\"async\" class=\"sc-card-program__bigpic\" src=\"\" onerror=\"this.style.display='none'\">\r\n    <\/div>\r\n    <a class=\"sc-card-program__link track-link sc-card-program-internal\" href=\"https:\/\/shazam.softonic.com\/iphone\" target=\"_self\" rel=\"noopener noreferrer\"><\/a>\r\n  <\/div>\r\n<\/div>\n\n\n\n<p class=\"wp-block-paragraph\"><em>Algunos de los enlaces a\u00f1adidos en el art\u00edculo forman parte de campa\u00f1as de afiliaci\u00f3n y pueden representar beneficios para Softonic.<\/em><\/p>\n","protected":false},"excerpt":{"rendered":"<p>Pronto deber\u00edamos tener m\u00e1s donde elegir en cuanto a uno de los Mac m\u00e1s populares de todo el cat\u00e1logo de Apple.<\/p>\n","protected":false},"author":9262,"featured_media":297127,"comment_status":"closed","ping_status":"closed","sticky":false,"template":"","format":"standard","meta":{"footnotes":"","wpcf-pageviews":0},"categories":[9317],"tags":[],"usertag":[],"vertical":[],"content-category":[],"class_list":["post-297124","post","type-post","status-publish","format-standard","has-post-thumbnail","hentry","category-news"],"aioseo_notices":[],"_links":{"self":[{"href":"https:\/\/cms-articles.softonic.io\/es\/wp-json\/wp\/v2\/posts\/297124","targetHints":{"allow":["GET"]}}],"collection":[{"href":"https:\/\/cms-articles.softonic.io\/es\/wp-json\/wp\/v2\/posts"}],"about":[{"href":"https:\/\/cms-articles.softonic.io\/es\/wp-json\/wp\/v2\/types\/post"}],"author":[{"embeddable":true,"href":"https:\/\/cms-articles.softonic.io\/es\/wp-json\/wp\/v2\/users\/9262"}],"replies":[{"embeddable":true,"href":"https:\/\/cms-articles.softonic.io\/es\/wp-json\/wp\/v2\/comments?post=297124"}],"version-history":[{"count":1,"href":"https:\/\/cms-articles.softonic.io\/es\/wp-json\/wp\/v2\/posts\/297124\/revisions"}],"predecessor-version":[{"id":363182,"href":"https:\/\/cms-articles.softonic.io\/es\/wp-json\/wp\/v2\/posts\/297124\/revisions\/363182"}],"wp:featuredmedia":[{"embeddable":true,"href":"https:\/\/cms-articles.softonic.io\/es\/wp-json\/wp\/v2\/media\/297127"}],"wp:attachment":[{"href":"https:\/\/cms-articles.softonic.io\/es\/wp-json\/wp\/v2\/media?parent=297124"}],"wp:term":[{"taxonomy":"category","embeddable":true,"href":"https:\/\/cms-articles.softonic.io\/es\/wp-json\/wp\/v2\/categories?post=297124"},{"taxonomy":"post_tag","embeddable":true,"href":"https:\/\/cms-articles.softonic.io\/es\/wp-json\/wp\/v2\/tags?post=297124"},{"taxonomy":"usertag","embeddable":true,"href":"https:\/\/cms-articles.softonic.io\/es\/wp-json\/wp\/v2\/usertag?post=297124"},{"taxonomy":"vertical","embeddable":true,"href":"https:\/\/cms-articles.softonic.io\/es\/wp-json\/wp\/v2\/vertical?post=297124"},{"taxonomy":"content-category","embeddable":true,"href":"https:\/\/cms-articles.softonic.io\/es\/wp-json\/wp\/v2\/content-category?post=297124"}],"curies":[{"name":"wp","href":"https:\/\/api.w.org\/{rel}","templated":true}]}}