{"id":303531,"date":"2023-08-20T15:17:41","date_gmt":"2023-08-20T13:17:41","guid":{"rendered":"https:\/\/sftarticles.wpenginepowered.com\/es\/?p=303531"},"modified":"2025-06-12T19:19:18","modified_gmt":"2025-06-12T17:19:18","slug":"series-miticas-reboots","status":"publish","type":"post","link":"https:\/\/cms-articles.softonic.io\/es\/series-miticas-reboots\/","title":{"rendered":"20 series m\u00edticas que han vuelto en los \u00faltimos a\u00f1os: de El Pr\u00edncipe de Bel-Air a El Internado"},"content":{"rendered":"\n<p class=\"wp-block-paragraph\">No hay duda de que <strong>la cultura de la nostalgia lleva a\u00f1os impregnando los cines de todo el mundo<\/strong>, con reboots, remakes y continuaciones constantes de pel\u00edculas que ya fueron un gran \u00e9xito en los a\u00f1os ochenta, noventa o incluso 2000. Casi ninguna franquicia se ha salvado de esta tendencia de los estudios&#8230; y, por supuesto, esto tambi\u00e9n ha llegado a la televisi\u00f3n.<\/p>\n\n\n\n<p class=\"wp-block-paragraph\">En Estados Unidos llevan ya un lustro aprovech\u00e1ndose de que <strong>el p\u00fablico solo quiere volver a ver lo que ya le gusta para llevar a cabo nuevas adaptaciones<\/strong>, continuaciones o reencuentros de sus series m\u00e1s cl\u00e1sicas. Y esto ha llegado incluso a nivel internacional, siendo Espa\u00f1a pionera en adaptar sus propias marcas a nuevas series o en llevar a cabo regresos esperados. <\/p>\n\n\n\n<p class=\"wp-block-paragraph\">A continuaci\u00f3n os dejamos con nada menos que <strong>20 series internacionales y nacionales que han vuelto de una forma u otra<\/strong>&#8230; o est\u00e1n por volver pronto. Para que luego digan que no tenemos d\u00f3nde escoger.<\/p>\n\n\n\n<h2 class=\"wp-block-heading\">1. El Pr\u00edncipe de Bel-Air<\/h2>\n\n\n\n<p class=\"wp-block-paragraph\"><a href=\"https:\/\/www.softonic.com\/articulos\/black-power-costumbrista-principe-de-belair-will-smith\" title=\"El pr\u00edncipe de Bel-Air\">El pr\u00edncipe de Bel-Air<\/a> no necesita presentaci\u00f3n. <strong>El \u00e9xito m\u00e1s internacional y querido de Will Smith<\/strong> fue un cl\u00e1sico de los noventa que cambi\u00f3 la televisi\u00f3n para siempre y ensalz\u00f3 a su estrella a lo m\u00e1s alto de la cima de Hollywood. Desde entonces, se habl\u00f3 mucho de un regreso con el cast original, pero finalmente el propio Smith ejerci\u00f3 de productor ejecutivo de un reboot desarrollado por Morgan Cooper, Malcolm Spellman, TJ Brady y Rasheed Newson y estrenado en 2021.<\/p>\n\n\n\n<figure class=\"wp-block-image size-large\"><img decoding=\"async\" src=\"https:\/\/articles-img.sftcdn.net\/sft\/articles\/auto-mapping-folder\/sites\/2\/2023\/08\/bel-air-2022-1024x611.jpg\" alt=\"\" class=\"wp-image-303546\" \/><\/figure>\n\n\n\n<h2 class=\"wp-block-heading\">2. The Twilight Zone<\/h2>\n\n\n\n<p class=\"wp-block-paragraph\">Entre los a\u00f1os 50 y 60, <strong>una serie nos llev\u00f3 &#8220;a los l\u00edmites de la realidad&#8221;<\/strong> con cap\u00edtulos antol\u00f3gicos que mezclaban terror, misterio y ciencia ficci\u00f3n de una forma que ha sido imitada a posteriori en decenas de ocasiones. The Twilight Zone regres\u00f3 en 2019 de nuevo gracias a Jordan Peele, director de Get Out, Us y Nope.<\/p>\n\n\n\n<figure class=\"wp-block-image size-large\"><img decoding=\"async\" src=\"https:\/\/articles-img.sftcdn.net\/sft\/articles\/auto-mapping-folder\/sites\/2\/2023\/08\/twilight-zone-1024x684.jpg\" alt=\"\" class=\"wp-image-303548\" \/><\/figure>\n\n\n\n<h2 class=\"wp-block-heading\">3. Los Hombres de Paco<\/h2>\n\n\n\n<p class=\"wp-block-paragraph\">Para los crecidos en los a\u00f1os 2000, <strong>un referente televisivo sin igual fue Los Hombres de Paco<\/strong>, serie polic\u00edaca por excelencia en Espa\u00f1a protagonizada por Hugo Silva, Paco Tous y Pep\u00f3n Nieto. En un movimiento que ha repetido varias veces ya, Atresmedia recuper\u00f3 a su elenco principal para llevar a cabo un reencuentro en forma de 16 cap\u00edtulos totalmente nuevos.<\/p>\n\n\n\n<figure class=\"wp-block-image size-full\"><img decoding=\"async\" src=\"https:\/\/articles-img.sftcdn.net\/sft\/articles\/auto-mapping-folder\/sites\/2\/2023\/08\/hombres-de-paco.jpg\" alt=\"\" class=\"wp-image-303549\" \/><\/figure>\n\n\n\n<h2 class=\"wp-block-heading\">4. Raven<\/h2>\n\n\n\n<p class=\"wp-block-paragraph\"><strong>Raven marc\u00f3 la infancia de muchos fans de Disney Channel.<\/strong> Protagonizada por Raven-Symon\u00e9, esta serie contaba la vida de una joven afroamericana con el poder de ver el futuro en situaciones bastante inoportunas. En 2023, Raven ha vuelto siendo ya una madre con un problema: su hijo ha heredado sus poderes.<\/p>\n\n\n<div class=\"sc-card-affiliation\">\r\n  <div class=\"sc-card-affiliation__content\">\r\n    <a href=\"https:\/\/disneyplus.bn5x.net\/mqMaD\" class=\"sc-card-affiliation__badge\" target=\"_blank\" rel=\"noopener noreferrer nofollow\">-18%<\/a>\r\n    <div class=\"sc-card-affiliation__image\">\r\n      <a href=\"https:\/\/disneyplus.bn5x.net\/mqMaD\" target=\"_blank\" rel=\"noopener noreferrer sponsored\">\r\n                <img decoding=\"async\" src=\"https:\/\/images.sftcdn.net\/images\/t_app-icon-s\/p\/cb9c24ac-3f13-4b50-8f38-29f93052187a\/4236099912\/disney-plus-apps.9878.14495311847124170.294fed91-ba37-4b8a-83dc-b4098d97cebb.png\">\r\n            <\/a>\r\n    <\/div>\r\n\r\n    <div class=\"sc-card-affiliation__body\">\r\n      <div class=\"sc-card-affiliation__text\">\r\n        <a href=\"https:\/\/disneyplus.bn5x.net\/mqMaD\" class=\"sc-card-affiliation__title\" target=\"_blank\" rel=\"noopener noreferrer sponsored\">Suscripci\u00f3n Anual Disney+<\/a>\r\n        <p class=\"sc-card-affiliation__supplier\">\r\n          De: <strong>Disney<\/strong>\r\n        <\/p>\r\n        <p class=\"sc-card-affiliation__price\">\r\n          89,99 \u20ac <strike>107,88 \u20ac<\/strike>\r\n        <\/p>\r\n      <\/div>\r\n      <div class=\"sc-card-affiliation__cta\">\r\n        <a href=\"https:\/\/disneyplus.bn5x.net\/mqMaD\" target=\"_blank\" class=\"sc-card-affiliation__button\" rel=\"noopener noreferrer sponsored\">Suscr\u00edbete<\/a>\r\n      <\/div>\r\n    <\/div>\r\n  <\/div>\r\n<\/div>\n\n\n\n<figure class=\"wp-block-image size-large\"><img decoding=\"async\" src=\"https:\/\/articles-img.sftcdn.net\/sft\/articles\/auto-mapping-folder\/sites\/2\/2023\/08\/raven-house-1024x538.jpg\" alt=\"\" class=\"wp-image-303550\" \/><\/figure>\n\n\n\n<h2 class=\"wp-block-heading\">5. Madres Forzosas<\/h2>\n\n\n\n<p class=\"wp-block-paragraph\">Madres forzosas es un cl\u00e1sico de los noventa protagonizado por protagonizado por Bob Saget, John Stamos, Dave Coulier, Candace Cameron Bure, Jodie Sweetin, Mary-Kate Olsen, Ashley Olsen, Lori Loughlin y Andrea Barber. En 2016, <strong>casi veinte a\u00f1os despu\u00e9s de su final<\/strong>, Netflix trajo de vuelta la serie con una secuela que sigue la historia de DJ Fuller, madre de tres hijos y viuda reciente.<\/p>\n\n\n\n<figure class=\"wp-block-image size-full\"><img decoding=\"async\" src=\"https:\/\/articles-img.sftcdn.net\/sft\/articles\/auto-mapping-folder\/sites\/2\/2023\/08\/madres-forzosas.jpg\" alt=\"\" class=\"wp-image-303551\" \/><\/figure>\n\n\n\n<h2 class=\"wp-block-heading\">6. Expediente X<\/h2>\n\n\n\n<p class=\"wp-block-paragraph\">No hay duda de que, junto a Twin Peaks, <strong><a href=\"https:\/\/www.softonic.com\/articulos\/expediente-x-fecha-temporada-2016-mbr\" title=\"Expediente X\">Expediente X<\/a> es una de las series que marc\u00f3 el futuro de la ficci\u00f3n televisiva<\/strong> y marc\u00f3 un antes y un despu\u00e9s a principios de los a\u00f1os 2000. Tras su final, la serie regres\u00f3 en 2016 con dos nuevas temporadas que pusieron al d\u00eda a los populares Mulder y Scully.<\/p>\n\n\n\n<figure class=\"wp-block-image size-large\"><img decoding=\"async\" src=\"https:\/\/articles-img.sftcdn.net\/sft\/articles\/auto-mapping-folder\/sites\/2\/2023\/08\/expediente-x-1024x683.jpg\" alt=\"\" class=\"wp-image-303552\" \/><\/figure>\n\n\n\n<h2 class=\"wp-block-heading\">7. F\u00edsica o Qu\u00edmica<\/h2>\n\n\n\n<p class=\"wp-block-paragraph\">Si a\u00fan oyes en tu cabeza<strong> &#8220;La mitad de lo que hemos vividoooo&#8221;<\/strong> cuando piensas en tu adolescencia dosmilera, es el momento de saber que F\u00edsica o Qu\u00edmica, la m\u00edtica serie espa\u00f1ola protagonizada por actores como \u00darsula o Javier Calvo, volvi\u00f3 en 2020 con un breve reencuentro en forma de miniserie.<\/p>\n\n\n\n<figure class=\"wp-block-image size-full\"><img decoding=\"async\" src=\"https:\/\/articles-img.sftcdn.net\/sft\/articles\/auto-mapping-folder\/sites\/2\/2023\/08\/foq-1-1.jpg\" alt=\"\" class=\"wp-image-303553\" \/><\/figure>\n\n\n\n<h2 class=\"wp-block-heading\">8. Embrujadas<\/h2>\n\n\n\n<p class=\"wp-block-paragraph\">Entre Embrujadas y <strong>Buffy, cazavampiros<\/strong>, los fans adolescentes de lo sobrenatural estaban de enhorabuena a principios de los a\u00f1os 2000. El \u00e9xito de la primera serie hizo que llegara a las ocho temporadas, pero la cosa no pod\u00eda quedarse ah\u00ed. En 2018, The CW hizo un reboot completo de la serie con Melonie Diaz, Sarah Jeffery y Madeleine Mantock como protagonistas.<\/p>\n\n\n\n<figure class=\"wp-block-image size-full\"><img loading=\"lazy\" decoding=\"async\" width=\"620\" height=\"420\" src=\"https:\/\/articles-img.sftcdn.net\/sft\/articles\/auto-mapping-folder\/sites\/2\/2023\/08\/embrujadas.jpg\" alt=\"\" class=\"wp-image-303554\" srcset=\"https:\/\/articles-img.sftcdn.net\/auto-mapping-folder\/sites\/2\/2023\/08\/embrujadas.jpg 620w, https:\/\/articles-img.sftcdn.net\/auto-mapping-folder\/sites\/2\/2023\/08\/embrujadas-300x203.jpg 300w, https:\/\/articles-img.sftcdn.net\/auto-mapping-folder\/sites\/2\/2023\/08\/embrujadas-18x12.jpg 18w, https:\/\/articles-img.sftcdn.net\/auto-mapping-folder\/sites\/2\/2023\/08\/embrujadas-150x102.jpg 150w\" sizes=\"auto, (max-width: 620px) 100vw, 620px\" \/><\/figure>\n\n\n\n<h2 class=\"wp-block-heading\">9. iCarly<\/h2>\n\n\n\n<p class=\"wp-block-paragraph\">S\u00ed, el meme famoso de Twitter no apareci\u00f3 de la nada: viene directamente de la serie iCarly, de Nickelodeon. Este fen\u00f3meno internacional se emiti\u00f3 entre 2007 y 2012, solo para volver nueve a\u00f1os despu\u00e9s con el personaje de <strong>Miranda Cosgrove como una mujer con sus nuevos problemas<\/strong> pero sus amigos de siempre. La serie sigue a d\u00eda de hoy.<\/p>\n\n\n\n<figure class=\"wp-block-image size-large\"><img loading=\"lazy\" decoding=\"async\" width=\"1024\" height=\"768\" src=\"https:\/\/articles-img.sftcdn.net\/sft\/articles\/auto-mapping-folder\/sites\/2\/2023\/08\/icarly-1-1024x768.jpg\" alt=\"\" class=\"wp-image-303555\" srcset=\"https:\/\/articles-img.sftcdn.net\/auto-mapping-folder\/sites\/2\/2023\/08\/icarly-1-1024x768.jpg 1024w, https:\/\/articles-img.sftcdn.net\/auto-mapping-folder\/sites\/2\/2023\/08\/icarly-1-300x225.jpg 300w, https:\/\/articles-img.sftcdn.net\/auto-mapping-folder\/sites\/2\/2023\/08\/icarly-1-768x576.jpg 768w, https:\/\/articles-img.sftcdn.net\/auto-mapping-folder\/sites\/2\/2023\/08\/icarly-1-16x12.jpg 16w, https:\/\/articles-img.sftcdn.net\/auto-mapping-folder\/sites\/2\/2023\/08\/icarly-1-150x112.jpg 150w, https:\/\/articles-img.sftcdn.net\/auto-mapping-folder\/sites\/2\/2023\/08\/icarly-1.jpg 1067w\" sizes=\"auto, (max-width: 1024px) 100vw, 1024px\" \/><\/figure>\n\n\n\n<h2 class=\"wp-block-heading\">10. Patoaventuras<\/h2>\n\n\n\n<p class=\"wp-block-paragraph\">Esta ficci\u00f3n se encuentra entre lo mejorcito que ha hecho Disney en lo que a series animadas se refiere, y no hay duda de que su versi\u00f3n emitida entre los ochenta y los noventa cautiv\u00f3 a un gran p\u00fablico. Tanto fue as\u00ed que, en 2017, volvieron a la carga con <strong>un nuevo estilo y un humor mucho m\u00e1s moderno<\/strong>, volviendo a ser un gran \u00e9xito para todo tipo de p\u00fablicos.<\/p>\n\n\n\n<figure class=\"wp-block-image size-large\"><img loading=\"lazy\" decoding=\"async\" width=\"1024\" height=\"512\" src=\"https:\/\/articles-img.sftcdn.net\/sft\/articles\/auto-mapping-folder\/sites\/2\/2023\/08\/patoaventuras-1-1024x512.jpg\" alt=\"\" class=\"wp-image-303556\" srcset=\"https:\/\/articles-img.sftcdn.net\/auto-mapping-folder\/sites\/2\/2023\/08\/patoaventuras-1-1024x512.jpg 1024w, https:\/\/articles-img.sftcdn.net\/auto-mapping-folder\/sites\/2\/2023\/08\/patoaventuras-1-300x150.jpg 300w, https:\/\/articles-img.sftcdn.net\/auto-mapping-folder\/sites\/2\/2023\/08\/patoaventuras-1-768x384.jpg 768w, https:\/\/articles-img.sftcdn.net\/auto-mapping-folder\/sites\/2\/2023\/08\/patoaventuras-1-18x9.jpg 18w, https:\/\/articles-img.sftcdn.net\/auto-mapping-folder\/sites\/2\/2023\/08\/patoaventuras-1-150x75.jpg 150w, https:\/\/articles-img.sftcdn.net\/auto-mapping-folder\/sites\/2\/2023\/08\/patoaventuras-1.jpg 1200w\" sizes=\"auto, (max-width: 1024px) 100vw, 1024px\" \/><\/figure>\n\n\n\n<h2 class=\"wp-block-heading\">11. Un Paso Adelante<\/h2>\n\n\n\n<p class=\"wp-block-paragraph\">UPA fue una de las series m\u00e1s m\u00edticas del panorama espa\u00f1ol durante los a\u00f1os 2000. Basada en una academia de baile, consigui\u00f3 tener 84 episodios y ensalzar la carrera de actores y artistas como <strong>Miguel \u00c1ngel Mu\u00f1oz, Beatriz Luengo, M\u00f3nica Cruz o Pablo Puyol<\/strong>. En 2023, se ha estrenado su secuela en Atresmedia: UPA Next. 15 a\u00f1os despu\u00e9s de la serie anterior, todo ha cambiado en la escuela m\u00edtica de danza profesional.<\/p>\n\n\n\n<figure class=\"wp-block-image size-large\"><img decoding=\"async\" src=\"https:\/\/articles-img.sftcdn.net\/sft\/articles\/auto-mapping-folder\/sites\/2\/2023\/08\/upa-next-1024x724.jpg\" alt=\"\" class=\"wp-image-303557\" \/><\/figure>\n\n\n\n<h2 class=\"wp-block-heading\">12. Doctor Who<\/h2>\n\n\n\n<p class=\"wp-block-paragraph\">Aqu\u00ed nos tenemos que ir un poco m\u00e1s atr\u00e1s para entender este reboot, concretamente de 1989 a 2005 (con una pel\u00edcula entre medias). <strong><a href=\"https:\/\/doctor-who-the-edge-of-time.softonic.com\/\" title=\"Doctor Who\">Doctor Who<\/a> fue, desde los a\u00f1os sesenta, un cl\u00e1sico de la televisi\u00f3n brit\u00e1nica<\/strong>. Por ello, cuando la serie regres\u00f3 en los 2000, a todos pareci\u00f3 encantar su regreso: era obvio que deb\u00eda estar de vuelta. Y hasta el momento as\u00ed sigue la cosa.<\/p>\n\n\n\n<figure class=\"wp-block-image size-large\"><img decoding=\"async\" src=\"https:\/\/articles-img.sftcdn.net\/sft\/articles\/auto-mapping-folder\/sites\/2\/2023\/08\/doctor-who-1024x576.jpg\" alt=\"\" class=\"wp-image-303558\" \/><\/figure>\n\n\n\n<h2 class=\"wp-block-heading\">13. Los Proud<\/h2>\n\n\n\n<p class=\"wp-block-paragraph\">Otra serie que se sum\u00f3 al Black Power costumbrista de entre los noventa y los 2000 fue Los Proud, ficci\u00f3n animada de Disney Channel. En 2020, <strong>Disney Plus estren\u00f3 un reboot de esta serie<\/strong>, tambi\u00e9n protagonizada por Penny Proud en el mismo ambiente que la serie original.<\/p>\n\n\n<div class=\"sc-card-affiliation\">\r\n  <div class=\"sc-card-affiliation__content\">\r\n    <a href=\"https:\/\/disneyplus.bn5x.net\/mqMaD\" class=\"sc-card-affiliation__badge\" target=\"_blank\" rel=\"noopener noreferrer nofollow\">-18%<\/a>\r\n    <div class=\"sc-card-affiliation__image\">\r\n      <a href=\"https:\/\/disneyplus.bn5x.net\/mqMaD\" target=\"_blank\" rel=\"noopener noreferrer sponsored\">\r\n                <img decoding=\"async\" src=\"https:\/\/images.sftcdn.net\/images\/t_app-icon-s\/p\/cb9c24ac-3f13-4b50-8f38-29f93052187a\/4236099912\/disney-plus-apps.9878.14495311847124170.294fed91-ba37-4b8a-83dc-b4098d97cebb.png\">\r\n            <\/a>\r\n    <\/div>\r\n\r\n    <div class=\"sc-card-affiliation__body\">\r\n      <div class=\"sc-card-affiliation__text\">\r\n        <a href=\"https:\/\/disneyplus.bn5x.net\/mqMaD\" class=\"sc-card-affiliation__title\" target=\"_blank\" rel=\"noopener noreferrer sponsored\">Suscripci\u00f3n Anual Disney+<\/a>\r\n        <p class=\"sc-card-affiliation__supplier\">\r\n          De: <strong>Disney<\/strong>\r\n        <\/p>\r\n        <p class=\"sc-card-affiliation__price\">\r\n          89,99 \u20ac <strike>107,88 \u20ac<\/strike>\r\n        <\/p>\r\n      <\/div>\r\n      <div class=\"sc-card-affiliation__cta\">\r\n        <a href=\"https:\/\/disneyplus.bn5x.net\/mqMaD\" target=\"_blank\" class=\"sc-card-affiliation__button\" rel=\"noopener noreferrer sponsored\">Suscr\u00edbete<\/a>\r\n      <\/div>\r\n    <\/div>\r\n  <\/div>\r\n<\/div>\n\n\n\n<figure class=\"wp-block-image size-full\"><img loading=\"lazy\" decoding=\"async\" width=\"1024\" height=\"576\" src=\"https:\/\/articles-img.sftcdn.net\/sft\/articles\/auto-mapping-folder\/sites\/2\/2023\/08\/los-proud.jpg\" alt=\"\" class=\"wp-image-303559\" srcset=\"https:\/\/articles-img.sftcdn.net\/auto-mapping-folder\/sites\/2\/2023\/08\/los-proud.jpg 1024w, https:\/\/articles-img.sftcdn.net\/auto-mapping-folder\/sites\/2\/2023\/08\/los-proud-300x169.jpg 300w, https:\/\/articles-img.sftcdn.net\/auto-mapping-folder\/sites\/2\/2023\/08\/los-proud-768x433.jpg 768w, https:\/\/articles-img.sftcdn.net\/auto-mapping-folder\/sites\/2\/2023\/08\/los-proud-800x450.jpg 800w, https:\/\/articles-img.sftcdn.net\/auto-mapping-folder\/sites\/2\/2023\/08\/los-proud-664x374.jpg 664w, https:\/\/articles-img.sftcdn.net\/auto-mapping-folder\/sites\/2\/2023\/08\/los-proud-238x134.jpg 238w, https:\/\/articles-img.sftcdn.net\/auto-mapping-folder\/sites\/2\/2023\/08\/los-proud-436x246.jpg 436w, https:\/\/articles-img.sftcdn.net\/auto-mapping-folder\/sites\/2\/2023\/08\/los-proud-370x208.jpg 370w, https:\/\/articles-img.sftcdn.net\/auto-mapping-folder\/sites\/2\/2023\/08\/los-proud-304x170.jpg 304w, https:\/\/articles-img.sftcdn.net\/auto-mapping-folder\/sites\/2\/2023\/08\/los-proud-18x10.jpg 18w, https:\/\/articles-img.sftcdn.net\/auto-mapping-folder\/sites\/2\/2023\/08\/los-proud-150x84.jpg 150w\" sizes=\"auto, (max-width: 1024px) 100vw, 1024px\" \/><\/figure>\n\n\n\n<h2 class=\"wp-block-heading\">14. V<\/h2>\n\n\n\n<p class=\"wp-block-paragraph\">En los a\u00f1os ochenta, el sin\u00f3nimo de repitilianos y extraterrestres infiltrados entre la poblaci\u00f3n era V. La serie fue un gran fen\u00f3meno durante su emisi\u00f3n entre 1984 y 1985, as\u00ed que <strong>volvi\u00f3 en 2009 con una nueva versi\u00f3n que tuvo dos temporadas en ABC<\/strong>. El nuevo show estuvo protagonizado por Elizabeth Mitchell, Morris Chestnut, Joel Gretsch, Logan Huffman, Laura Vandervoort, Morena Baccarin, Laura Vandervoort y Morena Baccarin.<\/p>\n\n\n\n<figure class=\"wp-block-image size-full\"><img decoding=\"async\" src=\"https:\/\/articles-img.sftcdn.net\/sft\/articles\/auto-mapping-folder\/sites\/2\/2023\/08\/v-serie.jpg\" alt=\"\" class=\"wp-image-303560\" \/><\/figure>\n\n\n\n<h2 class=\"wp-block-heading\">15. Los protegidos<\/h2>\n\n\n\n<p class=\"wp-block-paragraph\">A Atresmedia esto de hacer reencuentros se le hace la boca agua, y no iba a dejar pasar <strong>una de sus series m\u00e1s exitosas en su momento: Los protegidos<\/strong>. La ficci\u00f3n superheroica emitida entre 2010 y 2012 regres\u00f3 entre 2021 y 2023 con dos temporadas y un total de diez episodios. De nuevo, los 4 Fant\u00e1sticos espa\u00f1oles volvieron a demostrar su fuerza y poder de uni\u00f3n.<\/p>\n\n\n\n<figure class=\"wp-block-image size-large\"><img decoding=\"async\" src=\"https:\/\/articles-img.sftcdn.net\/sft\/articles\/auto-mapping-folder\/sites\/2\/2023\/08\/los-protegidos-1024x768.jpg\" alt=\"\" class=\"wp-image-303561\" \/><\/figure>\n\n\n\n<h2 class=\"wp-block-heading\">16. Gossip Girl<\/h2>\n\n\n\n<p class=\"wp-block-paragraph\">Entre 2007 y 2012, las adolescentes de todo el mundo se volvieron locas con Gossip Girl, <strong>serie que se alarg\u00f3 en 6 temporadas y 121 episodios pero sin perder nunca su pulso<\/strong>. En 2021, la ficci\u00f3n regres\u00f3 con dos temporadas en las que particip\u00f3 el cast original: Jordan Alexander, Whitney Peak, Eli Brown, Thomas Doherty, Emily Alyn Lind y Evan Mock.<\/p>\n\n\n\n<figure class=\"wp-block-image size-large\"><img decoding=\"async\" src=\"https:\/\/articles-img.sftcdn.net\/sft\/articles\/auto-mapping-folder\/sites\/2\/2023\/08\/gossip-gril-1024x576.jpg\" alt=\"\" class=\"wp-image-303563\" \/><\/figure>\n\n\n\n<h2 class=\"wp-block-heading\">17. Star Trek<\/h2>\n\n\n\n<p class=\"wp-block-paragraph\"><a href=\"https:\/\/www.softonic.com\/articulos\/asi-puedes-ver-gratis-star-trek-en-youtube-te-ensenamos-el-truco-para-saltarse-la-prohibicion\" title=\"Star Trek\">Star Trek<\/a> es <strong>una marca que no se acaba nunca<\/strong>, y a lo largo de los a\u00f1os ha recibido m\u00e1s y m\u00e1s versiones. Pero, m\u00e1s all\u00e1 de las pel\u00edculas, nos llama la atenci\u00f3n c\u00f3mo se ha adaptado a los nuevos tiempos con las series que Netflix ha ido desarrollando a lo largo de los \u00faltimos a\u00f1os.<\/p>\n\n\n<div class=\"sc-card-program\">\r\n  <div class=\"sc-card-program__body\">\r\n    <div class=\"sc-card-program__row clearfix\">\r\n      <div class=\"sc-card-program__col-logo\">\r\n        <img decoding=\"async\" class=\"sc-card-program__img\" src=\"https:\/\/images.sftcdn.net\/images\/t_app-icon-m\/p\/d68f44d3-66e1-4b01-a990-7f7700572434\/3316657715\/netflix-netflix%20ixon.jpg\" alt=\"Netflix\" width=\"100px\" height=\"100px\">\r\n      <\/div>\r\n      <div class=\"sc-card-program__col-title\">\r\n        <span class=\"sc-card-program__title\">Netflix<\/span>\r\n        <a class=\"sc-card-program__button sc-card-program-internal\" href=\"https:\/\/netflix.softonic.com\" target=\"_self\" rel=\"noopener noreferrer\">DESCARGAR<\/a>\r\n      <\/div>\r\n      <div class=\"sc-card-program__col-rating\">\r\n        <svg class=\"rating-score__content\" xmlns=\"http:\/\/www.w3.org\/2000\/svg\" version=\"1.1\" x=\"0\" y=\"0\" viewbox=\"0 0 50 50\" enable-background=\"new 0 0 50 50\" xml:space=\"preserve\"><path class=\"rating-score__background rating-score--good\" fill=\"none\" stroke-width=\"6\" stroke-miterlimit=\"10\" d=\"M40 40c8.3-8.3 8.3-21.7 0-30s-21.7-8.3-30 0 -8.3 21.7 0 30\"><\/path><path class=\"rating-score__value rating-score__value--0\" fill=\"none\" stroke-width=\"6\" stroke-dashoffset=\"0\" stroke-miterlimit=\"10\" d=\"M40 40c8.3-8.3 8.3-21.7 0-30s-21.7-8.3-30 0 -8.3 21.7 0 30\"><\/path><text class=\"rating-score__number\" content=\"\" text-anchor=\"middle\" transform=\"matrix(1 0 0 1 25 31.0837)\" data-auto=\"app-user-score\"><\/text><\/svg>\r\n      <\/div>\r\n    <\/div>\r\n    <div class=\"sc-card-program__row\">\r\n      <span class=\"sc-card-program__description\"><\/span>\r\n    <\/div>\r\n    <div class=\"sc-card-program__row\">\r\n      <img decoding=\"async\" class=\"sc-card-program__bigpic\" src=\"\" onerror=\"this.style.display='none'\">\r\n    <\/div>\r\n    <a class=\"sc-card-program__link track-link sc-card-program-internal\" href=\"https:\/\/netflix.softonic.com\" target=\"_self\" rel=\"noopener noreferrer\"><\/a>\r\n  <\/div>\r\n<\/div>\n\n\n\n<figure class=\"wp-block-image size-large\"><img decoding=\"async\" src=\"https:\/\/articles-img.sftcdn.net\/sft\/articles\/auto-mapping-folder\/sites\/2\/2023\/08\/star-trek-discovery-1024x576.jpg\" alt=\"\" class=\"wp-image-303564\" \/><\/figure>\n\n\n\n<h2 class=\"wp-block-heading\">18. Salvados por la campana<\/h2>\n\n\n\n<p class=\"wp-block-paragraph\">A lo largo de 87 cap\u00edtulos, los crecidos durante finales de los ochenta y principios de los noventa disfrutaron de su propio coming of age con Salvados por la campana. Pero, como no pod\u00eda ser de otro modo, <strong>la serie de NBC regres\u00f3 a trav\u00e9s de dos nuevas temporadas<\/strong> hace tres a\u00f1os.<\/p>\n\n\n\n<figure class=\"wp-block-image size-large\"><img decoding=\"async\" src=\"https:\/\/articles-img.sftcdn.net\/sft\/articles\/auto-mapping-folder\/sites\/2\/2023\/08\/salvados-por-la-campana-2-1024x512.jpg\" alt=\"\" class=\"wp-image-303565\" \/><\/figure>\n\n\n\n<h2 class=\"wp-block-heading\">19. Arrested Development<\/h2>\n\n\n\n<p class=\"wp-block-paragraph\">Esta sitcom de gran \u00e9xito impuls\u00f3 la fama de actores como Michael Cera y Jason Bateman entre 2003 y 2006. Fue un fen\u00f3meno en su \u00e9poca, as\u00ed que de una forma u otra ten\u00eda que volver. Lo hizo en 2013 y 2018 a trav\u00e9s de <strong>dos temporadas extras que fueron directas a Netflix.<\/strong><\/p>\n\n\n\n<figure class=\"wp-block-image size-full\"><img loading=\"lazy\" decoding=\"async\" width=\"968\" height=\"645\" src=\"https:\/\/articles-img.sftcdn.net\/sft\/articles\/auto-mapping-folder\/sites\/2\/2023\/08\/arrested-development.jpg\" alt=\"\" class=\"wp-image-303566\" srcset=\"https:\/\/articles-img.sftcdn.net\/auto-mapping-folder\/sites\/2\/2023\/08\/arrested-development.jpg 968w, https:\/\/articles-img.sftcdn.net\/auto-mapping-folder\/sites\/2\/2023\/08\/arrested-development-300x200.jpg 300w, https:\/\/articles-img.sftcdn.net\/auto-mapping-folder\/sites\/2\/2023\/08\/arrested-development-768x512.jpg 768w, https:\/\/articles-img.sftcdn.net\/auto-mapping-folder\/sites\/2\/2023\/08\/arrested-development-18x12.jpg 18w, https:\/\/articles-img.sftcdn.net\/auto-mapping-folder\/sites\/2\/2023\/08\/arrested-development-150x100.jpg 150w\" sizes=\"auto, (max-width: 968px) 100vw, 968px\" \/><\/figure>\n\n\n\n<h2 class=\"wp-block-heading\">20. El Internado<\/h2>\n\n\n\n<p class=\"wp-block-paragraph\">Acabamos la lista con uno de los reboots m\u00e1s llamativos: el de El Internado. La serie que impuls\u00f3 a Ana de Armas antes de su llegada a Hollywood fue todo un \u00e9xito entre 2007 y 2010, y <strong>volvi\u00f3 en 2021 con un reboot completo con El Internado: Las Cumbres<\/strong>, serie original de Amazon Prime Video.<\/p>\n\n\n\n<figure class=\"wp-block-image size-large\"><img loading=\"lazy\" decoding=\"async\" width=\"1024\" height=\"614\" src=\"https:\/\/articles-img.sftcdn.net\/sft\/articles\/auto-mapping-folder\/sites\/2\/2023\/08\/el-internado-las-cumbres-1024x614.jpg\" alt=\"\" class=\"wp-image-303567\" srcset=\"https:\/\/articles-img.sftcdn.net\/auto-mapping-folder\/sites\/2\/2023\/08\/el-internado-las-cumbres-1024x614.jpg 1024w, https:\/\/articles-img.sftcdn.net\/auto-mapping-folder\/sites\/2\/2023\/08\/el-internado-las-cumbres-300x180.jpg 300w, https:\/\/articles-img.sftcdn.net\/auto-mapping-folder\/sites\/2\/2023\/08\/el-internado-las-cumbres-768x461.jpg 768w, https:\/\/articles-img.sftcdn.net\/auto-mapping-folder\/sites\/2\/2023\/08\/el-internado-las-cumbres-18x12.jpg 18w, https:\/\/articles-img.sftcdn.net\/auto-mapping-folder\/sites\/2\/2023\/08\/el-internado-las-cumbres-150x90.jpg 150w, https:\/\/articles-img.sftcdn.net\/auto-mapping-folder\/sites\/2\/2023\/08\/el-internado-las-cumbres.jpg 1200w\" sizes=\"auto, (max-width: 1024px) 100vw, 1024px\" \/><\/figure>\n\n\n<div class=\"sc-card-program\">\r\n  <div class=\"sc-card-program__body\">\r\n    <div class=\"sc-card-program__row clearfix\">\r\n      <div class=\"sc-card-program__col-logo\">\r\n        <img decoding=\"async\" class=\"sc-card-program__img\" src=\"https:\/\/images.sftcdn.net\/images\/t_app-icon-m\/p\/c162012f-3d10-436b-a6b5-fde423154d8c\/1515453778\/amazon-prime-video-Amazon%20Prime%20Video_logo.png\" alt=\"Amazon Prime Video\" width=\"100px\" height=\"100px\">\r\n      <\/div>\r\n      <div class=\"sc-card-program__col-title\">\r\n        <span class=\"sc-card-program__title\">Amazon Prime Video<\/span>\r\n        <a class=\"sc-card-program__button sc-card-program-internal\" href=\"https:\/\/amazon-prime-video.softonic.com\/\" target=\"_self\" rel=\"noopener noreferrer\">DESCARGAR<\/a>\r\n      <\/div>\r\n      <div class=\"sc-card-program__col-rating\">\r\n        <svg class=\"rating-score__content\" xmlns=\"http:\/\/www.w3.org\/2000\/svg\" version=\"1.1\" x=\"0\" y=\"0\" viewbox=\"0 0 50 50\" enable-background=\"new 0 0 50 50\" xml:space=\"preserve\"><path class=\"rating-score__background rating-score--good\" fill=\"none\" stroke-width=\"6\" stroke-miterlimit=\"10\" d=\"M40 40c8.3-8.3 8.3-21.7 0-30s-21.7-8.3-30 0 -8.3 21.7 0 30\"><\/path><path class=\"rating-score__value rating-score__value--0\" fill=\"none\" stroke-width=\"6\" stroke-dashoffset=\"0\" stroke-miterlimit=\"10\" d=\"M40 40c8.3-8.3 8.3-21.7 0-30s-21.7-8.3-30 0 -8.3 21.7 0 30\"><\/path><text class=\"rating-score__number\" content=\"\" text-anchor=\"middle\" transform=\"matrix(1 0 0 1 25 31.0837)\" data-auto=\"app-user-score\"><\/text><\/svg>\r\n      <\/div>\r\n    <\/div>\r\n    <div class=\"sc-card-program__row\">\r\n      <span class=\"sc-card-program__description\"><\/span>\r\n    <\/div>\r\n    <div class=\"sc-card-program__row\">\r\n      <img decoding=\"async\" class=\"sc-card-program__bigpic\" src=\"\" onerror=\"this.style.display='none'\">\r\n    <\/div>\r\n    <a class=\"sc-card-program__link track-link sc-card-program-internal\" href=\"https:\/\/amazon-prime-video.softonic.com\/\" target=\"_self\" rel=\"noopener noreferrer\"><\/a>\r\n  <\/div>\r\n<\/div>\n\n\n\n<p class=\"wp-block-paragraph\"><em>Algunos de los enlaces a\u00f1adidos en el art\u00edculo forman parte de campa\u00f1as de afiliaci\u00f3n y pueden representar beneficios para Softonic.<\/em><\/p>\n","protected":false},"excerpt":{"rendered":"<p>No hay duda de que la cultura de la nostalgia lleva a\u00f1os impregnando los cines de todo el mundo, con reboots, remakes y continuaciones constantes de pel\u00edculas que ya fueron un gran \u00e9xito en los a\u00f1os ochenta, noventa o incluso 2000. Casi ninguna franquicia se ha salvado de esta tendencia de los estudios&#8230; y, por &hellip; <a href=\"https:\/\/cms-articles.softonic.io\/es\/series-miticas-reboots\/\" class=\"more-link\">Continue reading<span class=\"screen-reader-text\"> &#8220;20 series m\u00edticas que han vuelto en los \u00faltimos a\u00f1os: de El Pr\u00edncipe de Bel-Air a El Internado&#8221;<\/span><\/a><\/p>\n","protected":false},"author":9257,"featured_media":303572,"comment_status":"closed","ping_status":"closed","sticky":false,"template":"","format":"standard","meta":{"footnotes":"","wpcf-pageviews":1},"categories":[9317],"tags":[],"usertag":[],"vertical":[],"content-category":[],"class_list":["post-303531","post","type-post","status-publish","format-standard","has-post-thumbnail","hentry","category-news"],"aioseo_notices":[],"_links":{"self":[{"href":"https:\/\/cms-articles.softonic.io\/es\/wp-json\/wp\/v2\/posts\/303531","targetHints":{"allow":["GET"]}}],"collection":[{"href":"https:\/\/cms-articles.softonic.io\/es\/wp-json\/wp\/v2\/posts"}],"about":[{"href":"https:\/\/cms-articles.softonic.io\/es\/wp-json\/wp\/v2\/types\/post"}],"author":[{"embeddable":true,"href":"https:\/\/cms-articles.softonic.io\/es\/wp-json\/wp\/v2\/users\/9257"}],"replies":[{"embeddable":true,"href":"https:\/\/cms-articles.softonic.io\/es\/wp-json\/wp\/v2\/comments?post=303531"}],"version-history":[{"count":1,"href":"https:\/\/cms-articles.softonic.io\/es\/wp-json\/wp\/v2\/posts\/303531\/revisions"}],"predecessor-version":[{"id":362201,"href":"https:\/\/cms-articles.softonic.io\/es\/wp-json\/wp\/v2\/posts\/303531\/revisions\/362201"}],"wp:featuredmedia":[{"embeddable":true,"href":"https:\/\/cms-articles.softonic.io\/es\/wp-json\/wp\/v2\/media\/303572"}],"wp:attachment":[{"href":"https:\/\/cms-articles.softonic.io\/es\/wp-json\/wp\/v2\/media?parent=303531"}],"wp:term":[{"taxonomy":"category","embeddable":true,"href":"https:\/\/cms-articles.softonic.io\/es\/wp-json\/wp\/v2\/categories?post=303531"},{"taxonomy":"post_tag","embeddable":true,"href":"https:\/\/cms-articles.softonic.io\/es\/wp-json\/wp\/v2\/tags?post=303531"},{"taxonomy":"usertag","embeddable":true,"href":"https:\/\/cms-articles.softonic.io\/es\/wp-json\/wp\/v2\/usertag?post=303531"},{"taxonomy":"vertical","embeddable":true,"href":"https:\/\/cms-articles.softonic.io\/es\/wp-json\/wp\/v2\/vertical?post=303531"},{"taxonomy":"content-category","embeddable":true,"href":"https:\/\/cms-articles.softonic.io\/es\/wp-json\/wp\/v2\/content-category?post=303531"}],"curies":[{"name":"wp","href":"https:\/\/api.w.org\/{rel}","templated":true}]}}