{"id":306553,"date":"2023-09-14T11:47:24","date_gmt":"2023-09-14T09:47:24","guid":{"rendered":"https:\/\/sftarticles.wpenginepowered.com\/es\/?p=306553"},"modified":"2025-06-12T19:05:34","modified_gmt":"2025-06-12T17:05:34","slug":"no-el-nuevo-iphone-15-pro-no-tiene-7-camaras-te-lo-explicamos","status":"publish","type":"post","link":"https:\/\/cms-articles.softonic.io\/es\/no-el-nuevo-iphone-15-pro-no-tiene-7-camaras-te-lo-explicamos\/","title":{"rendered":"No, el nuevo iPhone 15 Pro no tiene 7 c\u00e1maras: te lo explicamos"},"content":{"rendered":"\n<p class=\"wp-block-paragraph\">Esta semana en Apple han estado ocupados presentando al mundo la nueva generaci\u00f3n de iPhone. En concreto hablamos de los iPhone 15 y todos los modelos que llegan este final de a\u00f1o. <a href=\"https:\/\/www.softonic.com\/articulos\/apple-lanza-iphone-15\" target=\"_blank\" rel=\"noreferrer noopener\" title=\"Aqu\u00ed ten\u00e9is toda la informaci\u00f3n sobre los nuevos tel\u00e9fonos.\">Aqu\u00ed ten\u00e9is toda la informaci\u00f3n sobre los nuevos tel\u00e9fonos.<\/a><\/p>\n\n\n<div class=\"sc-card-program\">\r\n  <div class=\"sc-card-program__body\">\r\n    <div class=\"sc-card-program__row clearfix\">\r\n      <div class=\"sc-card-program__col-logo\">\r\n        <img decoding=\"async\" class=\"sc-card-program__img\" src=\"https:\/\/images.sftcdn.net\/images\/t_app-icon-s\/p\/136f0b86-36a2-484c-98df-49fc90b365b6\/3408125252\/ios-16-2023-04-12_11-52-21.png\" alt=\"iOS 16\" width=\"100px\" height=\"100px\">\r\n      <\/div>\r\n      <div class=\"sc-card-program__col-title\">\r\n        <span class=\"sc-card-program__title\">iOS 16<\/span>\r\n        <a class=\"sc-card-program__button sc-card-program-internal\" href=\"https:\/\/ios-16.softonic.com\/iphone\" target=\"_self\" rel=\"noopener noreferrer\">DESCARGAR<\/a>\r\n      <\/div>\r\n      <div class=\"sc-card-program__col-rating\">\r\n        <svg class=\"rating-score__content\" xmlns=\"http:\/\/www.w3.org\/2000\/svg\" version=\"1.1\" x=\"0\" y=\"0\" viewbox=\"0 0 50 50\" enable-background=\"new 0 0 50 50\" xml:space=\"preserve\"><path class=\"rating-score__background rating-score--good\" fill=\"none\" stroke-width=\"6\" stroke-miterlimit=\"10\" d=\"M40 40c8.3-8.3 8.3-21.7 0-30s-21.7-8.3-30 0 -8.3 21.7 0 30\"><\/path><path class=\"rating-score__value rating-score__value--0\" fill=\"none\" stroke-width=\"6\" stroke-dashoffset=\"0\" stroke-miterlimit=\"10\" d=\"M40 40c8.3-8.3 8.3-21.7 0-30s-21.7-8.3-30 0 -8.3 21.7 0 30\"><\/path><text class=\"rating-score__number\" content=\"\" text-anchor=\"middle\" transform=\"matrix(1 0 0 1 25 31.0837)\" data-auto=\"app-user-score\"><\/text><\/svg>\r\n      <\/div>\r\n    <\/div>\r\n    <div class=\"sc-card-program__row\">\r\n      <span class=\"sc-card-program__description\"><\/span>\r\n    <\/div>\r\n    <div class=\"sc-card-program__row\">\r\n      <img decoding=\"async\" class=\"sc-card-program__bigpic\" src=\"\" onerror=\"this.style.display='none'\">\r\n    <\/div>\r\n    <a class=\"sc-card-program__link track-link sc-card-program-internal\" href=\"https:\/\/ios-16.softonic.com\/iphone\" target=\"_self\" rel=\"noopener noreferrer\"><\/a>\r\n  <\/div>\r\n<\/div>\n\n\n\n<p class=\"wp-block-paragraph\">Pues bien,<strong> en la presentaci\u00f3n se habl\u00f3 que Apple hab\u00eda optado por la misma configuraci\u00f3n de tres c\u00e1maras en la parte posterior.<\/strong> Sin embargo, esta vez la compa\u00f1\u00eda lo present\u00f3 de una forma diferente, una forma que parec\u00eda decir otra cosa.<\/p>\n\n\n\n<p class=\"wp-block-paragraph\">En lugar de limitarse a hablar de c\u00f3mo la c\u00e1mara de 48 megap\u00edxeles del iPhone 15 Pro puede disparar a diferentes distancias focales, <strong>Apple habl\u00f3 de c\u00f3mo el tel\u00e9fono tiene siete c\u00e1maras en total.<\/strong><\/p>\n\n\n\n<figure class=\"wp-block-embed is-type-video is-provider-youtube wp-block-embed-youtube wp-embed-aspect-16-9 wp-has-aspect-ratio\"><div class=\"wp-block-embed__wrapper\">\n<iframe loading=\"lazy\" title=\"Presentamos el iPhone 15 Pro | Apple\" width=\"840\" height=\"473\" src=\"https:\/\/www.youtube.com\/embed\/Sd446tSywR0?feature=oembed\" frameborder=\"0\" allow=\"accelerometer; autoplay; clipboard-write; encrypted-media; gyroscope; picture-in-picture; web-share\" allowfullscreen><\/iframe>\n<\/div><\/figure>\n\n\n\n<h2 class=\"wp-block-heading\">C\u00f3mo Apple nos enga\u00f1\u00f3 para hacernos creer que ten\u00edan 7 c\u00e1maras<\/h2>\n\n\n\n<p class=\"wp-block-paragraph\"><strong>Esto se debe a que el sensor principal de 48 megap\u00edxeles puede disparar a 48 mm, 35 mm, 28 mm y 24 mm<\/strong>. Mientras que el teleobjetivo puede llegar hasta 12 0mm, y la tercera lente puede hacer macro o 13 mm, para el caso.<\/p>\n\n\n\n<p class=\"wp-block-paragraph\">Ahora, todo esto suena muy bien, pero es s\u00f3lo una t\u00e1ctica de marketing, porque realmente no es el caso.<\/p>\n\n\n\n<p class=\"wp-block-paragraph\">Ahora, el iPhone 15 Pro est\u00e1 equipado con una c\u00e1mara de 48 megap\u00edxeles que tiene una distancia focal fija de 24 mm. <strong>A partir de ah\u00ed, todas las distancias focales son digitales y no \u00f3pticas.<\/strong><\/p>\n\n\n\n<figure class=\"wp-block-embed is-type-rich is-provider-twitter wp-block-embed-twitter\"><div class=\"wp-block-embed__wrapper\">\n<blockquote class=\"twitter-tweet\" data-width=\"550\" data-dnt=\"true\"><p lang=\"en\" dir=\"ltr\">The seven camera modes of iphone 15 pro max <a href=\"https:\/\/twitter.com\/hashtag\/AppleEvent?src=hash&amp;ref_src=twsrc%5Etfw\">#AppleEvent<\/a> <a href=\"https:\/\/t.co\/bBDPy7qhn6\">pic.twitter.com\/bBDPy7qhn6<\/a><\/p>&mdash; AstroLexicon (@AstroLexicon) <a href=\"https:\/\/twitter.com\/AstroLexicon\/status\/1701669462875775267?ref_src=twsrc%5Etfw\">September 12, 2023<\/a><\/blockquote><script async src=\"https:\/\/platform.twitter.com\/widgets.js\" charset=\"utf-8\"><\/script>\n<\/div><\/figure>\n\n\n\n<p class=\"wp-block-paragraph\">Esto significa que 28 mm, 35 mm y 48 mm son todos digitales, ya que la lente en s\u00ed no es mec\u00e1nicamente capaz de moverse. <strong>Incluso el teleobjetivo de 12 megap\u00edxeles es en realidad de 77 mm en lugar de 120 mm, como Apple ha comercializado.<\/strong><\/p>\n\n\n\n<p class=\"wp-block-paragraph\">Ahora bien, no vamos a quitarle todo el m\u00e9rito a Apple. Si el nuevo iPhone puede demostrar que su zoom digital es casi tan bueno como el zoom \u00f3ptico, entonces estaremos de enhorabuena en el sector tecnol\u00f3gico.<\/p>\n\n\n\n<p class=\"wp-block-paragraph\">Afortunadamente, el iPhone 15 Pro est\u00e1 equipado con un buen sensor de 48 megap\u00edxeles, por lo que los clientes van a poder echar muy buenas fotos con su nuevo tel\u00e9fono, <strong>el cual seguramente ocupe las primeras posiciones en el ranking de mejores tel\u00e9fonos del a\u00f1o.<\/strong> <a href=\"https:\/\/www.softonic.com\/articulos\/iphone-15-vs-iphone-14\" target=\"_blank\" rel=\"noreferrer noopener\" title=\"\u00bfPero mucho mejor que el iPhone 14?\">\u00bfPero mucho mejor que el iPhone 14?<\/a><\/p>\n\n\n<div class=\"sc-card-program\">\r\n  <div class=\"sc-card-program__body\">\r\n    <div class=\"sc-card-program__row clearfix\">\r\n      <div class=\"sc-card-program__col-logo\">\r\n        <img decoding=\"async\" class=\"sc-card-program__img\" src=\"https:\/\/images.sftcdn.net\/images\/t_app-icon-s\/p\/136f0b86-36a2-484c-98df-49fc90b365b6\/3408125252\/ios-16-2023-04-12_11-52-21.png\" alt=\"iOS 16\" width=\"100px\" height=\"100px\">\r\n      <\/div>\r\n      <div class=\"sc-card-program__col-title\">\r\n        <span class=\"sc-card-program__title\">iOS 16<\/span>\r\n        <a class=\"sc-card-program__button sc-card-program-internal\" href=\"https:\/\/ios-16.softonic.com\/iphone\" target=\"_self\" rel=\"noopener noreferrer\">DESCARGAR<\/a>\r\n      <\/div>\r\n      <div class=\"sc-card-program__col-rating\">\r\n        <svg class=\"rating-score__content\" xmlns=\"http:\/\/www.w3.org\/2000\/svg\" version=\"1.1\" x=\"0\" y=\"0\" viewbox=\"0 0 50 50\" enable-background=\"new 0 0 50 50\" xml:space=\"preserve\"><path class=\"rating-score__background rating-score--good\" fill=\"none\" stroke-width=\"6\" stroke-miterlimit=\"10\" d=\"M40 40c8.3-8.3 8.3-21.7 0-30s-21.7-8.3-30 0 -8.3 21.7 0 30\"><\/path><path class=\"rating-score__value rating-score__value--0\" fill=\"none\" stroke-width=\"6\" stroke-dashoffset=\"0\" stroke-miterlimit=\"10\" d=\"M40 40c8.3-8.3 8.3-21.7 0-30s-21.7-8.3-30 0 -8.3 21.7 0 30\"><\/path><text class=\"rating-score__number\" content=\"\" text-anchor=\"middle\" transform=\"matrix(1 0 0 1 25 31.0837)\" data-auto=\"app-user-score\"><\/text><\/svg>\r\n      <\/div>\r\n    <\/div>\r\n    <div class=\"sc-card-program__row\">\r\n      <span class=\"sc-card-program__description\"><\/span>\r\n    <\/div>\r\n    <div class=\"sc-card-program__row\">\r\n      <img decoding=\"async\" class=\"sc-card-program__bigpic\" src=\"\" onerror=\"this.style.display='none'\">\r\n    <\/div>\r\n    <a class=\"sc-card-program__link track-link sc-card-program-internal\" href=\"https:\/\/ios-16.softonic.com\/iphone\" target=\"_self\" rel=\"noopener noreferrer\"><\/a>\r\n  <\/div>\r\n<\/div>\n","protected":false},"excerpt":{"rendered":"<p>El iPhone 15 Pro est\u00e1 equipado con una c\u00e1mara de 48 megap\u00edxeles que tiene una distancia focal fija de 24 mm. Y esto significa que en verdad tenemos&#8230;<\/p>\n","protected":false},"author":9265,"featured_media":306567,"comment_status":"closed","ping_status":"closed","sticky":false,"template":"","format":"standard","meta":{"footnotes":"","wpcf-pageviews":2},"categories":[9317],"tags":[10365],"usertag":[],"vertical":[],"content-category":[],"class_list":["post-306553","post","type-post","status-publish","format-standard","has-post-thumbnail","hentry","category-news","tag-app-subdomain-redirectionios-16"],"aioseo_notices":[],"_links":{"self":[{"href":"https:\/\/cms-articles.softonic.io\/es\/wp-json\/wp\/v2\/posts\/306553","targetHints":{"allow":["GET"]}}],"collection":[{"href":"https:\/\/cms-articles.softonic.io\/es\/wp-json\/wp\/v2\/posts"}],"about":[{"href":"https:\/\/cms-articles.softonic.io\/es\/wp-json\/wp\/v2\/types\/post"}],"author":[{"embeddable":true,"href":"https:\/\/cms-articles.softonic.io\/es\/wp-json\/wp\/v2\/users\/9265"}],"replies":[{"embeddable":true,"href":"https:\/\/cms-articles.softonic.io\/es\/wp-json\/wp\/v2\/comments?post=306553"}],"version-history":[{"count":1,"href":"https:\/\/cms-articles.softonic.io\/es\/wp-json\/wp\/v2\/posts\/306553\/revisions"}],"predecessor-version":[{"id":361621,"href":"https:\/\/cms-articles.softonic.io\/es\/wp-json\/wp\/v2\/posts\/306553\/revisions\/361621"}],"wp:featuredmedia":[{"embeddable":true,"href":"https:\/\/cms-articles.softonic.io\/es\/wp-json\/wp\/v2\/media\/306567"}],"wp:attachment":[{"href":"https:\/\/cms-articles.softonic.io\/es\/wp-json\/wp\/v2\/media?parent=306553"}],"wp:term":[{"taxonomy":"category","embeddable":true,"href":"https:\/\/cms-articles.softonic.io\/es\/wp-json\/wp\/v2\/categories?post=306553"},{"taxonomy":"post_tag","embeddable":true,"href":"https:\/\/cms-articles.softonic.io\/es\/wp-json\/wp\/v2\/tags?post=306553"},{"taxonomy":"usertag","embeddable":true,"href":"https:\/\/cms-articles.softonic.io\/es\/wp-json\/wp\/v2\/usertag?post=306553"},{"taxonomy":"vertical","embeddable":true,"href":"https:\/\/cms-articles.softonic.io\/es\/wp-json\/wp\/v2\/vertical?post=306553"},{"taxonomy":"content-category","embeddable":true,"href":"https:\/\/cms-articles.softonic.io\/es\/wp-json\/wp\/v2\/content-category?post=306553"}],"curies":[{"name":"wp","href":"https:\/\/api.w.org\/{rel}","templated":true}]}}