{"id":308963,"date":"2023-10-04T10:22:29","date_gmt":"2023-10-04T08:22:29","guid":{"rendered":"https:\/\/sftarticles.wpenginepowered.com\/es\/?p=308963"},"modified":"2025-06-12T18:54:59","modified_gmt":"2025-06-12T16:54:59","slug":"nuevos-mac-octubre-rumor","status":"publish","type":"post","link":"https:\/\/cms-articles.softonic.io\/es\/nuevos-mac-octubre-rumor\/","title":{"rendered":"Aparecen pistas de nuevos Mac para este oto\u00f1o en el lugar m\u00e1s inesperado: el programa Trade In"},"content":{"rendered":"\n<p class=\"wp-block-paragraph\">Octubre podr\u00eda ser un mes emocionante para el mundo Apple. Si bien parece que <a href=\"https:\/\/www.softonic.com\/articulos\/evento-apple-octubre-2023\">no veremos un evento este mes<\/a>, algunos rumores sugieren que la compa\u00f1\u00eda tiene planes de lanzar un nuevo modelo de Mac. Y sorprendentemente, la pista m\u00e1s significativa no viene de los canales habituales, sino del lugar m\u00e1s inesperado: <strong>el programa de cambio o &#8216;Trade In&#8217; de Apple<\/strong>.<\/p>\n\n\n\n<!--more-->\n\n\n<div class=\"sc-card-program\">\r\n  <div class=\"sc-card-program__body\">\r\n    <div class=\"sc-card-program__row clearfix\">\r\n      <div class=\"sc-card-program__col-logo\">\r\n        <img decoding=\"async\" class=\"sc-card-program__img\" src=\"https:\/\/images.sftcdn.net\/images\/t_app-icon-m\/p\/14e1eeac-9b2c-11e6-8c57-00163ec9f5fa\/2119089476\/apple-store-logo\" alt=\"Apple Store\" width=\"100px\" height=\"100px\">\r\n      <\/div>\r\n      <div class=\"sc-card-program__col-title\">\r\n        <span class=\"sc-card-program__title\">Apple Store<\/span>\r\n        <a class=\"sc-card-program__button sc-card-program-internal\" href=\"https:\/\/apple-store.softonic.com\/iphone\" target=\"_self\" rel=\"noopener noreferrer\">Descargar<\/a>\r\n      <\/div>\r\n      <div class=\"sc-card-program__col-rating\">\r\n        <svg class=\"rating-score__content\" xmlns=\"http:\/\/www.w3.org\/2000\/svg\" version=\"1.1\" x=\"0\" y=\"0\" viewbox=\"0 0 50 50\" enable-background=\"new 0 0 50 50\" xml:space=\"preserve\"><path class=\"rating-score__background rating-score--good\" fill=\"none\" stroke-width=\"6\" stroke-miterlimit=\"10\" d=\"M40 40c8.3-8.3 8.3-21.7 0-30s-21.7-8.3-30 0 -8.3 21.7 0 30\"><\/path><path class=\"rating-score__value rating-score__value--0\" fill=\"none\" stroke-width=\"6\" stroke-dashoffset=\"0\" stroke-miterlimit=\"10\" d=\"M40 40c8.3-8.3 8.3-21.7 0-30s-21.7-8.3-30 0 -8.3 21.7 0 30\"><\/path><text class=\"rating-score__number\" content=\"\" text-anchor=\"middle\" transform=\"matrix(1 0 0 1 25 31.0837)\" data-auto=\"app-user-score\"><\/text><\/svg>\r\n      <\/div>\r\n    <\/div>\r\n    <div class=\"sc-card-program__row\">\r\n      <span class=\"sc-card-program__description\"><\/span>\r\n    <\/div>\r\n    <div class=\"sc-card-program__row\">\r\n      <img decoding=\"async\" class=\"sc-card-program__bigpic\" src=\"\" onerror=\"this.style.display='none'\">\r\n    <\/div>\r\n    <a class=\"sc-card-program__link track-link sc-card-program-internal\" href=\"https:\/\/apple-store.softonic.com\/iphone\" target=\"_self\" rel=\"noopener noreferrer\"><\/a>\r\n  <\/div>\r\n<\/div>\n\n\n\n<h2 class=\"wp-block-heading\">Una pista que viene de la propia Apple, m\u00e1s o menos<\/h2>\n\n\n\n<p class=\"wp-block-paragraph\">El sitio web MacRumors ha <a href=\"https:\/\/www.macrumors.com\/2023\/10\/03\/trade-in-changes-may-indicate-new-mac-this-month\/\" target=\"_blank\" rel=\"noopener nofollow\" title=\"\">obtenido informaci\u00f3n<\/a> que indica cambios inminentes en el programa Trade In de Apple para Mac. Seg\u00fan su fuente, es probable que <strong>Apple comience a aceptar nuevos modelos para el programa este mes<\/strong>. \u00bfQu\u00e9 tiene esto que ver con un lanzamiento inminente? Bueno, cambios similares en junio pasado coincidieron con la WWDC, cuando Apple comenz\u00f3 a aceptar el Mac Studio, el MacBook Air de 13 pulgadas con chip M2 y el MacBook Pro de 13 pulgadas con chip M2.<\/p>\n\n\n\n<figure class=\"wp-block-embed is-type-video is-provider-youtube wp-block-embed-youtube wp-embed-aspect-16-9 wp-has-aspect-ratio\"><div class=\"wp-block-embed__wrapper\">\n<iframe loading=\"lazy\" title=\"Introducing MacBook Air 15\u201d | Apple\" width=\"840\" height=\"473\" src=\"https:\/\/www.youtube.com\/embed\/0okuAwqTHs0?feature=oembed\" frameborder=\"0\" allow=\"accelerometer; autoplay; clipboard-write; encrypted-media; gyroscope; picture-in-picture; web-share\" allowfullscreen><\/iframe>\n<\/div><\/figure>\n\n\n\n<p class=\"wp-block-paragraph\">Ese mismo mes, Apple lanz\u00f3 el MacBook Air de 15 pulgadas, la segunda generaci\u00f3n de Mac Studio y el Mac Pro con silicio Apple. La l\u00f3gica dicta que la <strong>expansi\u00f3n de los Mac que Apple acepta para cambio este mes normalmente se correlaciona con el lanzamiento<\/strong> de una nueva versi\u00f3n de esos ordenadores.<\/p>\n\n\n\n<p class=\"wp-block-paragraph\">Pero, \u00bfqu\u00e9 m\u00e1quina ser\u00e1? En julio, Mark Gurman de Bloomberg se\u00f1al\u00f3 que octubre podr\u00eda ser el mes en que Apple anuncie los primeros Mac con el chip M3. Los candidatos potenciales para una actualizaci\u00f3n este mes incluyen el <strong>MacBook Air de 13 pulgadas, el MacBook Pro de 13 pulgadas y el iMac de 24 pulgadas<\/strong>.<\/p>\n\n\n\n<p class=\"wp-block-paragraph\">Esperamos que el chip M3, a\u00fan no anunciado, est\u00e9 fabricado con el proceso de 3nm de TSMC, ofreciendo mejoras notables en rendimiento y eficiencia energ\u00e9tica en comparaci\u00f3n con el chip M2 basado en 5nm. Es probable, bas\u00e1ndonos en lo que hemos visto en el A17 Pro de los <a href=\"https:\/\/www.softonic.com\/articulos\/apple-lanza-iphone-15\">iPhone 15<\/a>, que tambi\u00e9n incluya una GPU renovada con soporte, entre otros, de ray-tracing por hardware.<\/p>\n\n\n\n<p class=\"wp-block-paragraph\">Hay informaci\u00f3n contradictoria, sin embargo. Ming-Chi Kuo afirm\u00f3 en septiembre que <strong>no espera que Apple lance nuevos modelos de MacBook con chips de la serie M3 antes de finales de a\u00f1o<\/strong>. Si Kuo est\u00e1 en lo cierto, esto podr\u00eda indicar que el \u00fanico producto que ver\u00eda un anuncio este octubre es un iMac de 24 pulgadas con chip M3.<\/p>\n\n\n<div class=\"sc-card-program\">\r\n  <div class=\"sc-card-program__body\">\r\n    <div class=\"sc-card-program__row clearfix\">\r\n      <div class=\"sc-card-program__col-logo\">\r\n        <img decoding=\"async\" class=\"sc-card-program__img\" src=\"https:\/\/images.sftcdn.net\/images\/t_app-icon-m\/p\/14e1eeac-9b2c-11e6-8c57-00163ec9f5fa\/2119089476\/apple-store-logo\" alt=\"Apple Store\" width=\"100px\" height=\"100px\">\r\n      <\/div>\r\n      <div class=\"sc-card-program__col-title\">\r\n        <span class=\"sc-card-program__title\">Apple Store<\/span>\r\n        <a class=\"sc-card-program__button sc-card-program-internal\" href=\"https:\/\/apple-store.softonic.com\/iphone\" target=\"_self\" rel=\"noopener noreferrer\">Descargar<\/a>\r\n      <\/div>\r\n      <div class=\"sc-card-program__col-rating\">\r\n        <svg class=\"rating-score__content\" xmlns=\"http:\/\/www.w3.org\/2000\/svg\" version=\"1.1\" x=\"0\" y=\"0\" viewbox=\"0 0 50 50\" enable-background=\"new 0 0 50 50\" xml:space=\"preserve\"><path class=\"rating-score__background rating-score--good\" fill=\"none\" stroke-width=\"6\" stroke-miterlimit=\"10\" d=\"M40 40c8.3-8.3 8.3-21.7 0-30s-21.7-8.3-30 0 -8.3 21.7 0 30\"><\/path><path class=\"rating-score__value rating-score__value--0\" fill=\"none\" stroke-width=\"6\" stroke-dashoffset=\"0\" stroke-miterlimit=\"10\" d=\"M40 40c8.3-8.3 8.3-21.7 0-30s-21.7-8.3-30 0 -8.3 21.7 0 30\"><\/path><text class=\"rating-score__number\" content=\"\" text-anchor=\"middle\" transform=\"matrix(1 0 0 1 25 31.0837)\" data-auto=\"app-user-score\"><\/text><\/svg>\r\n      <\/div>\r\n    <\/div>\r\n    <div class=\"sc-card-program__row\">\r\n      <span class=\"sc-card-program__description\"><\/span>\r\n    <\/div>\r\n    <div class=\"sc-card-program__row\">\r\n      <img decoding=\"async\" class=\"sc-card-program__bigpic\" src=\"\" onerror=\"this.style.display='none'\">\r\n    <\/div>\r\n    <a class=\"sc-card-program__link track-link sc-card-program-internal\" href=\"https:\/\/apple-store.softonic.com\/iphone\" target=\"_self\" rel=\"noopener noreferrer\"><\/a>\r\n  <\/div>\r\n<\/div>\n\n\n\n<p class=\"wp-block-paragraph\">Tendremos que estar pendientes a c\u00f3mo se desarrollan los acontecimientos, pero una cosa est\u00e1 clara: si la informaci\u00f3n de MacRumors es correcta, m\u00e1s pronto que tarde tendremos nuevos MacBook nosotros.<\/p>\n","protected":false},"excerpt":{"rendered":"<p>Tendremos que estar pendientes a c\u00f3mo se desarrollan los acontecimientos, pero una cosa est\u00e1 clara: si la informaci\u00f3n de MacRumors es correcta, m\u00e1s pronto que tarde tendremos nuevos MacBook nosotros.<\/p>\n","protected":false},"author":9262,"featured_media":308965,"comment_status":"closed","ping_status":"closed","sticky":false,"template":"","format":"standard","meta":{"footnotes":"","wpcf-pageviews":0},"categories":[9317],"tags":[],"usertag":[],"vertical":[],"content-category":[],"class_list":["post-308963","post","type-post","status-publish","format-standard","has-post-thumbnail","hentry","category-news"],"aioseo_notices":[],"_links":{"self":[{"href":"https:\/\/cms-articles.softonic.io\/es\/wp-json\/wp\/v2\/posts\/308963","targetHints":{"allow":["GET"]}}],"collection":[{"href":"https:\/\/cms-articles.softonic.io\/es\/wp-json\/wp\/v2\/posts"}],"about":[{"href":"https:\/\/cms-articles.softonic.io\/es\/wp-json\/wp\/v2\/types\/post"}],"author":[{"embeddable":true,"href":"https:\/\/cms-articles.softonic.io\/es\/wp-json\/wp\/v2\/users\/9262"}],"replies":[{"embeddable":true,"href":"https:\/\/cms-articles.softonic.io\/es\/wp-json\/wp\/v2\/comments?post=308963"}],"version-history":[{"count":1,"href":"https:\/\/cms-articles.softonic.io\/es\/wp-json\/wp\/v2\/posts\/308963\/revisions"}],"predecessor-version":[{"id":361153,"href":"https:\/\/cms-articles.softonic.io\/es\/wp-json\/wp\/v2\/posts\/308963\/revisions\/361153"}],"wp:featuredmedia":[{"embeddable":true,"href":"https:\/\/cms-articles.softonic.io\/es\/wp-json\/wp\/v2\/media\/308965"}],"wp:attachment":[{"href":"https:\/\/cms-articles.softonic.io\/es\/wp-json\/wp\/v2\/media?parent=308963"}],"wp:term":[{"taxonomy":"category","embeddable":true,"href":"https:\/\/cms-articles.softonic.io\/es\/wp-json\/wp\/v2\/categories?post=308963"},{"taxonomy":"post_tag","embeddable":true,"href":"https:\/\/cms-articles.softonic.io\/es\/wp-json\/wp\/v2\/tags?post=308963"},{"taxonomy":"usertag","embeddable":true,"href":"https:\/\/cms-articles.softonic.io\/es\/wp-json\/wp\/v2\/usertag?post=308963"},{"taxonomy":"vertical","embeddable":true,"href":"https:\/\/cms-articles.softonic.io\/es\/wp-json\/wp\/v2\/vertical?post=308963"},{"taxonomy":"content-category","embeddable":true,"href":"https:\/\/cms-articles.softonic.io\/es\/wp-json\/wp\/v2\/content-category?post=308963"}],"curies":[{"name":"wp","href":"https:\/\/api.w.org\/{rel}","templated":true}]}}