{"id":325606,"date":"2024-01-31T09:42:25","date_gmt":"2024-01-31T08:42:25","guid":{"rendered":"https:\/\/sftarticles.wpenginepowered.com\/es\/?p=325606"},"modified":"2024-08-08T19:14:44","modified_gmt":"2024-08-08T17:14:44","slug":"apple-vision-pro-bateria-videollamadas-review","status":"publish","type":"post","link":"https:\/\/cms-articles.softonic.io\/es\/apple-vision-pro-bateria-videollamadas-review\/","title":{"rendered":"Apple Vision Pro: Bater\u00eda, Personas, videollamadas e incluso cocinar con ellas. Estas reviews nos descubren el dispositivo"},"content":{"rendered":"\n<p>El mundo tecnol\u00f3gico se ha revolucionado con la llegada del Apple Vision Pro, un dispositivo que promete cambiar la manera en que interactuamos con la realidad virtual y la realidad aumentada. A solo dos d\u00edas de la fecha de llegada del dispositivo a Estados Unidos, el 2 de febrero, <strong>varias reviews nos acercan y descubren el dispositivo<\/strong> como nunca antes. Esto es lo que hemos descubierto.<\/p>\n\n\n<div class=\"sc-card-program\">\r\n  <div class=\"sc-card-program__body\">\r\n    <div class=\"sc-card-program__row clearfix\">\r\n      <div class=\"sc-card-program__col-logo\">\r\n        <img decoding=\"async\" class=\"sc-card-program__img\" src=\"https:\/\/images.sftcdn.net\/images\/t_app-icon-m\/p\/246b1fd4-6164-4c6f-9318-27e1cb587dc6\/3237066594\/disney-plus-logo\" alt=\"Disney+\" width=\"100px\" height=\"100px\">\r\n      <\/div>\r\n      <div class=\"sc-card-program__col-title\">\r\n        <span class=\"sc-card-program__title\">Disney+<\/span>\r\n        <a class=\"sc-card-program__button sc-card-program-internal\" href=\"https:\/\/disney-plus.softonic.com\/iphone?ex=CS-987.1\" target=\"_self\" rel=\"noopener noreferrer\">Descargar<\/a>\r\n      <\/div>\r\n      <div class=\"sc-card-program__col-rating\">\r\n        <svg class=\"rating-score__content\" xmlns=\"http:\/\/www.w3.org\/2000\/svg\" version=\"1.1\" x=\"0\" y=\"0\" viewbox=\"0 0 50 50\" enable-background=\"new 0 0 50 50\" xml:space=\"preserve\"><path class=\"rating-score__background rating-score--good\" fill=\"none\" stroke-width=\"6\" stroke-miterlimit=\"10\" d=\"M40 40c8.3-8.3 8.3-21.7 0-30s-21.7-8.3-30 0 -8.3 21.7 0 30\"><\/path><path class=\"rating-score__value rating-score__value--0\" fill=\"none\" stroke-width=\"6\" stroke-dashoffset=\"0\" stroke-miterlimit=\"10\" d=\"M40 40c8.3-8.3 8.3-21.7 0-30s-21.7-8.3-30 0 -8.3 21.7 0 30\"><\/path><text class=\"rating-score__number\" content=\"\" text-anchor=\"middle\" transform=\"matrix(1 0 0 1 25 31.0837)\" data-auto=\"app-user-score\"><\/text><\/svg>\r\n      <\/div>\r\n    <\/div>\r\n    <div class=\"sc-card-program__row\">\r\n      <span class=\"sc-card-program__description\"><\/span>\r\n    <\/div>\r\n    <div class=\"sc-card-program__row\">\r\n      <img decoding=\"async\" class=\"sc-card-program__bigpic\" src=\"\" onerror=\"this.style.display='none'\">\r\n    <\/div>\r\n    <a class=\"sc-card-program__link track-link sc-card-program-internal\" href=\"https:\/\/disney-plus.softonic.com\/iphone?ex=CS-987.1\" target=\"_self\" rel=\"noopener noreferrer\"><\/a>\r\n  <\/div>\r\n<\/div>\n\n\n\n<h2 class=\"wp-block-heading\">Una bater\u00eda m\u00e1s all\u00e1 de las expectativas<\/h2>\n\n\n\n<p>Uno de los interrogantes del Apple Vision Pro es su bater\u00eda. Apple prometi\u00f3 hasta dos horas de autonom\u00eda en uso general y hasta 2.5 horas para la reproducci\u00f3n de v\u00eddeo 2D. Sin embargo, las pruebas realizadas por Brian Tong y <a href=\"https:\/\/daringfireball.net\/2024\/01\/the_vision_pro\">John Gruber<\/a>, de Daring Fireball, <strong>muestran una duraci\u00f3n superior<\/strong>. Tong logr\u00f3 casi 2.5 horas en uso general y pudo ver la pel\u00edcula de tres horas &#8220;Avengers: Endgame&#8221; con una sola carga.<\/p>\n\n\n\n<figure class=\"wp-block-embed is-type-video is-provider-youtube wp-block-embed-youtube wp-embed-aspect-16-9 wp-has-aspect-ratio\"><div class=\"wp-block-embed__wrapper\">\n<iframe loading=\"lazy\" title=\"Apple Vision Pro EPIC Review - Is This The Future?\" width=\"840\" height=\"473\" src=\"https:\/\/www.youtube.com\/embed\/GkPw6ScHyb4?feature=oembed\" frameborder=\"0\" allow=\"accelerometer; autoplay; clipboard-write; encrypted-media; gyroscope; picture-in-picture; web-share\" allowfullscreen><\/iframe>\n<\/div><\/figure>\n\n\n\n<p>Por su parte, Gruber experiment\u00f3 consistentemente al menos tres horas de bater\u00eda. Con todo, la bater\u00eda del Vision Pro <strong>podr\u00eda durar hasta 30 minutos m\u00e1s por carga de lo anunciado por Apple<\/strong>, aunque los resultados siempre variar\u00e1n seg\u00fan el uso.<\/p>\n\n\n\n<h2 class=\"wp-block-heading\">Detalles propios de una primera versi\u00f3n del software<\/h2>\n\n\n\n<p>En cuanto a la interfaz de usuario, el Vision Pro presenta algunas limitaciones. Seg\u00fan Brian Tong, las aplicaciones de terceros en visionOS se listan alfab\u00e9ticamente a partir de la segunda p\u00e1gina del Home Screen y no pueden reordenarse como en el iPhone y el iPad. Adem\u00e1s, las apps no pueden agruparse en carpetas, y no es posible agregar sitios web al Home Screen a trav\u00e9s de Safari.<\/p>\n\n\n\n<p>Limitaciones, eso s\u00ed, <strong>propias de una primera versi\u00f3n del dispositivo<\/strong> y que sin duda r\u00e1pidamente desaparecer\u00e1n en las siguientes actualizaciones de visionOS, el sistema operativo del ordenador espacial. Entre tanto, una r\u00e1pida menci\u00f3n a Siri permite abrir cualquier app sin tener que buscarla manualmente.<\/p>\n\n\n\n<h2 class=\"wp-block-heading\">Elementos en beta dentro del sistema: Personas y EyeSight<\/h2>\n\n\n\n<p>El Vision Pro introduce un concepto llamado &#8220;Persona&#8221;, una representaci\u00f3n digital espacial de uno mismo que muestra las expresiones faciales y movimientos de manos en tiempo real. Esta funci\u00f3n, que aun en beta, puede, seg\u00fan quienes han probado ya el dispositivo, mejorar.<\/p>\n\n\n\n<p>Joanna Stern, <a href=\"https:\/\/www.wsj.com\/tech\/apple-vision-pro-review-39f2d82e\">del Wall Street Journal<\/a>, se hizo eco de algunos comentarios de terceros sobre su apariencia durante las videollamadas. <a href=\"https:\/\/www.theverge.com\/24054862\/apple-vision-pro-review-vr-ar-headset-features-price\">Nilay Patel, de The Verge<\/a>, tambi\u00e9n coment\u00f3 sobre la naturaleza extra\u00f1a de estas representaciones 3D, aunque las im\u00e1genes que estamos pudiendo ver en algunas reviews, <strong>sorprenden por su fiel representaci\u00f3n de la persona<\/strong>.<\/p>\n\n\n\n<p>Entre tanto, la funci\u00f3n EyeSight, que permite a otros ver una recreaci\u00f3n digital de nuestros ojos mientras llevamos el Vision Pro, tambi\u00e9n ha generado comentarios variados. <strong>Tendremos que esperar a m\u00e1s reviews<\/strong> y, sobre todo, a poder ver en persona el efecto que produce.<\/p>\n\n\n\n<h2 class=\"wp-block-heading\">Una nueva pantalla para nuestro Mac<\/h2>\n\n\n\n<p>Varios reviewers publicaron sus impresiones sobre el uso del Vision Pro como una pantalla externa para Mac. Scott Stein, <a href=\"https:\/\/www.cnet.com\/tech\/computing\/apple-vision-pro-review-a-mind-blowing-look-at-an-unfinished-future\/\">de CNET<\/a>, destac\u00f3 la experiencia de tener monitores flotantes virtuales y la posibilidad de usar el headset para <strong>trabajar en un entorno de ordenador virtual como muy interesante y sorprendente<\/strong>.<\/p>\n\n\n\n<p>Tambi\u00e9n es verdad, que menciona que mirar al espacio 3D por un tiempo prolongado puede fatigar la vista y que personalmente requiere un per\u00edodo de ajuste al volver a la realidad. Mark Spoonauer, <a href=\"https:\/\/www.tomsguide.com\/computing\/smart-glasses\/apple-vision-pro-review\">de Tom&#8217;s Guide<\/a>, destac\u00f3 la <strong>gran claridad de la pantalla 4K y la ausencia de latencia en el uso del teclado y el rat\u00f3n<\/strong> al trabajar directamente de forma virtual con el teclado f\u00edsico del Mac.<\/p>\n\n\n\n<h2 class=\"wp-block-heading\">\u00bfCocinando con Vision Pro? Eso parece<\/h2>\n\n\n\n<p>Un aspecto interesante y a la vez sorprendente explorado por Joanna Stern es el uso del Vision Pro para <strong>cocinar con la ayuda de una aplicaci\u00f3n de cocina en realidad aumentada<\/strong>. A pesar de las advertencias de seguridad, Stern destac\u00f3 ventajas como la posibilidad de colocar temporizadores en realidad aumentada junto a lo que se est\u00e1 cocinando y la visibilidad constante de los siguientes pasos.<\/p>\n\n\n\n<figure class=\"wp-block-embed is-type-video is-provider-youtube wp-block-embed-youtube wp-embed-aspect-16-9 wp-has-aspect-ratio\"><div class=\"wp-block-embed__wrapper\">\n<iframe loading=\"lazy\" title=\"Vision Pro Review: 24 Hours With Apple\u2019s Mixed-Reality Headset | WSJ\" width=\"840\" height=\"473\" src=\"https:\/\/www.youtube.com\/embed\/8xI10SFgzQ8?feature=oembed\" frameborder=\"0\" allow=\"accelerometer; autoplay; clipboard-write; encrypted-media; gyroscope; picture-in-picture; web-share\" allowfullscreen><\/iframe>\n<\/div><\/figure>\n\n\n\n<p>Sin embargo, tambi\u00e9n se\u00f1al\u00f3 desventajas como la dificultad para leer textos peque\u00f1os y la distorsi\u00f3n de colores a trav\u00e9s del dispositivo, que dificultan ver el estado de la cocci\u00f3n.<\/p>\n\n\n<div class=\"sc-card-program\">\r\n  <div class=\"sc-card-program__body\">\r\n    <div class=\"sc-card-program__row clearfix\">\r\n      <div class=\"sc-card-program__col-logo\">\r\n        <img decoding=\"async\" class=\"sc-card-program__img\" src=\"https:\/\/images.sftcdn.net\/images\/t_app-icon-m\/p\/246b1fd4-6164-4c6f-9318-27e1cb587dc6\/3237066594\/disney-plus-logo\" alt=\"Disney+\" width=\"100px\" height=\"100px\">\r\n      <\/div>\r\n      <div class=\"sc-card-program__col-title\">\r\n        <span class=\"sc-card-program__title\">Disney+<\/span>\r\n        <a class=\"sc-card-program__button sc-card-program-internal\" href=\"https:\/\/disney-plus.softonic.com\/iphone?ex=CS-987.1\" target=\"_self\" rel=\"noopener noreferrer\">Descargar<\/a>\r\n      <\/div>\r\n      <div class=\"sc-card-program__col-rating\">\r\n        <svg class=\"rating-score__content\" xmlns=\"http:\/\/www.w3.org\/2000\/svg\" version=\"1.1\" x=\"0\" y=\"0\" viewbox=\"0 0 50 50\" enable-background=\"new 0 0 50 50\" xml:space=\"preserve\"><path class=\"rating-score__background rating-score--good\" fill=\"none\" stroke-width=\"6\" stroke-miterlimit=\"10\" d=\"M40 40c8.3-8.3 8.3-21.7 0-30s-21.7-8.3-30 0 -8.3 21.7 0 30\"><\/path><path class=\"rating-score__value rating-score__value--0\" fill=\"none\" stroke-width=\"6\" stroke-dashoffset=\"0\" stroke-miterlimit=\"10\" d=\"M40 40c8.3-8.3 8.3-21.7 0-30s-21.7-8.3-30 0 -8.3 21.7 0 30\"><\/path><text class=\"rating-score__number\" content=\"\" text-anchor=\"middle\" transform=\"matrix(1 0 0 1 25 31.0837)\" data-auto=\"app-user-score\"><\/text><\/svg>\r\n      <\/div>\r\n    <\/div>\r\n    <div class=\"sc-card-program__row\">\r\n      <span class=\"sc-card-program__description\"><\/span>\r\n    <\/div>\r\n    <div class=\"sc-card-program__row\">\r\n      <img decoding=\"async\" class=\"sc-card-program__bigpic\" src=\"\" onerror=\"this.style.display='none'\">\r\n    <\/div>\r\n    <a class=\"sc-card-program__link track-link sc-card-program-internal\" href=\"https:\/\/disney-plus.softonic.com\/iphone?ex=CS-987.1\" target=\"_self\" rel=\"noopener noreferrer\"><\/a>\r\n  <\/div>\r\n<\/div>\n\n\n\n<p>El Apple Vision Pro es un dispositivo que promete mucho, con varias caracter\u00edsticas que, sin duda, <strong>abren un mundo de posibilidades en nuestra interacci\u00f3n con lo digital<\/strong>. A pesar de ciertas limitaciones y aspectos que a\u00fan requieren mejoras \u2014algo propio de un software que ni siquiera ha llegado oficialmente al mercado\u2014 el dispositivo destaca en \u00e1reas varias \u00e1reas, en especial la integraci\u00f3n con el ecosistema de Apple. Con ello, y a medida que se <a href=\"https:\/\/www.softonic.com\/articulos\/podemos-comprar-el-apple-vision-pro-desde-fuera-de-los-estados-unidos\">acerque su lanzamiento internacional<\/a> \u2014<a href=\"https:\/\/www.softonic.com\/articulos\/vision-pro-fecha-lanzamiento-2?ex=RAMP-1640.0\">antes de lo previsto, al parecer<\/a>\u2014, veremos c\u00f3mo se desenvuelve el primer ordenador espacial de Apple en el mercado.<\/p>\n","protected":false},"excerpt":{"rendered":"<p>El Apple Vision Pro es un dispositivo que promete mucho, con varias caracter\u00edsticas que, sin duda, abren un mundo de posibilidades en nuestra interacci\u00f3n con lo digital.<\/p>\n","protected":false},"author":9262,"featured_media":325607,"comment_status":"closed","ping_status":"closed","sticky":false,"template":"","format":"standard","meta":{"footnotes":"","wpcf-pageviews":1},"categories":[9317],"tags":[],"usertag":[],"vertical":[],"content-category":[],"class_list":["post-325606","post","type-post","status-publish","format-standard","has-post-thumbnail","hentry","category-news"],"aioseo_notices":[],"_links":{"self":[{"href":"https:\/\/cms-articles.softonic.io\/es\/wp-json\/wp\/v2\/posts\/325606","targetHints":{"allow":["GET"]}}],"collection":[{"href":"https:\/\/cms-articles.softonic.io\/es\/wp-json\/wp\/v2\/posts"}],"about":[{"href":"https:\/\/cms-articles.softonic.io\/es\/wp-json\/wp\/v2\/types\/post"}],"author":[{"embeddable":true,"href":"https:\/\/cms-articles.softonic.io\/es\/wp-json\/wp\/v2\/users\/9262"}],"replies":[{"embeddable":true,"href":"https:\/\/cms-articles.softonic.io\/es\/wp-json\/wp\/v2\/comments?post=325606"}],"version-history":[{"count":0,"href":"https:\/\/cms-articles.softonic.io\/es\/wp-json\/wp\/v2\/posts\/325606\/revisions"}],"wp:featuredmedia":[{"embeddable":true,"href":"https:\/\/cms-articles.softonic.io\/es\/wp-json\/wp\/v2\/media\/325607"}],"wp:attachment":[{"href":"https:\/\/cms-articles.softonic.io\/es\/wp-json\/wp\/v2\/media?parent=325606"}],"wp:term":[{"taxonomy":"category","embeddable":true,"href":"https:\/\/cms-articles.softonic.io\/es\/wp-json\/wp\/v2\/categories?post=325606"},{"taxonomy":"post_tag","embeddable":true,"href":"https:\/\/cms-articles.softonic.io\/es\/wp-json\/wp\/v2\/tags?post=325606"},{"taxonomy":"usertag","embeddable":true,"href":"https:\/\/cms-articles.softonic.io\/es\/wp-json\/wp\/v2\/usertag?post=325606"},{"taxonomy":"vertical","embeddable":true,"href":"https:\/\/cms-articles.softonic.io\/es\/wp-json\/wp\/v2\/vertical?post=325606"},{"taxonomy":"content-category","embeddable":true,"href":"https:\/\/cms-articles.softonic.io\/es\/wp-json\/wp\/v2\/content-category?post=325606"}],"curies":[{"name":"wp","href":"https:\/\/api.w.org\/{rel}","templated":true}]}}