{"id":328402,"date":"2024-03-19T13:22:39","date_gmt":"2024-03-19T12:22:39","guid":{"rendered":"https:\/\/sftarticles.wpenginepowered.com\/es\/?p=328402"},"modified":"2024-08-08T18:54:28","modified_gmt":"2024-08-08T16:54:28","slug":"apple-wwdc-2024-fecha","status":"publish","type":"post","link":"https:\/\/cms-articles.softonic.io\/es\/apple-wwdc-2024-fecha\/","title":{"rendered":"Cu\u00e1ndo anunciar\u00e1 Apple la WWDC 2024"},"content":{"rendered":"\n<p class=\"wp-block-paragraph\">A medida que nos acercamos a junio, crece la expectaci\u00f3n por el anuncio de la fecha para la 35\u00aa Conferencia Mundial de Desarrolladores de Apple. La <a href=\"https:\/\/www.softonic.com\/articulos\/wwdc-que-es\">WWDC<\/a>, conocida por ser el escenario donde Apple presenta sus \u00faltimas innovaciones en software y, ocasionalmente, algo de hardware, es un evento clave en el calendario tecnol\u00f3gico. La WWDC 2024 no tendr\u00e1 lugar hasta junio, pero, hist\u00f3ricamente, Apple ha anunciado las fechas de este evento en torno a marzo o abril, dej\u00e1ndonos, por lo tanto, <strong>pregunt\u00e1ndonos cu\u00e1ndo anunciar\u00e1 Apple la WWDC 2024<\/strong>.<\/p>\n\n\n<div class=\"sc-card-program\">\r\n  <div class=\"sc-card-program__body\">\r\n    <div class=\"sc-card-program__row clearfix\">\r\n      <div class=\"sc-card-program__col-logo\">\r\n        <img decoding=\"async\" class=\"sc-card-program__img\" src=\"https:\/\/images.sftcdn.net\/images\/t_app-icon-s\/p\/3fcfd53d-6233-4b22-a08d-6a57d0a85111\/3228077087\/apple-tv-logo\" alt=\"Apple TV+\" width=\"100px\" height=\"100px\">\r\n      <\/div>\r\n      <div class=\"sc-card-program__col-title\">\r\n        <span class=\"sc-card-program__title\">Apple TV+<\/span>\r\n        <a class=\"sc-card-program__button sc-card-program-sponsored\" href=\"https:\/\/apple.co\/4ahEAXk\" target=\"_blank\" rel=\"noopener noreferrer sponsored\">SUSCR\u00cdBETE<\/a>\r\n      <\/div>\r\n      <div class=\"sc-card-program__col-rating\">\r\n        <svg class=\"rating-score__content\" xmlns=\"http:\/\/www.w3.org\/2000\/svg\" version=\"1.1\" x=\"0\" y=\"0\" viewbox=\"0 0 50 50\" enable-background=\"new 0 0 50 50\" xml:space=\"preserve\"><path class=\"rating-score__background rating-score--good\" fill=\"none\" stroke-width=\"6\" stroke-miterlimit=\"10\" d=\"M40 40c8.3-8.3 8.3-21.7 0-30s-21.7-8.3-30 0 -8.3 21.7 0 30\"><\/path><path class=\"rating-score__value rating-score__value--0\" fill=\"none\" stroke-width=\"6\" stroke-dashoffset=\"0\" stroke-miterlimit=\"10\" d=\"M40 40c8.3-8.3 8.3-21.7 0-30s-21.7-8.3-30 0 -8.3 21.7 0 30\"><\/path><text class=\"rating-score__number\" content=\"\" text-anchor=\"middle\" transform=\"matrix(1 0 0 1 25 31.0837)\" data-auto=\"app-user-score\"><\/text><\/svg>\r\n      <\/div>\r\n    <\/div>\r\n    <div class=\"sc-card-program__row\">\r\n      <span class=\"sc-card-program__description\"><\/span>\r\n    <\/div>\r\n    <div class=\"sc-card-program__row\">\r\n      <img decoding=\"async\" class=\"sc-card-program__bigpic\" src=\"\" onerror=\"this.style.display='none'\">\r\n    <\/div>\r\n    <a class=\"sc-card-program__link track-link sc-card-program-sponsored\" href=\"https:\/\/apple.co\/4ahEAXk\" target=\"_blank\" rel=\"noopener noreferrer sponsored\"><\/a>\r\n  <\/div>\r\n<\/div>\n\n\n\n<h2 class=\"wp-block-heading\">Finales de marzo, tradicionalmente<\/h2>\n\n\n\n<p class=\"wp-block-paragraph\">Las fechas de anuncio de <strong>la WWDC de Apple entre 2014 y 2023 muestran una tendencia a realizar el anuncio entre finales de marzo y mediados de abril<\/strong>, con una excepci\u00f3n notable en febrero de 2017. La mayor\u00eda de los anuncios se han concentrado en la \u00faltima semana de marzo o la primera de abril. Bas\u00e1ndonos en estas fechas, es de esperar que Apple anuncie los detalles de la WWDC 2024 entre el martes 26 de marzo y el viernes 29 de marzo. Sin embargo, no ser\u00eda sorprendente que la compa\u00f1\u00eda optara por posponer el anuncio hasta la semana siguiente, potencialmente el martes 2 de abril, seg\u00fan planee <a href=\"https:\/\/www.softonic.com\/articulos\/ipad-2024-fecha-lanzamiento\">anunciar el lanzamiento de los nuevos iPad<\/a>.<\/p>\n\n\n\n<figure class=\"wp-block-embed is-type-video is-provider-youtube wp-block-embed-youtube wp-embed-aspect-16-9 wp-has-aspect-ratio\"><div class=\"wp-block-embed__wrapper\">\n<iframe loading=\"lazy\" title=\"WWDC 2023 \u2014 June 5 | Apple\" width=\"840\" height=\"473\" src=\"https:\/\/www.youtube.com\/embed\/GYkq9Rgoj8E?feature=oembed\" frameborder=\"0\" allow=\"accelerometer; autoplay; clipboard-write; encrypted-media; gyroscope; picture-in-picture; web-share\" allowfullscreen><\/iframe>\n<\/div><\/figure>\n\n\n\n<p class=\"wp-block-paragraph\">La WWDC ha sido tradicionalmente una plataforma para que Apple muestre sus avances en sistemas operativos y software, y este a\u00f1o no ser\u00e1 diferente. Se espera que la compa\u00f1\u00eda presente iOS 18, iPadOS 18, macOS 15, watchOS 11, tvOS 18 y visionOS 2, el sistema operativo del Apple Vision Pro. Los <strong>desarrolladores tendr\u00e1n acceso inmediato a las actualizaciones despu\u00e9s de la keynote<\/strong> de apertura del evento, que suele durar una semana laboral. Luego, las betas p\u00fablicas deber\u00edan empezar a estar disponibles alrededor de julio de 2024.<\/p>\n\n\n\n<p class=\"wp-block-paragraph\">Con un enfoque particular en la inteligencia artificial para iOS 18, <strong>este a\u00f1o promete traernos una WWDC hist\u00f3rica<\/strong>. Sabemos por comentarios y rumores, que la actualizaci\u00f3n del sistema operativo del iPhone de este a\u00f1o ser\u00e1 &#8220;la m\u00e1s grande de la historia del iPhone&#8221;, con un gran enfoque en la IA, pudiendo parte de esa IA provenir de Google.<\/p>\n\n\n\n<p class=\"wp-block-paragraph\">Adem\u00e1s de las actualizaciones de software, hay una creciente posibilidad de que veamos anuncios de hardware. Aunque hasta ahora no hay rumores concretos, la expectativa gira en torno a la actualizaci\u00f3n de varios Mac, incluidos el Mac Studio, el Mac mini y el Mac Pro con chips M3. Ordenadores muy centrados en el desarrollo, justamente, que si no se presentaran durante la WWDC podr\u00edan posponer su llegada hasta octubre de este mismo a\u00f1o. Es pronto para sacar conclusiones, especialmente porque la conferencia en s\u00ed parece ya muy llena de novedades de software como para a\u00f1adir m\u00e1s, pero tampoco podemos descartarlo por completo.<\/p>\n\n\n<div class=\"sc-card-program\">\r\n  <div class=\"sc-card-program__body\">\r\n    <div class=\"sc-card-program__row clearfix\">\r\n      <div class=\"sc-card-program__col-logo\">\r\n        <img decoding=\"async\" class=\"sc-card-program__img\" src=\"https:\/\/images.sftcdn.net\/images\/t_app-icon-s\/p\/3fcfd53d-6233-4b22-a08d-6a57d0a85111\/3228077087\/apple-tv-logo\" alt=\"Apple TV+\" width=\"100px\" height=\"100px\">\r\n      <\/div>\r\n      <div class=\"sc-card-program__col-title\">\r\n        <span class=\"sc-card-program__title\">Apple TV+<\/span>\r\n        <a class=\"sc-card-program__button sc-card-program-sponsored\" href=\"https:\/\/apple.co\/4ahEAXk\" target=\"_blank\" rel=\"noopener noreferrer sponsored\">SUSCR\u00cdBETE<\/a>\r\n      <\/div>\r\n      <div class=\"sc-card-program__col-rating\">\r\n        <svg class=\"rating-score__content\" xmlns=\"http:\/\/www.w3.org\/2000\/svg\" version=\"1.1\" x=\"0\" y=\"0\" viewbox=\"0 0 50 50\" enable-background=\"new 0 0 50 50\" xml:space=\"preserve\"><path class=\"rating-score__background rating-score--good\" fill=\"none\" stroke-width=\"6\" stroke-miterlimit=\"10\" d=\"M40 40c8.3-8.3 8.3-21.7 0-30s-21.7-8.3-30 0 -8.3 21.7 0 30\"><\/path><path class=\"rating-score__value rating-score__value--0\" fill=\"none\" stroke-width=\"6\" stroke-dashoffset=\"0\" stroke-miterlimit=\"10\" d=\"M40 40c8.3-8.3 8.3-21.7 0-30s-21.7-8.3-30 0 -8.3 21.7 0 30\"><\/path><text class=\"rating-score__number\" content=\"\" text-anchor=\"middle\" transform=\"matrix(1 0 0 1 25 31.0837)\" data-auto=\"app-user-score\"><\/text><\/svg>\r\n      <\/div>\r\n    <\/div>\r\n    <div class=\"sc-card-program__row\">\r\n      <span class=\"sc-card-program__description\"><\/span>\r\n    <\/div>\r\n    <div class=\"sc-card-program__row\">\r\n      <img decoding=\"async\" class=\"sc-card-program__bigpic\" src=\"\" onerror=\"this.style.display='none'\">\r\n    <\/div>\r\n    <a class=\"sc-card-program__link track-link sc-card-program-sponsored\" href=\"https:\/\/apple.co\/4ahEAXk\" target=\"_blank\" rel=\"noopener noreferrer sponsored\"><\/a>\r\n  <\/div>\r\n<\/div>\n\n\n\n<p class=\"wp-block-paragraph\">Aunque la fecha exacta del anuncio de la WWDC 2024 todav\u00eda est\u00e1 en el aire, el patr\u00f3n de a\u00f1os anteriores nos da pistas s\u00f3lidas sobre cu\u00e1ndo esperar la noticia. Seguramente en torno a la semana que viene, tendr\u00edamos que poder <strong>saber m\u00e1s de cu\u00e1les son los planes de Apple<\/strong> para uno de los eventos m\u00e1s esperados del a\u00f1o.<\/p>\n","protected":false},"excerpt":{"rendered":"<p>Aunque la fecha exacta del anuncio de la WWDC 2024 todav\u00eda est\u00e1 en el aire, el patr\u00f3n de a\u00f1os anteriores nos da pistas s\u00f3lidas sobre cu\u00e1ndo esperar la noticia.<\/p>\n","protected":false},"author":9262,"featured_media":328403,"comment_status":"closed","ping_status":"closed","sticky":false,"template":"","format":"standard","meta":{"footnotes":"","wpcf-pageviews":1},"categories":[9317],"tags":[],"usertag":[],"vertical":[],"content-category":[],"class_list":["post-328402","post","type-post","status-publish","format-standard","has-post-thumbnail","hentry","category-news"],"aioseo_notices":[],"_links":{"self":[{"href":"https:\/\/cms-articles.softonic.io\/es\/wp-json\/wp\/v2\/posts\/328402","targetHints":{"allow":["GET"]}}],"collection":[{"href":"https:\/\/cms-articles.softonic.io\/es\/wp-json\/wp\/v2\/posts"}],"about":[{"href":"https:\/\/cms-articles.softonic.io\/es\/wp-json\/wp\/v2\/types\/post"}],"author":[{"embeddable":true,"href":"https:\/\/cms-articles.softonic.io\/es\/wp-json\/wp\/v2\/users\/9262"}],"replies":[{"embeddable":true,"href":"https:\/\/cms-articles.softonic.io\/es\/wp-json\/wp\/v2\/comments?post=328402"}],"version-history":[{"count":0,"href":"https:\/\/cms-articles.softonic.io\/es\/wp-json\/wp\/v2\/posts\/328402\/revisions"}],"wp:featuredmedia":[{"embeddable":true,"href":"https:\/\/cms-articles.softonic.io\/es\/wp-json\/wp\/v2\/media\/328403"}],"wp:attachment":[{"href":"https:\/\/cms-articles.softonic.io\/es\/wp-json\/wp\/v2\/media?parent=328402"}],"wp:term":[{"taxonomy":"category","embeddable":true,"href":"https:\/\/cms-articles.softonic.io\/es\/wp-json\/wp\/v2\/categories?post=328402"},{"taxonomy":"post_tag","embeddable":true,"href":"https:\/\/cms-articles.softonic.io\/es\/wp-json\/wp\/v2\/tags?post=328402"},{"taxonomy":"usertag","embeddable":true,"href":"https:\/\/cms-articles.softonic.io\/es\/wp-json\/wp\/v2\/usertag?post=328402"},{"taxonomy":"vertical","embeddable":true,"href":"https:\/\/cms-articles.softonic.io\/es\/wp-json\/wp\/v2\/vertical?post=328402"},{"taxonomy":"content-category","embeddable":true,"href":"https:\/\/cms-articles.softonic.io\/es\/wp-json\/wp\/v2\/content-category?post=328402"}],"curies":[{"name":"wp","href":"https:\/\/api.w.org\/{rel}","templated":true}]}}