{"id":341182,"date":"2024-09-27T10:13:54","date_gmt":"2024-09-27T08:13:54","guid":{"rendered":"https:\/\/sftarticles.wpenginepowered.com\/es\/?p=341182"},"modified":"2025-06-12T16:06:22","modified_gmt":"2025-06-12T14:06:22","slug":"inteligencia-artificial-medio-ambiente","status":"publish","type":"post","link":"https:\/\/cms-articles.softonic.io\/es\/inteligencia-artificial-medio-ambiente\/","title":{"rendered":"Apple Intelligence no cambiar\u00e1 en nada el proyecto m\u00e1s ambicioso de Apple"},"content":{"rendered":"\n<p class=\"wp-block-paragraph\">En medio de la r\u00e1pida <a href=\"https:\/\/www.softonic.com\/articulos\/craig-federighi-servidores-apple-intelligence-simples\" title=\"\">expansi\u00f3n de la inteligencia artificial y su impacto<\/a> en diversas industrias, Apple sigue firme en su compromiso ambiental de alcanzar la neutralidad de carbono para el a\u00f1o 2030. Mientras otras grandes empresas tecnol\u00f3gicas, como Google, no est\u00e1n seguras de poder <strong>cumplir sus metas ecol\u00f3gicas debido a la creciente demanda energ\u00e9tica que conlleva el desarrollo de la inteligencia artificial<\/strong>, Apple se mantiene en su trayectoria hacia la sostenibilidad.<\/p>\n\n\n<div class=\"sc-card-program\">\r\n  <div class=\"sc-card-program__body\">\r\n    <div class=\"sc-card-program__row clearfix\">\r\n      <div class=\"sc-card-program__col-logo\">\r\n        <img decoding=\"async\" class=\"sc-card-program__img\" src=\"https:\/\/images.sftcdn.net\/images\/t_app-icon-s\/p\/3fcfd53d-6233-4b22-a08d-6a57d0a85111\/3228077087\/apple-tv-logo\" alt=\"Apple TV+\" width=\"100px\" height=\"100px\">\r\n      <\/div>\r\n      <div class=\"sc-card-program__col-title\">\r\n        <span class=\"sc-card-program__title\">Apple TV+<\/span>\r\n        <a class=\"sc-card-program__button sc-card-program-sponsored\" href=\"https:\/\/apple.co\/4ahEAXk\" target=\"_blank\" rel=\"noopener noreferrer sponsored\">SUSCR\u00cdBETE<\/a>\r\n      <\/div>\r\n      <div class=\"sc-card-program__col-rating\">\r\n        <svg class=\"rating-score__content\" xmlns=\"http:\/\/www.w3.org\/2000\/svg\" version=\"1.1\" x=\"0\" y=\"0\" viewbox=\"0 0 50 50\" enable-background=\"new 0 0 50 50\" xml:space=\"preserve\"><path class=\"rating-score__background rating-score--good\" fill=\"none\" stroke-width=\"6\" stroke-miterlimit=\"10\" d=\"M40 40c8.3-8.3 8.3-21.7 0-30s-21.7-8.3-30 0 -8.3 21.7 0 30\"><\/path><path class=\"rating-score__value rating-score__value--0\" fill=\"none\" stroke-width=\"6\" stroke-dashoffset=\"0\" stroke-miterlimit=\"10\" d=\"M40 40c8.3-8.3 8.3-21.7 0-30s-21.7-8.3-30 0 -8.3 21.7 0 30\"><\/path><text class=\"rating-score__number\" content=\"\" text-anchor=\"middle\" transform=\"matrix(1 0 0 1 25 31.0837)\" data-auto=\"app-user-score\"><\/text><\/svg>\r\n      <\/div>\r\n    <\/div>\r\n    <div class=\"sc-card-program__row\">\r\n      <span class=\"sc-card-program__description\"><\/span>\r\n    <\/div>\r\n    <div class=\"sc-card-program__row\">\r\n      <img decoding=\"async\" class=\"sc-card-program__bigpic\" src=\"\" onerror=\"this.style.display='none'\">\r\n    <\/div>\r\n    <a class=\"sc-card-program__link track-link sc-card-program-sponsored\" href=\"https:\/\/apple.co\/4ahEAXk\" target=\"_blank\" rel=\"noopener noreferrer sponsored\"><\/a>\r\n  <\/div>\r\n<\/div>\n\n\n\n<h2 class=\"wp-block-heading\">IA, innovaci\u00f3n y cuidado del medio ambiente pueden ir de la mano<\/h2>\n\n\n\n<p class=\"wp-block-paragraph\">En una reciente <a href=\"https:\/\/www.youtube.com\/watch?v=a2bvTSclFOY\" target=\"_blank\" rel=\"noopener nofollow\" title=\"\">entrevista con TIME<\/a>, Lisa Jackson, vicepresidenta de Medio Ambiente, Pol\u00edticas e Iniciativas Sociales de Apple, <strong>reafirm\u00f3 los ambiciosos planes de la compa\u00f1\u00eda<\/strong>. Seg\u00fan Jackson, aproximadamente el 75 % de las emisiones de carbono de Apple se eliminar\u00e1n mediante la reducci\u00f3n de emisiones directas. El 25 % restante se abordar\u00e1 a trav\u00e9s de proyectos de eliminaci\u00f3n de carbono, como la reforestaci\u00f3n, y esfuerzos que promueven la biodiversidad y la justicia clim\u00e1tica en las comunidades afectadas.<\/p>\n\n\n\n<p class=\"wp-block-paragraph\">Este enfoque se centra, por lo tanto, en reducir las emisiones, pero tambi\u00e9n en <strong>apoyar a las comunidades locales a trav\u00e9s de proyectos sostenibles<\/strong>. Como se\u00f1al\u00f3 Jackson, estos proyectos no son intervenciones unilaterales, sino colaboraciones que respetan las necesidades y deseos de las comunidades, como los proyectos de manglares y praderas en Kenia.<\/p>\n\n\n\n<p class=\"wp-block-paragraph\">En contraste, Sundar Pichai, CEO de Google, <a href=\"https:\/\/www.theinformation.com\/briefings\/google-ceo-says-ai-makes-sustainability-goals-challenging\" target=\"_blank\" rel=\"noopener nofollow\" title=\"\">ha expresado<\/a> recientemente que la carrera por <a href=\"https:\/\/www.softonic.com\/articulos\/nuevo-siri-nueva-fecha\" title=\"\">desarrollar modelos de inteligencia artificial m\u00e1s potentes<\/a> est\u00e1 <strong>dificultando los esfuerzos de la empresa para operar con energ\u00eda libre de carbono para 2030<\/strong>. Aunque Pichai no dice directamente que no van a cumplir con los objetivos en la fecha se\u00f1alada, se entrev\u00e9 la posibilidad.<\/p>\n\n\n<div class=\"sc-card-program\">\r\n  <div class=\"sc-card-program__body\">\r\n    <div class=\"sc-card-program__row clearfix\">\r\n      <div class=\"sc-card-program__col-logo\">\r\n        <img decoding=\"async\" class=\"sc-card-program__img\" src=\"https:\/\/images.sftcdn.net\/images\/t_app-icon-s\/p\/3fcfd53d-6233-4b22-a08d-6a57d0a85111\/3228077087\/apple-tv-logo\" alt=\"Apple TV+\" width=\"100px\" height=\"100px\">\r\n      <\/div>\r\n      <div class=\"sc-card-program__col-title\">\r\n        <span class=\"sc-card-program__title\">Apple TV+<\/span>\r\n        <a class=\"sc-card-program__button sc-card-program-sponsored\" href=\"https:\/\/apple.co\/4ahEAXk\" target=\"_blank\" rel=\"noopener noreferrer sponsored\">SUSCR\u00cdBETE<\/a>\r\n      <\/div>\r\n      <div class=\"sc-card-program__col-rating\">\r\n        <svg class=\"rating-score__content\" xmlns=\"http:\/\/www.w3.org\/2000\/svg\" version=\"1.1\" x=\"0\" y=\"0\" viewbox=\"0 0 50 50\" enable-background=\"new 0 0 50 50\" xml:space=\"preserve\"><path class=\"rating-score__background rating-score--good\" fill=\"none\" stroke-width=\"6\" stroke-miterlimit=\"10\" d=\"M40 40c8.3-8.3 8.3-21.7 0-30s-21.7-8.3-30 0 -8.3 21.7 0 30\"><\/path><path class=\"rating-score__value rating-score__value--0\" fill=\"none\" stroke-width=\"6\" stroke-dashoffset=\"0\" stroke-miterlimit=\"10\" d=\"M40 40c8.3-8.3 8.3-21.7 0-30s-21.7-8.3-30 0 -8.3 21.7 0 30\"><\/path><text class=\"rating-score__number\" content=\"\" text-anchor=\"middle\" transform=\"matrix(1 0 0 1 25 31.0837)\" data-auto=\"app-user-score\"><\/text><\/svg>\r\n      <\/div>\r\n    <\/div>\r\n    <div class=\"sc-card-program__row\">\r\n      <span class=\"sc-card-program__description\"><\/span>\r\n    <\/div>\r\n    <div class=\"sc-card-program__row\">\r\n      <img decoding=\"async\" class=\"sc-card-program__bigpic\" src=\"\" onerror=\"this.style.display='none'\">\r\n    <\/div>\r\n    <a class=\"sc-card-program__link track-link sc-card-program-sponsored\" href=\"https:\/\/apple.co\/4ahEAXk\" target=\"_blank\" rel=\"noopener noreferrer sponsored\"><\/a>\r\n  <\/div>\r\n<\/div>\n\n\n\n<p class=\"wp-block-paragraph\">El compromiso de Apple ha sido motivo de elogios, de hecho, con figuras como Michael Regan, administrador de la EPA, que en la misma entrevista elogia a la compa\u00f1\u00eda como un modelo a seguir para otros sectores. La IA, la innovaci\u00f3n y el cuidado del medio ambiente pueden ir de la mano.<\/p>\n","protected":false},"excerpt":{"rendered":"<p>En medio de la r\u00e1pida expansi\u00f3n de la inteligencia artificial y su impacto en diversas industrias, Apple sigue firme en su compromiso ambiental de alcanzar la neutralidad de carbono para el a\u00f1o 2030. Mientras otras grandes empresas tecnol\u00f3gicas, como Google, no est\u00e1n seguras de poder cumplir sus metas ecol\u00f3gicas debido a la creciente demanda energ\u00e9tica &hellip; <a href=\"https:\/\/cms-articles.softonic.io\/es\/inteligencia-artificial-medio-ambiente\/\" class=\"more-link\">Continue reading<span class=\"screen-reader-text\"> &#8220;Apple Intelligence no cambiar\u00e1 en nada el proyecto m\u00e1s ambicioso de Apple&#8221;<\/span><\/a><\/p>\n","protected":false},"author":9262,"featured_media":341183,"comment_status":"closed","ping_status":"closed","sticky":false,"template":"","format":"standard","meta":{"footnotes":"","wpcf-pageviews":1},"categories":[9317],"tags":[],"usertag":[],"vertical":[],"content-category":[14053],"class_list":["post-341182","post","type-post","status-publish","format-standard","has-post-thumbnail","hentry","category-news","content-category-ia"],"aioseo_notices":[],"_links":{"self":[{"href":"https:\/\/cms-articles.softonic.io\/es\/wp-json\/wp\/v2\/posts\/341182","targetHints":{"allow":["GET"]}}],"collection":[{"href":"https:\/\/cms-articles.softonic.io\/es\/wp-json\/wp\/v2\/posts"}],"about":[{"href":"https:\/\/cms-articles.softonic.io\/es\/wp-json\/wp\/v2\/types\/post"}],"author":[{"embeddable":true,"href":"https:\/\/cms-articles.softonic.io\/es\/wp-json\/wp\/v2\/users\/9262"}],"replies":[{"embeddable":true,"href":"https:\/\/cms-articles.softonic.io\/es\/wp-json\/wp\/v2\/comments?post=341182"}],"version-history":[{"count":1,"href":"https:\/\/cms-articles.softonic.io\/es\/wp-json\/wp\/v2\/posts\/341182\/revisions"}],"predecessor-version":[{"id":357426,"href":"https:\/\/cms-articles.softonic.io\/es\/wp-json\/wp\/v2\/posts\/341182\/revisions\/357426"}],"wp:featuredmedia":[{"embeddable":true,"href":"https:\/\/cms-articles.softonic.io\/es\/wp-json\/wp\/v2\/media\/341183"}],"wp:attachment":[{"href":"https:\/\/cms-articles.softonic.io\/es\/wp-json\/wp\/v2\/media?parent=341182"}],"wp:term":[{"taxonomy":"category","embeddable":true,"href":"https:\/\/cms-articles.softonic.io\/es\/wp-json\/wp\/v2\/categories?post=341182"},{"taxonomy":"post_tag","embeddable":true,"href":"https:\/\/cms-articles.softonic.io\/es\/wp-json\/wp\/v2\/tags?post=341182"},{"taxonomy":"usertag","embeddable":true,"href":"https:\/\/cms-articles.softonic.io\/es\/wp-json\/wp\/v2\/usertag?post=341182"},{"taxonomy":"vertical","embeddable":true,"href":"https:\/\/cms-articles.softonic.io\/es\/wp-json\/wp\/v2\/vertical?post=341182"},{"taxonomy":"content-category","embeddable":true,"href":"https:\/\/cms-articles.softonic.io\/es\/wp-json\/wp\/v2\/content-category?post=341182"}],"curies":[{"name":"wp","href":"https:\/\/api.w.org\/{rel}","templated":true}]}}