{"id":348350,"date":"2025-02-11T20:18:03","date_gmt":"2025-02-11T19:18:03","guid":{"rendered":"https:\/\/sftarticles.wpenginepowered.com\/es\/?p=348350"},"modified":"2025-02-17T01:43:29","modified_gmt":"2025-02-17T00:43:29","slug":"amy-adams-y-javier-bardem-el-elenco-de-lujo-para-protagonizar-esta-serie-de-apple-tv","status":"publish","type":"post","link":"https:\/\/cms-articles.softonic.io\/es\/amy-adams-y-javier-bardem-el-elenco-de-lujo-para-protagonizar-esta-serie-de-apple-tv\/","title":{"rendered":"Amy Adams y Javier Bardem: el elenco de lujo para protagonizar esta serie de Apple TV+"},"content":{"rendered":"\n<p>Apple TV+ suma a <strong>Amy Adams, nominada a m\u00faltiples premios Emmy y Oscar,  al elenco principal, asumiendo tambi\u00e9n el rol de productora ejecutiva, de la nueva serie Cape Fear para Apple TV+<\/strong>. Con su experiencia tanto en proyectos aclamados como Nightbitch y American Hustle, Adams promete atraer a una amplia audiencia a esta ambiciosa producci\u00f3n.<\/p>\n\n\n<div class=\"sc-card-program\">\r\n  <div class=\"sc-card-program__body\">\r\n    <div class=\"sc-card-program__row clearfix\">\r\n      <div class=\"sc-card-program__col-logo\">\r\n        <img decoding=\"async\" class=\"sc-card-program__img\" src=\"https:\/\/images.sftcdn.net\/images\/t_app-icon-s\/p\/3fcfd53d-6233-4b22-a08d-6a57d0a85111\/1812711146\/apple-tv-logo\" alt=\"Apple TV\" width=\"100px\" height=\"100px\">\r\n      <\/div>\r\n      <div class=\"sc-card-program__col-title\">\r\n        <span class=\"sc-card-program__title\">Apple TV<\/span>\r\n        <a class=\"sc-card-program__button sc-card-program-internal\" href=\"https:\/\/apple-tv.softonic.com\/\" target=\"_self\" rel=\"noopener noreferrer\">DESCARGAR<\/a>\r\n      <\/div>\r\n      <div class=\"sc-card-program__col-rating\">\r\n        <svg class=\"rating-score__content\" xmlns=\"http:\/\/www.w3.org\/2000\/svg\" version=\"1.1\" x=\"0\" y=\"0\" viewbox=\"0 0 50 50\" enable-background=\"new 0 0 50 50\" xml:space=\"preserve\"><path class=\"rating-score__background rating-score--good\" fill=\"none\" stroke-width=\"6\" stroke-miterlimit=\"10\" d=\"M40 40c8.3-8.3 8.3-21.7 0-30s-21.7-8.3-30 0 -8.3 21.7 0 30\"><\/path><path class=\"rating-score__value rating-score__value--0\" fill=\"none\" stroke-width=\"6\" stroke-dashoffset=\"0\" stroke-miterlimit=\"10\" d=\"M40 40c8.3-8.3 8.3-21.7 0-30s-21.7-8.3-30 0 -8.3 21.7 0 30\"><\/path><text class=\"rating-score__number\" content=\"\" text-anchor=\"middle\" transform=\"matrix(1 0 0 1 25 31.0837)\" data-auto=\"app-user-score\"><\/text><\/svg>\r\n      <\/div>\r\n    <\/div>\r\n    <div class=\"sc-card-program__row\">\r\n      <span class=\"sc-card-program__description\"><\/span>\r\n    <\/div>\r\n    <div class=\"sc-card-program__row\">\r\n      <img decoding=\"async\" class=\"sc-card-program__bigpic\" src=\"\" onerror=\"this.style.display='none'\">\r\n    <\/div>\r\n    <a class=\"sc-card-program__link track-link sc-card-program-internal\" href=\"https:\/\/apple-tv.softonic.com\/\" target=\"_self\" rel=\"noopener noreferrer\"><\/a>\r\n  <\/div>\r\n<\/div>\n\n\n\n<h2 class=\"wp-block-heading\">10 episodios que retratan la obsesi\u00f3n por el true crime<\/h2>\n\n\n\n<p>La serie Cape Fear, que encuentra su inspiraci\u00f3n en la novela The Executioners de John D. MacDonald, anteriormente dio pie a una conocida adaptaci\u00f3n cinematogr\u00e1fica. Este nuevo enfoque televisivo ser\u00e1 producido por Nick Antosca, un reconocido nombre en la industria por su trabajo en g\u00e9neros oscuros y intrigantes. Adem\u00e1s, <strong>el proyecto cuenta con la asociaci\u00f3n de gigantes de la direcci\u00f3n como Martin Scorsese y Steven Spielberg, quienes aportan su innegable reputaci\u00f3n y experiencia al proyecto.<\/strong><\/p>\n\n\n\n<p><strong>Javier Bardem, aclamado actor espa\u00f1ol y ganador del Oscar, tambi\u00e9n formar\u00e1 parte del elenco como co-protagonista y productor ejecutivo<\/strong>. Su presencia en la serie a\u00f1ade una capa de expectaci\u00f3n, dado su historial de elecciones actoralmente desafiantes y de gran profundidad emocional. Juntos, Adams y Bardem podr\u00edan ofrecer interpretaciones memorables que resalten la complejidad tem\u00e1tica de la novela en la que se basa la serie.<\/p>\n\n\n\n<figure class=\"wp-block-image size-full\"><img loading=\"lazy\" decoding=\"async\" width=\"1080\" height=\"720\" src=\"https:\/\/articles-img.sftcdn.net\/sft\/articles\/auto-mapping-folder\/sites\/2\/2025\/02\/bardem.jpeg?GoogleAccessId=wp-stateless%40kubertonic.iam.gserviceaccount.com&#038;Expires=1777815953&#038;Signature=iMOXdRsnKmqvH%2F%2B9k9snI%2FPb2YtXP0jXGnKH62ibGIGeiNJU5gtG6BzxhvnsoVEtsk4l7V9qACqnwxsaexOtJoR8txTYFErgc1cKXfci%2FVrYxlvo%2BjV%2FTJH6fXwQzJjEc9u85FokfXp6Yk9TtzNHPuHwJ04q6LbKaLEtBReDzcSCxaYbpNjrRf49QM76SDm3jxyKm2NJKiC0IymVDpSxRYp%2FQnO9fWPt24UWuZ8GFpehMVw2OTCmX9%2B2j16lcJgmh6xZviO7hKv%2FgB5iEPeOQHePkhZKvI3Oj1CY09MGboRdlk9MtoBDDgJXD3D65Pgp%2B%2BvB9jsPAk4Rn9S7r%2F1VYg%3D%3D\" alt=\"\" class=\"wp-image-348351\"\/><\/figure>\n\n\n\n<p>Apple TV+, una plataforma que ha estado aumentando su inversi\u00f3n en contenido original, busca consolidar su posici\u00f3n en un mercado cada vez m\u00e1s competitivo con Cape Fear. Aunque todav\u00eda no se han revelado detalles sobre la fecha de estreno, <strong>este proyecto se perfila como uno de los m\u00e1s prometedores en el portafolio de la plataforma<\/strong>. Con el talento involucrado y la rica historia que la inspira, Cape Fear podr\u00eda ser un hito significativo tanto para los creadores como para los espectadores. Se est\u00e1 quedando un buen elenco.<\/p>\n\n\n<div class=\"sc-card-program\">\r\n  <div class=\"sc-card-program__body\">\r\n    <div class=\"sc-card-program__row clearfix\">\r\n      <div class=\"sc-card-program__col-logo\">\r\n        <img decoding=\"async\" class=\"sc-card-program__img\" src=\"https:\/\/images.sftcdn.net\/images\/t_app-icon-s\/p\/3fcfd53d-6233-4b22-a08d-6a57d0a85111\/1812711146\/apple-tv-logo\" alt=\"Apple TV\" width=\"100px\" height=\"100px\">\r\n      <\/div>\r\n      <div class=\"sc-card-program__col-title\">\r\n        <span class=\"sc-card-program__title\">Apple TV<\/span>\r\n        <a class=\"sc-card-program__button sc-card-program-internal\" href=\"https:\/\/apple-tv.softonic.com\/\" target=\"_self\" rel=\"noopener noreferrer\">DESCARGAR<\/a>\r\n      <\/div>\r\n      <div class=\"sc-card-program__col-rating\">\r\n        <svg class=\"rating-score__content\" xmlns=\"http:\/\/www.w3.org\/2000\/svg\" version=\"1.1\" x=\"0\" y=\"0\" viewbox=\"0 0 50 50\" enable-background=\"new 0 0 50 50\" xml:space=\"preserve\"><path class=\"rating-score__background rating-score--good\" fill=\"none\" stroke-width=\"6\" stroke-miterlimit=\"10\" d=\"M40 40c8.3-8.3 8.3-21.7 0-30s-21.7-8.3-30 0 -8.3 21.7 0 30\"><\/path><path class=\"rating-score__value rating-score__value--0\" fill=\"none\" stroke-width=\"6\" stroke-dashoffset=\"0\" stroke-miterlimit=\"10\" d=\"M40 40c8.3-8.3 8.3-21.7 0-30s-21.7-8.3-30 0 -8.3 21.7 0 30\"><\/path><text class=\"rating-score__number\" content=\"\" text-anchor=\"middle\" transform=\"matrix(1 0 0 1 25 31.0837)\" data-auto=\"app-user-score\"><\/text><\/svg>\r\n      <\/div>\r\n    <\/div>\r\n    <div class=\"sc-card-program__row\">\r\n      <span class=\"sc-card-program__description\"><\/span>\r\n    <\/div>\r\n    <div class=\"sc-card-program__row\">\r\n      <img decoding=\"async\" class=\"sc-card-program__bigpic\" src=\"\" onerror=\"this.style.display='none'\">\r\n    <\/div>\r\n    <a class=\"sc-card-program__link track-link sc-card-program-internal\" href=\"https:\/\/apple-tv.softonic.com\/\" target=\"_self\" rel=\"noopener noreferrer\"><\/a>\r\n  <\/div>\r\n<\/div>\n","protected":false},"excerpt":{"rendered":"<p>Apple TV+ suma a Amy Adams, nominada a m\u00faltiples premios Emmy y Oscar, al elenco principal, asumiendo tambi\u00e9n el rol de productora ejecutiva, de la nueva serie Cape Fear para Apple TV+. Con su experiencia tanto en proyectos aclamados como Nightbitch y American Hustle, Adams promete atraer a una amplia audiencia a esta ambiciosa producci\u00f3n. &hellip; <a href=\"https:\/\/cms-articles.softonic.io\/es\/amy-adams-y-javier-bardem-el-elenco-de-lujo-para-protagonizar-esta-serie-de-apple-tv\/\" class=\"more-link\">Continue reading<span class=\"screen-reader-text\"> &#8220;Amy Adams y Javier Bardem: el elenco de lujo para protagonizar esta serie de Apple TV+&#8221;<\/span><\/a><\/p>\n","protected":false},"author":9317,"featured_media":348352,"comment_status":"closed","ping_status":"closed","sticky":false,"template":"","format":"standard","meta":{"footnotes":"","wpcf-pageviews":3},"categories":[9317],"tags":[16061,11042,16060,16062],"usertag":[],"vertical":[],"content-category":[],"class_list":["post-348350","post","type-post","status-publish","format-standard","has-post-thumbnail","hentry","category-news","tag-amy-adams","tag-app-subdomain-redirectionapple-tv","tag-cape-fear","tag-javier-bardem"],"aioseo_notices":[],"_links":{"self":[{"href":"https:\/\/cms-articles.softonic.io\/es\/wp-json\/wp\/v2\/posts\/348350","targetHints":{"allow":["GET"]}}],"collection":[{"href":"https:\/\/cms-articles.softonic.io\/es\/wp-json\/wp\/v2\/posts"}],"about":[{"href":"https:\/\/cms-articles.softonic.io\/es\/wp-json\/wp\/v2\/types\/post"}],"author":[{"embeddable":true,"href":"https:\/\/cms-articles.softonic.io\/es\/wp-json\/wp\/v2\/users\/9317"}],"replies":[{"embeddable":true,"href":"https:\/\/cms-articles.softonic.io\/es\/wp-json\/wp\/v2\/comments?post=348350"}],"version-history":[{"count":0,"href":"https:\/\/cms-articles.softonic.io\/es\/wp-json\/wp\/v2\/posts\/348350\/revisions"}],"wp:featuredmedia":[{"embeddable":true,"href":"https:\/\/cms-articles.softonic.io\/es\/wp-json\/wp\/v2\/media\/348352"}],"wp:attachment":[{"href":"https:\/\/cms-articles.softonic.io\/es\/wp-json\/wp\/v2\/media?parent=348350"}],"wp:term":[{"taxonomy":"category","embeddable":true,"href":"https:\/\/cms-articles.softonic.io\/es\/wp-json\/wp\/v2\/categories?post=348350"},{"taxonomy":"post_tag","embeddable":true,"href":"https:\/\/cms-articles.softonic.io\/es\/wp-json\/wp\/v2\/tags?post=348350"},{"taxonomy":"usertag","embeddable":true,"href":"https:\/\/cms-articles.softonic.io\/es\/wp-json\/wp\/v2\/usertag?post=348350"},{"taxonomy":"vertical","embeddable":true,"href":"https:\/\/cms-articles.softonic.io\/es\/wp-json\/wp\/v2\/vertical?post=348350"},{"taxonomy":"content-category","embeddable":true,"href":"https:\/\/cms-articles.softonic.io\/es\/wp-json\/wp\/v2\/content-category?post=348350"}],"curies":[{"name":"wp","href":"https:\/\/api.w.org\/{rel}","templated":true}]}}