{"id":350551,"date":"2025-03-07T19:19:23","date_gmt":"2025-03-07T18:19:23","guid":{"rendered":"https:\/\/sftarticles.wpenginepowered.com\/es\/?p=350551"},"modified":"2025-03-07T19:19:27","modified_gmt":"2025-03-07T18:19:27","slug":"the-studio-la-serie-de-seth-rogen-llega-a-apple-tv-este-26-de-marzo","status":"publish","type":"post","link":"https:\/\/cms-articles.softonic.io\/es\/the-studio-la-serie-de-seth-rogen-llega-a-apple-tv-este-26-de-marzo\/","title":{"rendered":"The Studio, la serie de Seth Rogen, llega a Apple TV+ este 26 de marzo"},"content":{"rendered":"\n<p>Dentro de muy pocos d\u00edas <strong>llegar\u00e1 a Apple TV+ la serie  The Studio, que se estrenar\u00e1 el pr\u00f3ximo 26 de marzo, marcando el comienzo de una nueva oferta en su cat\u00e1logo.<\/strong> Desde el principio, estar\u00e1n disponibles dos episodios, y a partir de entonces, se lanzar\u00e1 un nuevo episodio cada mi\u00e9rcoles hasta el 21 de mayo. Esta estrategia de entrega mantendr\u00e1 a los espectadores enganchados, permitiendo que disfruten de una nueva dosis de entretenimiento semanalmente.<\/p>\n\n\n\n<h2 class=\"wp-block-heading\">El mundo del cine sin tapujos<\/h2>\n\n\n\n<p>The Studio consta de 10 episodios, cada uno con una duraci\u00f3n de media hora, en los que se explorar\u00e1 la <strong>din\u00e1mica del mundo del cine a trav\u00e9s de una mezcla de humor y cr\u00edtica a la industria<\/strong>. Seth Rogen, conocido por su trabajo en diversas comedias exitosas, interpreta a Matt Remick, el recientemente nombrado director de Continental Studios, una productora que atraviesa dificultades. La elecci\u00f3n de Rogen para este papel no es sorprendente, dada su habilidad para aportar un toque c\u00f3mico a situaciones complejas y su experiencia en la industria del entretenimiento.<\/p>\n\n\n\n<p>La serie promete abordar los <strong>desaf\u00edos y las peculiaridades del negocio cinematogr\u00e1fico, proporcionando una visi\u00f3n humor\u00edstica de la lucha dentro de un estudio en problemas.<\/strong> Con el carisma de Rogen al frente, junto a un elenco que promete destacarse, The Studio tiene todas las cartas para convertirse en una de las comedias m\u00e1s esperadas de la temporada.<\/p>\n\n\n\n<figure class=\"wp-block-embed is-type-video is-provider-youtube wp-block-embed-youtube wp-embed-aspect-16-9 wp-has-aspect-ratio\"><div class=\"wp-block-embed__wrapper\">\n<iframe loading=\"lazy\" title=\"The Studio \u2014 Official Teaser | Apple TV+\" width=\"840\" height=\"473\" src=\"https:\/\/www.youtube.com\/embed\/ucgsmqxSJ1c?feature=oembed\" frameborder=\"0\" allow=\"accelerometer; autoplay; clipboard-write; encrypted-media; gyroscope; picture-in-picture; web-share\" referrerpolicy=\"strict-origin-when-cross-origin\" allowfullscreen><\/iframe>\n<\/div><\/figure>\n\n\n\n<p>La combinaci\u00f3n de un lanzamiento inicial de dos episodios seguido de un nuevo episodio semanal sugiere que <strong>Apple TV+ busca fomentar el inter\u00e9s y la conversaci\u00f3n alrededor de The Studio, similar a lo que han hecho otras plataformas exitosas.<\/strong> Con un enfoque en el humor y los desaf\u00edos del cine, la serie llegar\u00e1 a un p\u00fablico que busca no solo entretenerse, sino tambi\u00e9n re\u00edrse de las situaciones a menudo absurdas que surgen en el mundo del cine.<\/p>\n","protected":false},"excerpt":{"rendered":"<p>Dentro de muy pocos d\u00edas llegar\u00e1 a Apple TV+ la serie The Studio, que se estrenar\u00e1 el pr\u00f3ximo 26 de marzo, marcando el comienzo de una nueva oferta en su cat\u00e1logo. Desde el principio, estar\u00e1n disponibles dos episodios, y a partir de entonces, se lanzar\u00e1 un nuevo episodio cada mi\u00e9rcoles hasta el 21 de mayo. &hellip; <a href=\"https:\/\/cms-articles.softonic.io\/es\/the-studio-la-serie-de-seth-rogen-llega-a-apple-tv-este-26-de-marzo\/\" class=\"more-link\">Continue reading<span class=\"screen-reader-text\"> &#8220;The Studio, la serie de Seth Rogen, llega a Apple TV+ este 26 de marzo&#8221;<\/span><\/a><\/p>\n","protected":false},"author":9317,"featured_media":350552,"comment_status":"closed","ping_status":"closed","sticky":false,"template":"","format":"standard","meta":{"footnotes":"","wpcf-pageviews":0},"categories":[9317],"tags":[10590,10592,17197,17196],"usertag":[],"vertical":[],"content-category":[],"class_list":["post-350551","post","type-post","status-publish","format-standard","has-post-thumbnail","hentry","category-news","tag-apple-tv","tag-apple-tv-2","tag-seth-rogen","tag-the-studio"],"aioseo_notices":[],"_links":{"self":[{"href":"https:\/\/cms-articles.softonic.io\/es\/wp-json\/wp\/v2\/posts\/350551","targetHints":{"allow":["GET"]}}],"collection":[{"href":"https:\/\/cms-articles.softonic.io\/es\/wp-json\/wp\/v2\/posts"}],"about":[{"href":"https:\/\/cms-articles.softonic.io\/es\/wp-json\/wp\/v2\/types\/post"}],"author":[{"embeddable":true,"href":"https:\/\/cms-articles.softonic.io\/es\/wp-json\/wp\/v2\/users\/9317"}],"replies":[{"embeddable":true,"href":"https:\/\/cms-articles.softonic.io\/es\/wp-json\/wp\/v2\/comments?post=350551"}],"version-history":[{"count":0,"href":"https:\/\/cms-articles.softonic.io\/es\/wp-json\/wp\/v2\/posts\/350551\/revisions"}],"wp:featuredmedia":[{"embeddable":true,"href":"https:\/\/cms-articles.softonic.io\/es\/wp-json\/wp\/v2\/media\/350552"}],"wp:attachment":[{"href":"https:\/\/cms-articles.softonic.io\/es\/wp-json\/wp\/v2\/media?parent=350551"}],"wp:term":[{"taxonomy":"category","embeddable":true,"href":"https:\/\/cms-articles.softonic.io\/es\/wp-json\/wp\/v2\/categories?post=350551"},{"taxonomy":"post_tag","embeddable":true,"href":"https:\/\/cms-articles.softonic.io\/es\/wp-json\/wp\/v2\/tags?post=350551"},{"taxonomy":"usertag","embeddable":true,"href":"https:\/\/cms-articles.softonic.io\/es\/wp-json\/wp\/v2\/usertag?post=350551"},{"taxonomy":"vertical","embeddable":true,"href":"https:\/\/cms-articles.softonic.io\/es\/wp-json\/wp\/v2\/vertical?post=350551"},{"taxonomy":"content-category","embeddable":true,"href":"https:\/\/cms-articles.softonic.io\/es\/wp-json\/wp\/v2\/content-category?post=350551"}],"curies":[{"name":"wp","href":"https:\/\/api.w.org\/{rel}","templated":true}]}}