{"id":350602,"date":"2025-03-08T13:55:22","date_gmt":"2025-03-08T12:55:22","guid":{"rendered":"https:\/\/sftarticles.wpenginepowered.com\/es\/?p=350602"},"modified":"2025-03-08T13:55:26","modified_gmt":"2025-03-08T12:55:26","slug":"ya-tenemos-fecha-de-estreno-para-la-nueva-pelicula-de-resident-evil","status":"publish","type":"post","link":"https:\/\/cms-articles.softonic.io\/es\/ya-tenemos-fecha-de-estreno-para-la-nueva-pelicula-de-resident-evil\/","title":{"rendered":"Ya tenemos fecha de estreno para la nueva pel\u00edcula de Resident Evil"},"content":{"rendered":"\n<p>Sony ha logrado asegurar los derechos de producci\u00f3n para un <strong>nuevo reinicio de la popular franquicia Resident Evil, una decisi\u00f3n que podr\u00eda alterar significativamente la trayectoria de las adaptaciones cinematogr\u00e1ficas de este emblem\u00e1tico videojuego.<\/strong> Este nuevo proyecto evita que otros grandes estudios, como Warner Bros y Netflix, obtengan los derechos de la historia que ha capturado la atenci\u00f3n de los fans durante a\u00f1os.<\/p>\n\n\n\n<h2 class=\"wp-block-heading\">\u00bfUna pel\u00edcula de Resident Evil a la altura? Confiamos en su director<\/h2>\n\n\n\n<p>A pesar de que las pel\u00edculas anteriores de Resident Evil no han recibido cr\u00edticas favorables( ninguna de ellas supera el 38% en Rotten Tomatoes), <strong>la franquicia ha demostrado ser exitosa en t\u00e9rminos de taquilla<\/strong>, acumulando m\u00e1s de 1.2 mil millones de d\u00f3lares en ingresos globales. Esta paradoja entre la cr\u00edtica y el \u00e9xito comercial ha llevado a Sony a reiniciar el proyecto, en busca de mejorar la calidad de las producciones anteriores.<\/p>\n\n\n\n<p><strong>El nuevo reinicio ser\u00e1 escrito y dirigido por Zach Cregger, director conocido por su pel\u00edcula de terror Barbarian,<\/strong> aunque de momento ni siquiera se ha escrito el gui\u00f3n de la pel\u00edcula. Este cambio en el liderazgo creativo ofrece un rayo de esperanza a los seguidores, ya que Cregger ha recibido elogios por su trabajo reciente en el g\u00e9nero del terror, ya que Barbarian recibi\u00f3 muy buenas cr\u00edticas y fue un soplo de aire fresco en el g\u00e9nero.<\/p>\n\n\n\n<p>La pel\u00edcula se producir\u00e1 bajo la etiqueta de Columbia Pictures, lo que sugiere un posible aumento en el presupuesto en comparaci\u00f3n con las pel\u00edculas previas que se produjeron bajo Screen Gems. Esto podr\u00eda se\u00f1alar una <strong>intenci\u00f3n de Sony de elevar la calidad de la producci\u00f3n, dada la asignaci\u00f3n de recursos que acompa\u00f1a a la marca Columbia<\/strong>, conocida por pel\u00edculas de alto perfil como las del universo Spider-Man.<\/p>\n\n\n\n<figure class=\"wp-block-embed is-type-video is-provider-youtube wp-block-embed-youtube wp-embed-aspect-16-9 wp-has-aspect-ratio\"><div class=\"wp-block-embed__wrapper\">\n<iframe loading=\"lazy\" title=\"RESIDENT EVIL: THE FINAL CHAPTER - Official Trailer (HD)\" width=\"840\" height=\"473\" src=\"https:\/\/www.youtube.com\/embed\/79Sd4GtOXuI?feature=oembed\" frameborder=\"0\" allow=\"accelerometer; autoplay; clipboard-write; encrypted-media; gyroscope; picture-in-picture; web-share\" referrerpolicy=\"strict-origin-when-cross-origin\" allowfullscreen><\/iframe>\n<\/div><\/figure>\n\n\n\n<p><strong>Con una fecha de lanzamiento programada para el 18 de septiembre de 2026, a pesar de la falta de un guion o elenco<\/strong>, los aficionados ahora esperan con una mezcla de escepticismo y esperanza que esta nueva entrega consiga captar la esencia del videojuego y ofrecer una adaptaci\u00f3n digna de su legado.<\/p>\n","protected":false},"excerpt":{"rendered":"<p>Sony ha logrado asegurar los derechos de producci\u00f3n para un nuevo reinicio de la popular franquicia Resident Evil, una decisi\u00f3n que podr\u00eda alterar significativamente la trayectoria de las adaptaciones cinematogr\u00e1ficas de este emblem\u00e1tico videojuego. Este nuevo proyecto evita que otros grandes estudios, como Warner Bros y Netflix, obtengan los derechos de la historia que ha &hellip; <a href=\"https:\/\/cms-articles.softonic.io\/es\/ya-tenemos-fecha-de-estreno-para-la-nueva-pelicula-de-resident-evil\/\" class=\"more-link\">Continue reading<span class=\"screen-reader-text\"> &#8220;Ya tenemos fecha de estreno para la nueva pel\u00edcula de Resident Evil&#8221;<\/span><\/a><\/p>\n","protected":false},"author":9317,"featured_media":350603,"comment_status":"closed","ping_status":"closed","sticky":false,"template":"","format":"standard","meta":{"footnotes":"","wpcf-pageviews":0},"categories":[9317],"tags":[17224,11718,9391,15359],"usertag":[],"vertical":[],"content-category":[14105],"class_list":["post-350602","post","type-post","status-publish","format-standard","has-post-thumbnail","hentry","category-news","tag-columbia","tag-resident-evil","tag-sony","tag-zach-cregger","content-category-juegos"],"aioseo_notices":[],"_links":{"self":[{"href":"https:\/\/cms-articles.softonic.io\/es\/wp-json\/wp\/v2\/posts\/350602","targetHints":{"allow":["GET"]}}],"collection":[{"href":"https:\/\/cms-articles.softonic.io\/es\/wp-json\/wp\/v2\/posts"}],"about":[{"href":"https:\/\/cms-articles.softonic.io\/es\/wp-json\/wp\/v2\/types\/post"}],"author":[{"embeddable":true,"href":"https:\/\/cms-articles.softonic.io\/es\/wp-json\/wp\/v2\/users\/9317"}],"replies":[{"embeddable":true,"href":"https:\/\/cms-articles.softonic.io\/es\/wp-json\/wp\/v2\/comments?post=350602"}],"version-history":[{"count":0,"href":"https:\/\/cms-articles.softonic.io\/es\/wp-json\/wp\/v2\/posts\/350602\/revisions"}],"wp:featuredmedia":[{"embeddable":true,"href":"https:\/\/cms-articles.softonic.io\/es\/wp-json\/wp\/v2\/media\/350603"}],"wp:attachment":[{"href":"https:\/\/cms-articles.softonic.io\/es\/wp-json\/wp\/v2\/media?parent=350602"}],"wp:term":[{"taxonomy":"category","embeddable":true,"href":"https:\/\/cms-articles.softonic.io\/es\/wp-json\/wp\/v2\/categories?post=350602"},{"taxonomy":"post_tag","embeddable":true,"href":"https:\/\/cms-articles.softonic.io\/es\/wp-json\/wp\/v2\/tags?post=350602"},{"taxonomy":"usertag","embeddable":true,"href":"https:\/\/cms-articles.softonic.io\/es\/wp-json\/wp\/v2\/usertag?post=350602"},{"taxonomy":"vertical","embeddable":true,"href":"https:\/\/cms-articles.softonic.io\/es\/wp-json\/wp\/v2\/vertical?post=350602"},{"taxonomy":"content-category","embeddable":true,"href":"https:\/\/cms-articles.softonic.io\/es\/wp-json\/wp\/v2\/content-category?post=350602"}],"curies":[{"name":"wp","href":"https:\/\/api.w.org\/{rel}","templated":true}]}}