{"id":351391,"date":"2025-03-20T11:30:53","date_gmt":"2025-03-20T10:30:53","guid":{"rendered":"https:\/\/sftarticles.wpenginepowered.com\/es\/?p=351391"},"modified":"2025-03-21T07:46:11","modified_gmt":"2025-03-21T06:46:11","slug":"presumed-innocent-competira-en-los-emmy-2025-como-miniserie","status":"publish","type":"post","link":"https:\/\/cms-articles.softonic.io\/es\/presumed-innocent-competira-en-los-emmy-2025-como-miniserie\/","title":{"rendered":"Presumed Innocent competir\u00e1 en los Emmy 2025 como miniserie"},"content":{"rendered":"\n<p>La serie<strong> Presumed Innocent, un thriller legal de Apple TV+, se prepara para competir en las categor\u00edas de miniserie o de antolog\u00eda en los Premios Emmy 2025<\/strong>. Esta decisi\u00f3n ha sido aprobada por la Academia de Televisi\u00f3n de los Estados Unidos, lo que marca un importante hito para la serie y su equipo creativo.<\/p>\n\n\n\n<h2 class=\"wp-block-heading\">Miniseries con m\u00e1s de una temporada<\/h2>\n\n\n\n<p>Originalmente, <strong>Presumed Innocent fue enviada como serie dram\u00e1tica para los Golden Globes y los SAG Awards, donde ya ha comenzado a captar la atenci\u00f3n de cr\u00edticos y espectadores<\/strong>, pero despu\u00e9s del \u00e9xito se renov\u00f3 por una temporada 2. Esta estrategia de presentaci\u00f3n en m\u00faltiples categor\u00edas sugiere que la serie est\u00e1 en una posici\u00f3n competitiva robusta esta temporada de premios.<\/p>\n\n\n\n<p>En el centro de la serie se encuentra el actor Jake, quien ha recibido reconocimiento por su destacada actuaci\u00f3n. Este tipo de elogios, junto con la nominaci\u00f3n a varios premios, subraya el atractivo de la serie y su potencial para resonar con los votantes de la Academia. <strong>La actuaci\u00f3n de Jake ha sido especialmente elogiada, elevando la narrativa envolvente de la serie que trata sobre la complejidad de un caso judicial y las implicaciones morales que lo acompa\u00f1an.<\/strong><\/p>\n\n\n\n<p>Con la competencia en las categor\u00edas de Series Limitadas o de Antolog\u00eda, <strong>Presumed Innocent busca destacarse en un campo que incluye a otros proyectos de prestigio<\/strong>. Estas categor\u00edas suelen resonar bien entre los votantes, ya que suelen presentar historias con narrativas profundas y complejas, algo que la serie ha demostrado hasta ahora.<\/p>\n\n\n\n<figure class=\"wp-block-embed is-type-video is-provider-youtube wp-block-embed-youtube wp-embed-aspect-16-9 wp-has-aspect-ratio\"><div class=\"wp-block-embed__wrapper\">\n<iframe loading=\"lazy\" title=\"Presumed Innocent \u2014 Official Trailer | Apple TV+\" width=\"840\" height=\"473\" src=\"https:\/\/www.youtube.com\/embed\/ZNSY3lMioHs?feature=oembed\" frameborder=\"0\" allow=\"accelerometer; autoplay; clipboard-write; encrypted-media; gyroscope; picture-in-picture; web-share\" referrerpolicy=\"strict-origin-when-cross-origin\" allowfullscreen><\/iframe>\n<\/div><\/figure>\n\n\n\n<p>De cara al futuro, la anticipaci\u00f3n por los Emmy promete intensificarse y convertirse en una dura lucha por los premios con mucho nivel. <strong>Los ojos estar\u00e1n puestos en c\u00f3mo se desarrollan los eventos en la pr\u00f3xima temporada de premios.<\/strong><\/p>\n","protected":false},"excerpt":{"rendered":"<p>La serie Presumed Innocent, un thriller legal de Apple TV+, se prepara para competir en las categor\u00edas de miniserie o de antolog\u00eda en los Premios Emmy 2025. Esta decisi\u00f3n ha sido aprobada por la Academia de Televisi\u00f3n de los Estados Unidos, lo que marca un importante hito para la serie y su equipo creativo. Miniseries &hellip; <a href=\"https:\/\/cms-articles.softonic.io\/es\/presumed-innocent-competira-en-los-emmy-2025-como-miniserie\/\" class=\"more-link\">Continue reading<span class=\"screen-reader-text\"> &#8220;Presumed Innocent competir\u00e1 en los Emmy 2025 como miniserie&#8221;<\/span><\/a><\/p>\n","protected":false},"author":9317,"featured_media":351397,"comment_status":"closed","ping_status":"closed","sticky":false,"template":"","format":"standard","meta":{"footnotes":"","wpcf-pageviews":0},"categories":[9317],"tags":[9387,10592,16165,17810],"usertag":[],"vertical":[],"content-category":[],"class_list":["post-351391","post","type-post","status-publish","format-standard","has-post-thumbnail","hentry","category-news","tag-apple","tag-apple-tv-2","tag-emmys","tag-presumed-innocent"],"aioseo_notices":[],"_links":{"self":[{"href":"https:\/\/cms-articles.softonic.io\/es\/wp-json\/wp\/v2\/posts\/351391","targetHints":{"allow":["GET"]}}],"collection":[{"href":"https:\/\/cms-articles.softonic.io\/es\/wp-json\/wp\/v2\/posts"}],"about":[{"href":"https:\/\/cms-articles.softonic.io\/es\/wp-json\/wp\/v2\/types\/post"}],"author":[{"embeddable":true,"href":"https:\/\/cms-articles.softonic.io\/es\/wp-json\/wp\/v2\/users\/9317"}],"replies":[{"embeddable":true,"href":"https:\/\/cms-articles.softonic.io\/es\/wp-json\/wp\/v2\/comments?post=351391"}],"version-history":[{"count":0,"href":"https:\/\/cms-articles.softonic.io\/es\/wp-json\/wp\/v2\/posts\/351391\/revisions"}],"wp:featuredmedia":[{"embeddable":true,"href":"https:\/\/cms-articles.softonic.io\/es\/wp-json\/wp\/v2\/media\/351397"}],"wp:attachment":[{"href":"https:\/\/cms-articles.softonic.io\/es\/wp-json\/wp\/v2\/media?parent=351391"}],"wp:term":[{"taxonomy":"category","embeddable":true,"href":"https:\/\/cms-articles.softonic.io\/es\/wp-json\/wp\/v2\/categories?post=351391"},{"taxonomy":"post_tag","embeddable":true,"href":"https:\/\/cms-articles.softonic.io\/es\/wp-json\/wp\/v2\/tags?post=351391"},{"taxonomy":"usertag","embeddable":true,"href":"https:\/\/cms-articles.softonic.io\/es\/wp-json\/wp\/v2\/usertag?post=351391"},{"taxonomy":"vertical","embeddable":true,"href":"https:\/\/cms-articles.softonic.io\/es\/wp-json\/wp\/v2\/vertical?post=351391"},{"taxonomy":"content-category","embeddable":true,"href":"https:\/\/cms-articles.softonic.io\/es\/wp-json\/wp\/v2\/content-category?post=351391"}],"curies":[{"name":"wp","href":"https:\/\/api.w.org\/{rel}","templated":true}]}}