{"id":351899,"date":"2025-03-27T13:20:00","date_gmt":"2025-03-27T12:20:00","guid":{"rendered":"https:\/\/sftarticles.wpenginepowered.com\/es\/?p=351899"},"modified":"2025-03-28T08:27:23","modified_gmt":"2025-03-28T07:27:23","slug":"conocemos-ya-el-casting-de-los-x-men-y-es-absolutamente-asombroso","status":"publish","type":"post","link":"https:\/\/cms-articles.softonic.io\/es\/conocemos-ya-el-casting-de-los-x-men-y-es-absolutamente-asombroso\/","title":{"rendered":"Conocemos ya el casting de los X-Men y es absolutamente asombroso"},"content":{"rendered":"\n<p class=\"wp-block-paragraph\">Despu\u00e9s de a\u00f1os de especulaciones y por fin confirmaciones, <a href=\"https:\/\/www.softonic.com\/articulos\/todas-peliculas-x-men-ordenadas\">Marvel ha anunciado oficialmente la llegada de los X-Men al Universo Cinematogr\u00e1fico de Marvel<\/a>. <strong>Este esperado debut se realizar\u00e1 en la pr\u00f3xima pel\u00edcula Vengadores: Doomsday, donde se empezaron a revelar los miembros del elenco, incluyendo a caras conocidas como Thor, el nuevo Capit\u00e1n Am\u00e9rica y Black Panther.<\/strong><\/p>\n\n\n\n<h2 class=\"wp-block-heading\">Un casting absolutamente asombroso<\/h2>\n\n\n\n<p class=\"wp-block-paragraph\">Entre los sorprendentes anuncios, <strong>se destaca el regreso de personajes ic\u00f3nicos de la saga original de los X-Men, con Patrick Stewart y Ian McKellen reapareciendo como el profesor Charles Xavier y Magneto, respectivamente<\/strong>. Adem\u00e1s, se unen al elenco Kelsey Grammer como Bestia, James Marsden en el papel de C\u00edclope, Alan Cumming como Nightcrawler, Channing Tatum interpretando a Gambit y Rebecca Romijn como Mystique. La expectativa alrededor de este anuncio ha generado un gran revuelo entre los aficionados a los c\u00f3mics y al cine de superh\u00e9roes.<\/p>\n\n\n\n<figure class=\"wp-block-embed is-type-video is-provider-youtube wp-block-embed-youtube wp-embed-aspect-16-9 wp-has-aspect-ratio\"><div class=\"wp-block-embed__wrapper\">\n<iframe loading=\"lazy\" title=\"Trailer oficial X-Men Primera Generaci\u00f3n\" width=\"840\" height=\"473\" src=\"https:\/\/www.youtube.com\/embed\/Tct8L8B3uMc?feature=oembed\" frameborder=\"0\" allow=\"accelerometer; autoplay; clipboard-write; encrypted-media; gyroscope; picture-in-picture; web-share\" referrerpolicy=\"strict-origin-when-cross-origin\" allowfullscreen><\/iframe>\n<\/div><\/figure>\n\n\n\n<p class=\"wp-block-paragraph\">Es importante resaltar que, aunque esta alineaci\u00f3n de los X-Men puede emocionarnos, se espera que, tras los eventos de Secret Wars, <strong>el MCU tenga un reinicio que podr\u00eda cambiar significativamente el futuro de estos personajes en la gran pantalla<\/strong>. Esto ha llevado a diversos rumores en torno a c\u00f3mo evolucionar\u00e1n las din\u00e1micas entre los superh\u00e9roes de Marvel y los mutantes una vez que se presente esta nueva fase del universo cinematogr\u00e1fico.<\/p>\n\n\n\n<p class=\"wp-block-paragraph\">Los detalles de la pel\u00edcula Vengadores: Doomsday siguen revel\u00e1ndose con cuentagotas, y<strong> aunque los nombres confirmados son los que los fans esperaban, la llegada de los X-Men marca un hito significativo en la historia del MCU<\/strong>. A medida que se acerque la fecha de estreno, los seguidores estar\u00e1n atentos a m\u00e1s novedades sobre el desarrollo de esta producci\u00f3n que promete unir a algunas de las figuras m\u00e1s ic\u00f3nicas del mundo de los superh\u00e9roes.<\/p>\n\n\n<div class=\"sc-card-program\">\r\n  <div class=\"sc-card-program__body\">\r\n    <div class=\"sc-card-program__row clearfix\">\r\n      <div class=\"sc-card-program__col-logo\">\r\n        <img decoding=\"async\" class=\"sc-card-program__img\" src=\"https:\/\/images.sftcdn.net\/images\/t_app-icon-s\/p\/246b1fd4-6164-4c6f-9318-27e1cb587dc6\/489019137\/disney-plus-logo\" alt=\"Disney+\" width=\"100px\" height=\"100px\">\r\n      <\/div>\r\n      <div class=\"sc-card-program__col-title\">\r\n        <span class=\"sc-card-program__title\">Disney+<\/span>\r\n        <a class=\"sc-card-program__button sc-card-program-internal\" href=\"https:\/\/disney-plus.softonic.com\/iphone\" target=\"_self\" rel=\"noopener noreferrer\">DESCARGAR<\/a>\r\n      <\/div>\r\n      <div class=\"sc-card-program__col-rating\">\r\n        <svg class=\"rating-score__content\" xmlns=\"http:\/\/www.w3.org\/2000\/svg\" version=\"1.1\" x=\"0\" y=\"0\" viewbox=\"0 0 50 50\" enable-background=\"new 0 0 50 50\" xml:space=\"preserve\"><path class=\"rating-score__background rating-score--good\" fill=\"none\" stroke-width=\"6\" stroke-miterlimit=\"10\" d=\"M40 40c8.3-8.3 8.3-21.7 0-30s-21.7-8.3-30 0 -8.3 21.7 0 30\"><\/path><path class=\"rating-score__value rating-score__value--0\" fill=\"none\" stroke-width=\"6\" stroke-dashoffset=\"0\" stroke-miterlimit=\"10\" d=\"M40 40c8.3-8.3 8.3-21.7 0-30s-21.7-8.3-30 0 -8.3 21.7 0 30\"><\/path><text class=\"rating-score__number\" content=\"\" text-anchor=\"middle\" transform=\"matrix(1 0 0 1 25 31.0837)\" data-auto=\"app-user-score\"><\/text><\/svg>\r\n      <\/div>\r\n    <\/div>\r\n    <div class=\"sc-card-program__row\">\r\n      <span class=\"sc-card-program__description\"><\/span>\r\n    <\/div>\r\n    <div class=\"sc-card-program__row\">\r\n      <img decoding=\"async\" class=\"sc-card-program__bigpic\" src=\"\" onerror=\"this.style.display='none'\">\r\n    <\/div>\r\n    <a class=\"sc-card-program__link track-link sc-card-program-internal\" href=\"https:\/\/disney-plus.softonic.com\/iphone\" target=\"_self\" rel=\"noopener noreferrer\"><\/a>\r\n  <\/div>\r\n<\/div>\n","protected":false},"excerpt":{"rendered":"<p>Despu\u00e9s de a\u00f1os de especulaciones y por fin confirmaciones, Marvel ha anunciado oficialmente la llegada de los X-Men al Universo Cinematogr\u00e1fico de Marvel. Este esperado debut se realizar\u00e1 en la pr\u00f3xima pel\u00edcula Vengadores: Doomsday, donde se empezaron a revelar los miembros del elenco, incluyendo a caras conocidas como Thor, el nuevo Capit\u00e1n Am\u00e9rica y Black &hellip; <a href=\"https:\/\/cms-articles.softonic.io\/es\/conocemos-ya-el-casting-de-los-x-men-y-es-absolutamente-asombroso\/\" class=\"more-link\">Continue reading<span class=\"screen-reader-text\"> &#8220;Conocemos ya el casting de los X-Men y es absolutamente asombroso&#8221;<\/span><\/a><\/p>\n","protected":false},"author":9318,"featured_media":351900,"comment_status":"closed","ping_status":"closed","sticky":false,"template":"","format":"standard","meta":{"footnotes":"","wpcf-pageviews":0},"categories":[9317],"tags":[18187,15142,18186,18188,15964,13115],"usertag":[],"vertical":[],"content-category":[14557],"class_list":["post-351899","post","type-post","status-publish","format-standard","has-post-thumbnail","hentry","category-news","tag-ian-mckellen","tag-mcu","tag-patrick-stewartc","tag-secret-wars","tag-vengadores-doomsday","tag-x-men","content-category-streaming-videos"],"aioseo_notices":[],"_links":{"self":[{"href":"https:\/\/cms-articles.softonic.io\/es\/wp-json\/wp\/v2\/posts\/351899","targetHints":{"allow":["GET"]}}],"collection":[{"href":"https:\/\/cms-articles.softonic.io\/es\/wp-json\/wp\/v2\/posts"}],"about":[{"href":"https:\/\/cms-articles.softonic.io\/es\/wp-json\/wp\/v2\/types\/post"}],"author":[{"embeddable":true,"href":"https:\/\/cms-articles.softonic.io\/es\/wp-json\/wp\/v2\/users\/9318"}],"replies":[{"embeddable":true,"href":"https:\/\/cms-articles.softonic.io\/es\/wp-json\/wp\/v2\/comments?post=351899"}],"version-history":[{"count":0,"href":"https:\/\/cms-articles.softonic.io\/es\/wp-json\/wp\/v2\/posts\/351899\/revisions"}],"wp:featuredmedia":[{"embeddable":true,"href":"https:\/\/cms-articles.softonic.io\/es\/wp-json\/wp\/v2\/media\/351900"}],"wp:attachment":[{"href":"https:\/\/cms-articles.softonic.io\/es\/wp-json\/wp\/v2\/media?parent=351899"}],"wp:term":[{"taxonomy":"category","embeddable":true,"href":"https:\/\/cms-articles.softonic.io\/es\/wp-json\/wp\/v2\/categories?post=351899"},{"taxonomy":"post_tag","embeddable":true,"href":"https:\/\/cms-articles.softonic.io\/es\/wp-json\/wp\/v2\/tags?post=351899"},{"taxonomy":"usertag","embeddable":true,"href":"https:\/\/cms-articles.softonic.io\/es\/wp-json\/wp\/v2\/usertag?post=351899"},{"taxonomy":"vertical","embeddable":true,"href":"https:\/\/cms-articles.softonic.io\/es\/wp-json\/wp\/v2\/vertical?post=351899"},{"taxonomy":"content-category","embeddable":true,"href":"https:\/\/cms-articles.softonic.io\/es\/wp-json\/wp\/v2\/content-category?post=351899"}],"curies":[{"name":"wp","href":"https:\/\/api.w.org\/{rel}","templated":true}]}}