{"id":353021,"date":"2025-04-14T15:22:52","date_gmt":"2025-04-14T13:22:52","guid":{"rendered":"https:\/\/sftarticles.wpenginepowered.com\/es\/?p=353021"},"modified":"2025-04-15T08:18:55","modified_gmt":"2025-04-15T06:18:55","slug":"apple-desvela-sus-planes-para-la-proxima-generacion-de-ipads-con-funciones-similares-a-mac","status":"publish","type":"post","link":"https:\/\/cms-articles.softonic.io\/es\/apple-desvela-sus-planes-para-la-proxima-generacion-de-ipads-con-funciones-similares-a-mac\/","title":{"rendered":"Apple desvela sus planes para la pr\u00f3xima generaci\u00f3n de iPads con funciones similares a Mac"},"content":{"rendered":"\n<p>Apple est\u00e1 trabajando en una <strong>nueva generaci\u00f3n de iPads equipados con el procesador M5, lo que podr\u00eda llevar su potencia m\u00e1s cerca de la de los Macs<\/strong>. Esta evoluci\u00f3n en el hardware se complementar\u00e1 con una pr\u00f3xima actualizaci\u00f3n del sistema operativo iPadOS, que se centrar\u00e1 en mejorar la productividad, la multitarea y la gesti\u00f3n de ventanas. Con estas mejoras, la experiencia del usuario en el iPad se asemejar\u00e1 m\u00e1s a la que se tiene en los ordenadores de la compa\u00f1\u00eda, todo ello sin abandonar el sistema operativo caracter\u00edstico de las tablets, que sigue siendo m\u00e1s parecido a iOS que a macOS.<\/p>\n\n\n\n<h2 class=\"wp-block-heading\">Sac\u00e1ndole el macx\u00edmo a sus dispositivos<\/h2>\n\n\n\n<p>Durante la pr\u00f3xima Conferencia Mundial de Desarrolladores (WWDC) de Apple, se espera que la compa\u00f1\u00eda haga anuncios significativos sobre iPadOS 19. Seg\u00fan el analista Mark Gurman,<strong> la actualizaci\u00f3n destacar\u00e1 la evoluci\u00f3n del sistema operativo hacia funciones que recuerdan a las de macOS, un cambio que muchos usuarios han demandado durante a\u00f1os<\/strong>. Aunque no se ha confirmado la inclusi\u00f3n total de macOS en el iPad, Apple parece estar satisfecho con llevar algunas caracter\u00edsticas de sus ordenadores a las tablets, buscando as\u00ed satisfacer las necesidades de sus consumidores y mantener la hibridaci\u00f3n de estos dispositivos.<\/p>\n\n\n\n<figure class=\"wp-block-embed is-type-video is-provider-youtube wp-block-embed-youtube wp-embed-aspect-16-9 wp-has-aspect-ratio\"><div class=\"wp-block-embed__wrapper\">\n<iframe loading=\"lazy\" title=\"Introducing the all-new iPad Pro | Apple\" width=\"840\" height=\"473\" src=\"https:\/\/www.youtube.com\/embed\/UjmaxCyJBc4?feature=oembed\" frameborder=\"0\" allow=\"accelerometer; autoplay; clipboard-write; encrypted-media; gyroscope; picture-in-picture; web-share\" referrerpolicy=\"strict-origin-when-cross-origin\" allowfullscreen><\/iframe>\n<\/div><\/figure>\n\n\n\n<p>El nuevo iPad Pro, que se lanzar\u00e1 al mercado coincidiendo con el primer aniversario del iPad Pro M4, podr\u00e1 aprovechar todas las mejoras de iPadOS 19. Adem\u00e1s, <strong>se espera que los modelos con procesadores M4 y M5 cuenten con funcionalidades de PC, permitiendo optimizar la productividad y la gesti\u00f3n de aplicaciones.<\/strong> Esto marcar\u00eda un cambio significativo en la percepci\u00f3n de los usuarios, quienes hist\u00f3ricamente han considerado que el hardware del iPad es superior al software disponible. A partir de este nuevo enfoque, Apple busca cerrar esa brecha, ofreciendo un sistema que maximiza el rendimiento de sus dispositivos m\u00e1s avanzados.<\/p>\n","protected":false},"excerpt":{"rendered":"<p>Apple est\u00e1 trabajando en una nueva generaci\u00f3n de iPads equipados con el procesador M5, lo que podr\u00eda llevar su potencia m\u00e1s cerca de la de los Macs. Esta evoluci\u00f3n en el hardware se complementar\u00e1 con una pr\u00f3xima actualizaci\u00f3n del sistema operativo iPadOS, que se centrar\u00e1 en mejorar la productividad, la multitarea y la gesti\u00f3n de &hellip; <a href=\"https:\/\/cms-articles.softonic.io\/es\/apple-desvela-sus-planes-para-la-proxima-generacion-de-ipads-con-funciones-similares-a-mac\/\" class=\"more-link\">Continue reading<span class=\"screen-reader-text\"> &#8220;Apple desvela sus planes para la pr\u00f3xima generaci\u00f3n de iPads con funciones similares a Mac&#8221;<\/span><\/a><\/p>\n","protected":false},"author":9317,"featured_media":353022,"comment_status":"closed","ping_status":"closed","sticky":false,"template":"","format":"standard","meta":{"footnotes":"","wpcf-pageviews":0},"categories":[9317],"tags":[9387,9534,10869,9401],"usertag":[],"vertical":[],"content-category":[],"class_list":["post-353021","post","type-post","status-publish","format-standard","has-post-thumbnail","hentry","category-news","tag-apple","tag-ipad","tag-ipados","tag-mac"],"aioseo_notices":[],"_links":{"self":[{"href":"https:\/\/cms-articles.softonic.io\/es\/wp-json\/wp\/v2\/posts\/353021","targetHints":{"allow":["GET"]}}],"collection":[{"href":"https:\/\/cms-articles.softonic.io\/es\/wp-json\/wp\/v2\/posts"}],"about":[{"href":"https:\/\/cms-articles.softonic.io\/es\/wp-json\/wp\/v2\/types\/post"}],"author":[{"embeddable":true,"href":"https:\/\/cms-articles.softonic.io\/es\/wp-json\/wp\/v2\/users\/9317"}],"replies":[{"embeddable":true,"href":"https:\/\/cms-articles.softonic.io\/es\/wp-json\/wp\/v2\/comments?post=353021"}],"version-history":[{"count":0,"href":"https:\/\/cms-articles.softonic.io\/es\/wp-json\/wp\/v2\/posts\/353021\/revisions"}],"wp:featuredmedia":[{"embeddable":true,"href":"https:\/\/cms-articles.softonic.io\/es\/wp-json\/wp\/v2\/media\/353022"}],"wp:attachment":[{"href":"https:\/\/cms-articles.softonic.io\/es\/wp-json\/wp\/v2\/media?parent=353021"}],"wp:term":[{"taxonomy":"category","embeddable":true,"href":"https:\/\/cms-articles.softonic.io\/es\/wp-json\/wp\/v2\/categories?post=353021"},{"taxonomy":"post_tag","embeddable":true,"href":"https:\/\/cms-articles.softonic.io\/es\/wp-json\/wp\/v2\/tags?post=353021"},{"taxonomy":"usertag","embeddable":true,"href":"https:\/\/cms-articles.softonic.io\/es\/wp-json\/wp\/v2\/usertag?post=353021"},{"taxonomy":"vertical","embeddable":true,"href":"https:\/\/cms-articles.softonic.io\/es\/wp-json\/wp\/v2\/vertical?post=353021"},{"taxonomy":"content-category","embeddable":true,"href":"https:\/\/cms-articles.softonic.io\/es\/wp-json\/wp\/v2\/content-category?post=353021"}],"curies":[{"name":"wp","href":"https:\/\/api.w.org\/{rel}","templated":true}]}}