{"id":353163,"date":"2025-04-16T12:37:00","date_gmt":"2025-04-16T10:37:00","guid":{"rendered":"https:\/\/sftarticles.wpenginepowered.com\/es\/?p=353163"},"modified":"2025-04-16T14:05:01","modified_gmt":"2025-04-16T12:05:01","slug":"james-marsden-se-une-al-reparto-de-la-segunda-temporada-de-your-friends-and-neighbors","status":"publish","type":"post","link":"https:\/\/cms-articles.softonic.io\/es\/james-marsden-se-une-al-reparto-de-la-segunda-temporada-de-your-friends-and-neighbors\/","title":{"rendered":"James Marsden se une al reparto de la segunda temporada de Your Friends and Neighbors"},"content":{"rendered":"\n<p>\u00bfTe suena su cara? Se trata de James Marsden, y ha firmado un papel significativo para la segunda temporada de Your Friends and Neighbors, una serie de drama que ha capturado la atenci\u00f3n de la audiencia desde su lanzamiento. <strong>Apple TV+ ha renovado la serie tan solo un mes despu\u00e9s de su debut, que tuvo lugar el 11 de abril de 2024<\/strong>. La confirmaci\u00f3n de la renovaci\u00f3n lleg\u00f3 en noviembre de 2024, lo que refleja la confianza de la plataforma en el proyecto.<\/p>\n\n\n\n<h2 class=\"wp-block-heading\">Tu amigo y vecino, pero no Spiderman<\/h2>\n\n\n\n<p>La segunda temporada de Your Friends and Neighbors se encuentra actualmente en producci\u00f3n, y la incorporaci\u00f3n de Marsden como miembro regular del reparto ha generado expectativas entre los seguidores de la serie. <strong>Su participaci\u00f3n se suma a un elenco que ya ha sido aclamado por su qu\u00edmica y actuaciones impactantes.<\/strong> Aunque se est\u00e1n revelando pocos detalles sobre la trama de la nueva temporada, los fans especulan sobre posibles giros que podr\u00edan surgir a partir de los eventos de la primera entrega.<\/p>\n\n\n\n<p><strong>La llegada de Marsden a la serie resalta su continuo ascenso en el mundo del entretenimiento, donde ha demostrado su versatilidad en diversos g\u00e9neros<\/strong>, desde dramas hasta comedias de acci\u00f3n. Su experiencia previa en producciones exitosas sugiere que su papel en Your Friends and Neighbors podr\u00eda ser uno de los momentos destacados de la segunda temporada.<\/p>\n\n\n\n<figure class=\"wp-block-embed is-type-video is-provider-youtube wp-block-embed-youtube wp-embed-aspect-16-9 wp-has-aspect-ratio\"><div class=\"wp-block-embed__wrapper\">\n<iframe loading=\"lazy\" title=\"Your Friends &amp; Neighbors \u2014 Opening Title Sequence | Apple TV+\" width=\"840\" height=\"473\" src=\"https:\/\/www.youtube.com\/embed\/9Y2668rdUTI?feature=oembed\" frameborder=\"0\" allow=\"accelerometer; autoplay; clipboard-write; encrypted-media; gyroscope; picture-in-picture; web-share\" referrerpolicy=\"strict-origin-when-cross-origin\" allowfullscreen><\/iframe>\n<\/div><\/figure>\n\n\n\n<p>A medida que avanza la producci\u00f3n, <strong>los fan\u00e1ticos est\u00e1n ansiosos por ver c\u00f3mo se desarrollan las relaciones entre los personajes y qu\u00e9 nuevo contenido ofrecer\u00e1 la serie.<\/strong> Hasta el momento, la cr\u00edtica ha sido favorable, lo que sugiere que Apple TV+ podr\u00eda estar en el camino correcto al apoyar esta serie que ha resonado bien con su audiencia.<\/p>\n","protected":false},"excerpt":{"rendered":"<p>\u00bfTe suena su cara? Se trata de James Marsden, y ha firmado un papel significativo para la segunda temporada de Your Friends and Neighbors, una serie de drama que ha capturado la atenci\u00f3n de la audiencia desde su lanzamiento. Apple TV+ ha renovado la serie tan solo un mes despu\u00e9s de su debut, que tuvo &hellip; <a href=\"https:\/\/cms-articles.softonic.io\/es\/james-marsden-se-une-al-reparto-de-la-segunda-temporada-de-your-friends-and-neighbors\/\" class=\"more-link\">Continue reading<span class=\"screen-reader-text\"> &#8220;James Marsden se une al reparto de la segunda temporada de Your Friends and Neighbors&#8221;<\/span><\/a><\/p>\n","protected":false},"author":9317,"featured_media":353165,"comment_status":"closed","ping_status":"closed","sticky":false,"template":"","format":"standard","meta":{"footnotes":"","wpcf-pageviews":0},"categories":[9317],"tags":[10592,19043,9535,19044],"usertag":[],"vertical":[],"content-category":[],"class_list":["post-353163","post","type-post","status-publish","format-standard","has-post-thumbnail","hentry","category-news","tag-apple-tv-2","tag-james-marsden","tag-streaming","tag-your-friends-and-neighbors"],"aioseo_notices":[],"_links":{"self":[{"href":"https:\/\/cms-articles.softonic.io\/es\/wp-json\/wp\/v2\/posts\/353163","targetHints":{"allow":["GET"]}}],"collection":[{"href":"https:\/\/cms-articles.softonic.io\/es\/wp-json\/wp\/v2\/posts"}],"about":[{"href":"https:\/\/cms-articles.softonic.io\/es\/wp-json\/wp\/v2\/types\/post"}],"author":[{"embeddable":true,"href":"https:\/\/cms-articles.softonic.io\/es\/wp-json\/wp\/v2\/users\/9317"}],"replies":[{"embeddable":true,"href":"https:\/\/cms-articles.softonic.io\/es\/wp-json\/wp\/v2\/comments?post=353163"}],"version-history":[{"count":0,"href":"https:\/\/cms-articles.softonic.io\/es\/wp-json\/wp\/v2\/posts\/353163\/revisions"}],"wp:featuredmedia":[{"embeddable":true,"href":"https:\/\/cms-articles.softonic.io\/es\/wp-json\/wp\/v2\/media\/353165"}],"wp:attachment":[{"href":"https:\/\/cms-articles.softonic.io\/es\/wp-json\/wp\/v2\/media?parent=353163"}],"wp:term":[{"taxonomy":"category","embeddable":true,"href":"https:\/\/cms-articles.softonic.io\/es\/wp-json\/wp\/v2\/categories?post=353163"},{"taxonomy":"post_tag","embeddable":true,"href":"https:\/\/cms-articles.softonic.io\/es\/wp-json\/wp\/v2\/tags?post=353163"},{"taxonomy":"usertag","embeddable":true,"href":"https:\/\/cms-articles.softonic.io\/es\/wp-json\/wp\/v2\/usertag?post=353163"},{"taxonomy":"vertical","embeddable":true,"href":"https:\/\/cms-articles.softonic.io\/es\/wp-json\/wp\/v2\/vertical?post=353163"},{"taxonomy":"content-category","embeddable":true,"href":"https:\/\/cms-articles.softonic.io\/es\/wp-json\/wp\/v2\/content-category?post=353163"}],"curies":[{"name":"wp","href":"https:\/\/api.w.org\/{rel}","templated":true}]}}