{"id":355692,"date":"2025-05-29T14:20:00","date_gmt":"2025-05-29T12:20:00","guid":{"rendered":"https:\/\/cms-articles.softonic.io\/es\/?p=355692"},"modified":"2025-05-30T09:41:39","modified_gmt":"2025-05-30T07:41:39","slug":"si-crees-que-homelander-de-the-boys-es-un-heroe-su-actor-piensa-que-estas-muy-equivocado","status":"publish","type":"post","link":"https:\/\/cms-articles.softonic.io\/es\/si-crees-que-homelander-de-the-boys-es-un-heroe-su-actor-piensa-que-estas-muy-equivocado\/","title":{"rendered":"Si crees que Homelander de The Boys es un h\u00e9roe su actor piensa que est\u00e1s muy equivocado"},"content":{"rendered":"\n<p class=\"wp-block-paragraph\"><strong>Anthony Starr, conocido por su interpretaci\u00f3n del villano Homelander en la exitosa serie The Boys, ha sorprendido a muchos al admitir que algunos fans han llegado a sentir empat\u00eda por su personaje, quien encarna comportamientos soci\u00f3patas y desprecio hacia aquellos que considera inferiores.<\/strong> En una reciente conversaci\u00f3n con Entertainment Weekly, Starr reflexion\u00f3 sobre la surrealista admiraci\u00f3n que algunos espectadores sienten por Homelander, un personaje que, a pesar de su oscuro historial, ha capturado la atenci\u00f3n del p\u00fablico.<\/p>\n\n\n\n<h2 class=\"wp-block-heading\">Un personaje que ha divido, pero enamorado, al p\u00fablico<\/h2>\n\n\n\n<p class=\"wp-block-paragraph\">En la cuarta temporada, Starr ha buscado profundizar en las emociones complejas de Homelander, contrastando su crueldad con momentos de angustia personal, destacando episodios donde el personaje enfrenta su pasado. <strong>&#8220;Es como una sesi\u00f3n de terapia con muchas muertes&#8221;, comenta el actor sobre el episodio Wisdom of the Ages, donde el personaje regresa a un laboratorio secreto que informa su infancia<\/strong>. Esta exploraci\u00f3n emocional tiene el prop\u00f3sito de humanizar a un personaje que, a menudo, es visto \u00fanicamente como un monstruo.<\/p>\n\n\n\n<figure class=\"wp-block-embed is-type-video is-provider-youtube wp-block-embed-youtube wp-embed-aspect-16-9 wp-has-aspect-ratio\"><div class=\"wp-block-embed__wrapper\">\n<iframe loading=\"lazy\" title=\"The Boys \u2013 Trailer Oficial | Amazon Prime Video\" width=\"840\" height=\"473\" src=\"https:\/\/www.youtube.com\/embed\/AD0qUhZpbfc?feature=oembed\" frameborder=\"0\" allow=\"accelerometer; autoplay; clipboard-write; encrypted-media; gyroscope; picture-in-picture; web-share\" referrerpolicy=\"strict-origin-when-cross-origin\" allowfullscreen><\/iframe>\n<\/div><\/figure>\n\n\n\n<p class=\"wp-block-paragraph\">La narrativa de The Boys ha estado marcada por un enfoque cr\u00edtico hacia la cultura contempor\u00e1nea, con comparaciones entre Homelander y figuras pol\u00edticas como Donald Trump, que se intensificaron en la cuarta temporada con representaciones que evocan eventos recientes. <strong>El creador de la serie, Eric Kripke, mencion\u00f3 que la serie act\u00faa como un &#8220;espejo distorsionado&#8221; de la cultural actual, buscando conectar con la realidad del espectador.<\/strong><\/p>\n\n\n\n<p class=\"wp-block-paragraph\">Con la confirmaci\u00f3n de que la quinta temporada ser\u00e1 la \u00faltima, Starr y el equipo creativo han comenzado a establecer los desarrollos finales para la historia. Seg\u00fan Kripke, <a href=\"https:\/\/www.softonic.com\/articulos\/primeras-imagenes-the-boys-temporada-5\">esta temporada se orienta hacia el desenlace<\/a>,<strong> donde se espera que los personajes, incluido Homelander, deban afrontar las consecuencias de sus elecciones. <\/strong>Mientras que la serie principal llegar\u00e1 a su fin, proyectos derivados como Gen V y una precuela titulada Vought Rising siguen en desarrollo.<\/p>\n\n\n<div class=\"sc-card-program\">\r\n  <div class=\"sc-card-program__body\">\r\n    <div class=\"sc-card-program__row clearfix\">\r\n      <div class=\"sc-card-program__col-logo\">\r\n        <img decoding=\"async\" class=\"sc-card-program__img\" src=\"https:\/\/images.sftcdn.net\/images\/t_app-icon-s\/p\/c162012f-3d10-436b-a6b5-fde423154d8c\/3464089414\/amazon-prime-video-download-amazon-prime-video.jpg\" alt=\"Amazon Prime Video\" width=\"100px\" height=\"100px\">\r\n      <\/div>\r\n      <div class=\"sc-card-program__col-title\">\r\n        <span class=\"sc-card-program__title\">Amazon Prime Video<\/span>\r\n        <a class=\"sc-card-program__button sc-card-program-internal\" href=\"https:\/\/amazon-prime-video.softonic.com\/\" target=\"_self\" rel=\"noopener noreferrer\">DESCARGAR<\/a>\r\n      <\/div>\r\n      <div class=\"sc-card-program__col-rating\">\r\n        <svg class=\"rating-score__content\" xmlns=\"http:\/\/www.w3.org\/2000\/svg\" version=\"1.1\" x=\"0\" y=\"0\" viewbox=\"0 0 50 50\" enable-background=\"new 0 0 50 50\" xml:space=\"preserve\"><path class=\"rating-score__background rating-score--good\" fill=\"none\" stroke-width=\"6\" stroke-miterlimit=\"10\" d=\"M40 40c8.3-8.3 8.3-21.7 0-30s-21.7-8.3-30 0 -8.3 21.7 0 30\"><\/path><path class=\"rating-score__value rating-score__value--0\" fill=\"none\" stroke-width=\"6\" stroke-dashoffset=\"0\" stroke-miterlimit=\"10\" d=\"M40 40c8.3-8.3 8.3-21.7 0-30s-21.7-8.3-30 0 -8.3 21.7 0 30\"><\/path><text class=\"rating-score__number\" content=\"\" text-anchor=\"middle\" transform=\"matrix(1 0 0 1 25 31.0837)\" data-auto=\"app-user-score\"><\/text><\/svg>\r\n      <\/div>\r\n    <\/div>\r\n    <div class=\"sc-card-program__row\">\r\n      <span class=\"sc-card-program__description\"><\/span>\r\n    <\/div>\r\n    <div class=\"sc-card-program__row\">\r\n      <img decoding=\"async\" class=\"sc-card-program__bigpic\" src=\"\" onerror=\"this.style.display='none'\">\r\n    <\/div>\r\n    <a class=\"sc-card-program__link track-link sc-card-program-internal\" href=\"https:\/\/amazon-prime-video.softonic.com\/\" target=\"_self\" rel=\"noopener noreferrer\"><\/a>\r\n  <\/div>\r\n<\/div>\n","protected":false},"excerpt":{"rendered":"<p>Anthony Starr, conocido por su interpretaci\u00f3n del villano Homelander en la exitosa serie The Boys, ha sorprendido a muchos al admitir que algunos fans han llegado a sentir empat\u00eda por su personaje, quien encarna comportamientos soci\u00f3patas y desprecio hacia aquellos que considera inferiores. En una reciente conversaci\u00f3n con Entertainment Weekly, Starr reflexion\u00f3 sobre la surrealista &hellip; <a href=\"https:\/\/cms-articles.softonic.io\/es\/si-crees-que-homelander-de-the-boys-es-un-heroe-su-actor-piensa-que-estas-muy-equivocado\/\" class=\"more-link\">Continue reading<span class=\"screen-reader-text\"> &#8220;Si crees que Homelander de The Boys es un h\u00e9roe su actor piensa que est\u00e1s muy equivocado&#8221;<\/span><\/a><\/p>\n","protected":false},"author":9318,"featured_media":355700,"comment_status":"closed","ping_status":"closed","sticky":false,"template":"","format":"standard","meta":{"footnotes":"","wpcf-pageviews":0},"categories":[9317],"tags":[20486,9568,15190,17738,17735,11758,17737,20487],"usertag":[],"vertical":[],"content-category":[14557],"class_list":["post-355692","post","type-post","status-publish","format-standard","has-post-thumbnail","hentry","category-news","tag-anthony-starr","tag-donald-trump","tag-eric-kripke","tag-gen-v","tag-homelander","tag-the-boys","tag-vought-rising","tag-wisdom-of-the-ages","content-category-streaming-videos"],"aioseo_notices":[],"_links":{"self":[{"href":"https:\/\/cms-articles.softonic.io\/es\/wp-json\/wp\/v2\/posts\/355692","targetHints":{"allow":["GET"]}}],"collection":[{"href":"https:\/\/cms-articles.softonic.io\/es\/wp-json\/wp\/v2\/posts"}],"about":[{"href":"https:\/\/cms-articles.softonic.io\/es\/wp-json\/wp\/v2\/types\/post"}],"author":[{"embeddable":true,"href":"https:\/\/cms-articles.softonic.io\/es\/wp-json\/wp\/v2\/users\/9318"}],"replies":[{"embeddable":true,"href":"https:\/\/cms-articles.softonic.io\/es\/wp-json\/wp\/v2\/comments?post=355692"}],"version-history":[{"count":2,"href":"https:\/\/cms-articles.softonic.io\/es\/wp-json\/wp\/v2\/posts\/355692\/revisions"}],"predecessor-version":[{"id":355733,"href":"https:\/\/cms-articles.softonic.io\/es\/wp-json\/wp\/v2\/posts\/355692\/revisions\/355733"}],"wp:featuredmedia":[{"embeddable":true,"href":"https:\/\/cms-articles.softonic.io\/es\/wp-json\/wp\/v2\/media\/355700"}],"wp:attachment":[{"href":"https:\/\/cms-articles.softonic.io\/es\/wp-json\/wp\/v2\/media?parent=355692"}],"wp:term":[{"taxonomy":"category","embeddable":true,"href":"https:\/\/cms-articles.softonic.io\/es\/wp-json\/wp\/v2\/categories?post=355692"},{"taxonomy":"post_tag","embeddable":true,"href":"https:\/\/cms-articles.softonic.io\/es\/wp-json\/wp\/v2\/tags?post=355692"},{"taxonomy":"usertag","embeddable":true,"href":"https:\/\/cms-articles.softonic.io\/es\/wp-json\/wp\/v2\/usertag?post=355692"},{"taxonomy":"vertical","embeddable":true,"href":"https:\/\/cms-articles.softonic.io\/es\/wp-json\/wp\/v2\/vertical?post=355692"},{"taxonomy":"content-category","embeddable":true,"href":"https:\/\/cms-articles.softonic.io\/es\/wp-json\/wp\/v2\/content-category?post=355692"}],"curies":[{"name":"wp","href":"https:\/\/api.w.org\/{rel}","templated":true}]}}