{"id":387891,"date":"2025-06-25T12:45:00","date_gmt":"2025-06-25T10:45:00","guid":{"rendered":"https:\/\/cms-articles.softonic.io\/es\/?p=387891"},"modified":"2025-06-25T14:54:12","modified_gmt":"2025-06-25T12:54:12","slug":"el-director-de-thunderbolts-niega-estar-trabajando-en-la-pelicula-mas-esperada-del-mcu","status":"publish","type":"post","link":"https:\/\/cms-articles.softonic.io\/es\/el-director-de-thunderbolts-niega-estar-trabajando-en-la-pelicula-mas-esperada-del-mcu\/","title":{"rendered":"El director de Thunderbolts niega estar trabajando en la pel\u00edcula m\u00e1s esperada del MCU"},"content":{"rendered":"\n<p>Jake Schreier, <a href=\"https:\/\/www.softonic.com\/articulos\/todas-peliculas-x-men-ordenadas\">considerado como la principal opci\u00f3n para dirigir el reboot de la saga X-Men de Marvel<\/a>, ha negado tener una confirmaci\u00f3n oficial sobre su participaci\u00f3n en el proyecto. <strong>Durante el Festival de Cine Mediterr\u00e1neo en Malta, Schreier indic\u00f3 que, si bien tiene pensamientos claros acerca de c\u00f3mo abordar cualquier posible direcci\u00f3n, el enfoque siempre comienza desde los personajes y la colaboraci\u00f3n con grandes escritores<\/strong>. &#8220;Eso es tanto como puedo decir&#8221;, a\u00f1adi\u00f3.<\/p>\n\n\n\n<h2 class=\"wp-block-heading\">Muchos rumores, ninguna confirmaci\u00f3n<\/h2>\n\n\n\n<p>Schreier ha ganado notoriedad en el universo cinematogr\u00e1fico de Marvel gracias a su trabajo en Thunderbolts, una pel\u00edcula que, aunque no tuvo un gran \u00e9xito en taquilla, fue elogiada por su enfoque en los personajes y su estilo de realizaci\u00f3n. <strong>Bob Iger, CEO de Disney, coment\u00f3 que Thunderbolts es un ejemplo clave de c\u00f3mo Marvel est\u00e1 reevaluando su enfoque, priorizando la calidad sobre la cantidad en sus producciones<\/strong>. &#8220;Con el tiempo, hemos aprendido que la cantidad no necesariamente garantiza calidad&#8221;, expres\u00f3 Iger, subrayando que han perdido enfoque por producir en exceso.<\/p>\n\n\n\n<figure class=\"wp-block-embed is-type-video is-provider-youtube wp-block-embed-youtube wp-embed-aspect-16-9 wp-has-aspect-ratio\"><div class=\"wp-block-embed__wrapper\">\n<iframe loading=\"lazy\" title=\"Thunderbolts* de Marvel Studios | Nuevo Tr\u00e1iler Oficial  | HD\" width=\"840\" height=\"473\" src=\"https:\/\/www.youtube.com\/embed\/w7ovxH7MGes?start=1&#038;feature=oembed\" frameborder=\"0\" allow=\"accelerometer; autoplay; clipboard-write; encrypted-media; gyroscope; picture-in-picture; web-share\" referrerpolicy=\"strict-origin-when-cross-origin\" allowfullscreen><\/iframe>\n<\/div><\/figure>\n\n\n\n<p>Sin embargo, la situaci\u00f3n se complica por una reciente declaraci\u00f3n del director de Black Panther, Ryan Coogler, quien, en una entrevista, mencion\u00f3 que &#8220;Jake [Schreier] est\u00e1 dirigiendo eso&#8221;, refiri\u00e9ndose al reboot de X-Men. <strong>Esta afirmaci\u00f3n contradice la negaci\u00f3n de Schreier y sugiere que podr\u00eda haber una confirmaci\u00f3n oficial no revelada por parte de Marvel, lo cual ha sido corroborado por informes de Gizmodo.<\/strong><\/p>\n\n\n\n<p>Mientras tanto, el pr\u00f3ximo lanzamiento significativo de Marvel ser\u00e1 The Fantastic Four: First Steps, programado para el 25 de julio. <strong>Este filme se espera sea un punto de inflexi\u00f3n para el Universo Cinematogr\u00e1fico de Marvel, a medida que se prepara para la culminaci\u00f3n de la saga del Multiverso con Avengers: Doomsday y Avengers: Secret Wars.<\/strong><\/p>\n\n\n<div class=\"sc-card-program\">\r\n  <div class=\"sc-card-program__body\">\r\n    <div class=\"sc-card-program__row clearfix\">\r\n      <div class=\"sc-card-program__col-logo\">\r\n        <img decoding=\"async\" class=\"sc-card-program__img\" src=\"https:\/\/images.sftcdn.net\/images\/t_app-icon-s\/p\/246b1fd4-6164-4c6f-9318-27e1cb587dc6\/489019137\/disney-plus-logo\" alt=\"Disney+\" width=\"100px\" height=\"100px\">\r\n      <\/div>\r\n      <div class=\"sc-card-program__col-title\">\r\n        <span class=\"sc-card-program__title\">Disney+<\/span>\r\n        <a class=\"sc-card-program__button sc-card-program-internal\" href=\"https:\/\/disney-plus.softonic.com\/iphone\" target=\"_self\" rel=\"noopener noreferrer\">DESCARGAR<\/a>\r\n      <\/div>\r\n      <div class=\"sc-card-program__col-rating\">\r\n        <svg class=\"rating-score__content\" xmlns=\"http:\/\/www.w3.org\/2000\/svg\" version=\"1.1\" x=\"0\" y=\"0\" viewbox=\"0 0 50 50\" enable-background=\"new 0 0 50 50\" xml:space=\"preserve\"><path class=\"rating-score__background rating-score--good\" fill=\"none\" stroke-width=\"6\" stroke-miterlimit=\"10\" d=\"M40 40c8.3-8.3 8.3-21.7 0-30s-21.7-8.3-30 0 -8.3 21.7 0 30\"><\/path><path class=\"rating-score__value rating-score__value--0\" fill=\"none\" stroke-width=\"6\" stroke-dashoffset=\"0\" stroke-miterlimit=\"10\" d=\"M40 40c8.3-8.3 8.3-21.7 0-30s-21.7-8.3-30 0 -8.3 21.7 0 30\"><\/path><text class=\"rating-score__number\" content=\"\" text-anchor=\"middle\" transform=\"matrix(1 0 0 1 25 31.0837)\" data-auto=\"app-user-score\"><\/text><\/svg>\r\n      <\/div>\r\n    <\/div>\r\n    <div class=\"sc-card-program__row\">\r\n      <span class=\"sc-card-program__description\"><\/span>\r\n    <\/div>\r\n    <div class=\"sc-card-program__row\">\r\n      <img decoding=\"async\" class=\"sc-card-program__bigpic\" src=\"\" onerror=\"this.style.display='none'\">\r\n    <\/div>\r\n    <a class=\"sc-card-program__link track-link sc-card-program-internal\" href=\"https:\/\/disney-plus.softonic.com\/iphone\" target=\"_self\" rel=\"noopener noreferrer\"><\/a>\r\n  <\/div>\r\n<\/div>\n","protected":false},"excerpt":{"rendered":"<p>Jake Schreier, considerado como la principal opci\u00f3n para dirigir el reboot de la saga X-Men de Marvel, ha negado tener una confirmaci\u00f3n oficial sobre su participaci\u00f3n en el proyecto. Durante el Festival de Cine Mediterr\u00e1neo en Malta, Schreier indic\u00f3 que, si bien tiene pensamientos claros acerca de c\u00f3mo abordar cualquier posible direcci\u00f3n, el enfoque siempre &hellip; <a href=\"https:\/\/cms-articles.softonic.io\/es\/el-director-de-thunderbolts-niega-estar-trabajando-en-la-pelicula-mas-esperada-del-mcu\/\" class=\"more-link\">Continue reading<span class=\"screen-reader-text\"> &#8220;El director de Thunderbolts niega estar trabajando en la pel\u00edcula m\u00e1s esperada del MCU&#8221;<\/span><\/a><\/p>\n","protected":false},"author":9318,"featured_media":387906,"comment_status":"closed","ping_status":"closed","sticky":false,"template":"","format":"standard","meta":{"footnotes":"","wpcf-pageviews":0},"categories":[9317],"tags":[17543,17544,16696,17173,9443,15142,12098,17176,15835,13115],"usertag":[],"vertical":[],"content-category":[14557],"class_list":["post-387891","post","type-post","status-publish","format-standard","has-post-thumbnail","hentry","category-news","tag-avengers-doomsday","tag-avengers-secret-wars","tag-black-panther","tag-jake-schreier","tag-marvel","tag-mcu","tag-reboot","tag-the-fantastic-four-first-steps","tag-thunderbolts","tag-x-men","content-category-streaming-videos"],"aioseo_notices":[],"_links":{"self":[{"href":"https:\/\/cms-articles.softonic.io\/es\/wp-json\/wp\/v2\/posts\/387891","targetHints":{"allow":["GET"]}}],"collection":[{"href":"https:\/\/cms-articles.softonic.io\/es\/wp-json\/wp\/v2\/posts"}],"about":[{"href":"https:\/\/cms-articles.softonic.io\/es\/wp-json\/wp\/v2\/types\/post"}],"author":[{"embeddable":true,"href":"https:\/\/cms-articles.softonic.io\/es\/wp-json\/wp\/v2\/users\/9318"}],"replies":[{"embeddable":true,"href":"https:\/\/cms-articles.softonic.io\/es\/wp-json\/wp\/v2\/comments?post=387891"}],"version-history":[{"count":2,"href":"https:\/\/cms-articles.softonic.io\/es\/wp-json\/wp\/v2\/posts\/387891\/revisions"}],"predecessor-version":[{"id":387924,"href":"https:\/\/cms-articles.softonic.io\/es\/wp-json\/wp\/v2\/posts\/387891\/revisions\/387924"}],"wp:featuredmedia":[{"embeddable":true,"href":"https:\/\/cms-articles.softonic.io\/es\/wp-json\/wp\/v2\/media\/387906"}],"wp:attachment":[{"href":"https:\/\/cms-articles.softonic.io\/es\/wp-json\/wp\/v2\/media?parent=387891"}],"wp:term":[{"taxonomy":"category","embeddable":true,"href":"https:\/\/cms-articles.softonic.io\/es\/wp-json\/wp\/v2\/categories?post=387891"},{"taxonomy":"post_tag","embeddable":true,"href":"https:\/\/cms-articles.softonic.io\/es\/wp-json\/wp\/v2\/tags?post=387891"},{"taxonomy":"usertag","embeddable":true,"href":"https:\/\/cms-articles.softonic.io\/es\/wp-json\/wp\/v2\/usertag?post=387891"},{"taxonomy":"vertical","embeddable":true,"href":"https:\/\/cms-articles.softonic.io\/es\/wp-json\/wp\/v2\/vertical?post=387891"},{"taxonomy":"content-category","embeddable":true,"href":"https:\/\/cms-articles.softonic.io\/es\/wp-json\/wp\/v2\/content-category?post=387891"}],"curies":[{"name":"wp","href":"https:\/\/api.w.org\/{rel}","templated":true}]}}