{"id":388275,"date":"2025-06-30T13:10:00","date_gmt":"2025-06-30T11:10:00","guid":{"rendered":"https:\/\/cms-articles.softonic.io\/es\/?p=388275"},"modified":"2025-07-01T08:29:18","modified_gmt":"2025-07-01T06:29:18","slug":"miercoles-confirma-su-fecha-de-estreno-con-un-lanzamiento-en-dos-partes","status":"publish","type":"post","link":"https:\/\/cms-articles.softonic.io\/es\/miercoles-confirma-su-fecha-de-estreno-con-un-lanzamiento-en-dos-partes\/","title":{"rendered":"Mi\u00e9rcoles confirma su fecha de estreno, con un lanzamiento en dos partes"},"content":{"rendered":"\n<p class=\"wp-block-paragraph\">La exitosa serie Mi\u00e9rcoles, creada por Tim Burton y protagonizada por Jenna Ortega, se ha consagrado como la m\u00e1s vista en la historia de Netflix, acumulando 252 millones de visualizaciones desde su estreno en 2022. <strong>Este impresionante logro ha llevado a Netflix a confirmar una segunda temporada, cuyo lanzamiento se ha anunciado en dos partes, un movimiento estrat\u00e9gico reservado para sus t\u00edtulos m\u00e1s destacados.<\/strong><\/p>\n\n\n\n<h2 class=\"wp-block-heading\">Dos tandas de cuatro episodios para dejarnos con dientes largos<\/h2>\n\n\n\n<p class=\"wp-block-paragraph\"><a href=\"https:\/\/www.softonic.com\/articulos\/asi-puedes-ver-ya-la-nueva-temporada-de-miercoles\">La tan esperada nueva entrega de Mi\u00e9rcoles comenzar\u00e1 con la llegada de los primeros cuatro episodios el 6 de agosto, mientras que los cuatro restantes se estrenar\u00e1n el 3 de septiembre<\/a>. <strong>En esta segunda temporada, la protagonista regresa a la Academia Nevermore, donde enfrentar\u00e1 una serie de nuevos retos, profundizando en un nuevo misterio sobrenatural<\/strong>. Los personajes favoritos de los aficionados, como Enid Sinclair, interpretada por Emma Myers, y Bianca Barclay, de Joy Sunday, tambi\u00e9n regresar\u00e1n, acompa\u00f1ando a Mi\u00e9rcoles en esta oscura aventura.<\/p>\n\n\n\n<figure class=\"wp-block-embed is-type-video is-provider-youtube wp-block-embed-youtube wp-embed-aspect-16-9 wp-has-aspect-ratio\"><div class=\"wp-block-embed__wrapper\">\n<iframe loading=\"lazy\" title=\"Mi\u00e9rcoles: Temporada 2 | Avance oficial | Netflix\" width=\"840\" height=\"473\" src=\"https:\/\/www.youtube.com\/embed\/CUdG9LcK39s?feature=oembed\" frameborder=\"0\" allow=\"accelerometer; autoplay; clipboard-write; encrypted-media; gyroscope; picture-in-picture; web-share\" referrerpolicy=\"strict-origin-when-cross-origin\" allowfullscreen><\/iframe>\n<\/div><\/figure>\n\n\n\n<p class=\"wp-block-paragraph\">Adem\u00e1s, se ha confirmado que Pugsley, interpretado por Isaac Ordonez, jugar\u00e1 un papel m\u00e1s significativo en esta entrega. La familia Addams, rica en peculiaridades, tendr\u00e1 un mayor protagonismo en la trama. <strong>En un giro inesperado, el nuevo director de la Academia ser\u00e1 interpretado por el reconocido actor Steve Buscemi<\/strong>. Pero quiz\u00e1s la incorporaci\u00f3n m\u00e1s impactante es la de la estrella mundial Lady Gaga, quien se unir\u00e1 al elenco como la profesora Rosaline Rotwood, lo que promete intensificar el atractivo de la serie.<\/p>\n\n\n\n<p class=\"wp-block-paragraph\">Con este regreso, <strong>Mi\u00e9rcoles asegura mantener su estatus como un fen\u00f3meno cultural, continuando con la mezcla de humor oscuro y misterio que ha cautivado a millones de espectadores<\/strong>. Las expectativas son altas y la tensi\u00f3n se palpita mientras los fan\u00e1ticos esperan con ansias el regreso de la peculiar hija de la familia Addams.<\/p>\n\n\n<div class=\"sc-card-program\">\r\n  <div class=\"sc-card-program__body\">\r\n    <div class=\"sc-card-program__row clearfix\">\r\n      <div class=\"sc-card-program__col-logo\">\r\n        <img decoding=\"async\" class=\"sc-card-program__img\" src=\"https:\/\/images.sftcdn.net\/images\/t_app-icon-s\/p\/bb71af8a-96bf-11e6-8279-00163ec9f5fa\/1690710143\/netflix-Download-Netflix.jpg\" alt=\"Netflix\" width=\"100px\" height=\"100px\">\r\n      <\/div>\r\n      <div class=\"sc-card-program__col-title\">\r\n        <span class=\"sc-card-program__title\">Netflix<\/span>\r\n        <a class=\"sc-card-program__button sc-card-program-internal\" href=\"https:\/\/netflix.softonic.com\" target=\"_self\" rel=\"noopener noreferrer\">DESCARGAR<\/a>\r\n      <\/div>\r\n      <div class=\"sc-card-program__col-rating\">\r\n        <svg class=\"rating-score__content\" xmlns=\"http:\/\/www.w3.org\/2000\/svg\" version=\"1.1\" x=\"0\" y=\"0\" viewbox=\"0 0 50 50\" enable-background=\"new 0 0 50 50\" xml:space=\"preserve\"><path class=\"rating-score__background rating-score--good\" fill=\"none\" stroke-width=\"6\" stroke-miterlimit=\"10\" d=\"M40 40c8.3-8.3 8.3-21.7 0-30s-21.7-8.3-30 0 -8.3 21.7 0 30\"><\/path><path class=\"rating-score__value rating-score__value--0\" fill=\"none\" stroke-width=\"6\" stroke-dashoffset=\"0\" stroke-miterlimit=\"10\" d=\"M40 40c8.3-8.3 8.3-21.7 0-30s-21.7-8.3-30 0 -8.3 21.7 0 30\"><\/path><text class=\"rating-score__number\" content=\"\" text-anchor=\"middle\" transform=\"matrix(1 0 0 1 25 31.0837)\" data-auto=\"app-user-score\"><\/text><\/svg>\r\n      <\/div>\r\n    <\/div>\r\n    <div class=\"sc-card-program__row\">\r\n      <span class=\"sc-card-program__description\"><\/span>\r\n    <\/div>\r\n    <div class=\"sc-card-program__row\">\r\n      <img decoding=\"async\" class=\"sc-card-program__bigpic\" src=\"\" onerror=\"this.style.display='none'\">\r\n    <\/div>\r\n    <a class=\"sc-card-program__link track-link sc-card-program-internal\" href=\"https:\/\/netflix.softonic.com\" target=\"_self\" rel=\"noopener noreferrer\"><\/a>\r\n  <\/div>\r\n<\/div>\n","protected":false},"excerpt":{"rendered":"<p>La exitosa serie Mi\u00e9rcoles, creada por Tim Burton y protagonizada por Jenna Ortega, se ha consagrado como la m\u00e1s vista en la historia de Netflix, acumulando 252 millones de visualizaciones desde su estreno en 2022. Este impresionante logro ha llevado a Netflix a confirmar una segunda temporada, cuyo lanzamiento se ha anunciado en dos partes, &hellip; <a href=\"https:\/\/cms-articles.softonic.io\/es\/miercoles-confirma-su-fecha-de-estreno-con-un-lanzamiento-en-dos-partes\/\" class=\"more-link\">Continue reading<span class=\"screen-reader-text\"> &#8220;Mi\u00e9rcoles confirma su fecha de estreno, con un lanzamiento en dos partes&#8221;<\/span><\/a><\/p>\n","protected":false},"author":9318,"featured_media":388312,"comment_status":"closed","ping_status":"closed","sticky":false,"template":"","format":"standard","meta":{"footnotes":"","wpcf-pageviews":0},"categories":[9317],"tags":[22222,22221,22223,20605,20579,20608,18319],"usertag":[],"vertical":[],"content-category":[14557],"class_list":["post-388275","post","type-post","status-publish","format-standard","has-post-thumbnail","hentry","category-news","tag-bianca-barclay","tag-emma-myers","tag-isaac-ordonez","tag-jenna-ortega","tag-miercoles","tag-steve-buscemi","tag-tim-burton","content-category-streaming-videos"],"aioseo_notices":[],"_links":{"self":[{"href":"https:\/\/cms-articles.softonic.io\/es\/wp-json\/wp\/v2\/posts\/388275","targetHints":{"allow":["GET"]}}],"collection":[{"href":"https:\/\/cms-articles.softonic.io\/es\/wp-json\/wp\/v2\/posts"}],"about":[{"href":"https:\/\/cms-articles.softonic.io\/es\/wp-json\/wp\/v2\/types\/post"}],"author":[{"embeddable":true,"href":"https:\/\/cms-articles.softonic.io\/es\/wp-json\/wp\/v2\/users\/9318"}],"replies":[{"embeddable":true,"href":"https:\/\/cms-articles.softonic.io\/es\/wp-json\/wp\/v2\/comments?post=388275"}],"version-history":[{"count":2,"href":"https:\/\/cms-articles.softonic.io\/es\/wp-json\/wp\/v2\/posts\/388275\/revisions"}],"predecessor-version":[{"id":388330,"href":"https:\/\/cms-articles.softonic.io\/es\/wp-json\/wp\/v2\/posts\/388275\/revisions\/388330"}],"wp:featuredmedia":[{"embeddable":true,"href":"https:\/\/cms-articles.softonic.io\/es\/wp-json\/wp\/v2\/media\/388312"}],"wp:attachment":[{"href":"https:\/\/cms-articles.softonic.io\/es\/wp-json\/wp\/v2\/media?parent=388275"}],"wp:term":[{"taxonomy":"category","embeddable":true,"href":"https:\/\/cms-articles.softonic.io\/es\/wp-json\/wp\/v2\/categories?post=388275"},{"taxonomy":"post_tag","embeddable":true,"href":"https:\/\/cms-articles.softonic.io\/es\/wp-json\/wp\/v2\/tags?post=388275"},{"taxonomy":"usertag","embeddable":true,"href":"https:\/\/cms-articles.softonic.io\/es\/wp-json\/wp\/v2\/usertag?post=388275"},{"taxonomy":"vertical","embeddable":true,"href":"https:\/\/cms-articles.softonic.io\/es\/wp-json\/wp\/v2\/vertical?post=388275"},{"taxonomy":"content-category","embeddable":true,"href":"https:\/\/cms-articles.softonic.io\/es\/wp-json\/wp\/v2\/content-category?post=388275"}],"curies":[{"name":"wp","href":"https:\/\/api.w.org\/{rel}","templated":true}]}}